{"id":100885,"date":"2025-05-15T02:50:10","date_gmt":"2025-05-15T02:50:10","guid":{"rendered":"https:\/\/www.europesays.com\/fr\/100885\/"},"modified":"2025-05-15T02:50:10","modified_gmt":"2025-05-15T02:50:10","slug":"pres-des-10-tonnes-de-pate-a-tartiner-algerienne-el-mordjene-saisies-a-marseille","status":"publish","type":"post","link":"https:\/\/www.europesays.com\/fr\/100885\/","title":{"rendered":"Pr\u00e8s des 10\u00a0tonnes de p\u00e2te \u00e0 tartiner alg\u00e9rienne El-Mordjene saisies \u00e0 Marseille"},"content":{"rendered":"<p class=\"paragraph text_align_left\">Une saisie insolite des douaniers marseillais. Ces derniers ont mis la main sur 9,7 tonnes de la c\u00e9l\u00e8bre mais controvers\u00e9e p\u00e2te \u00e0 tartiner alg\u00e9rienne El-Mordjene fin mars sur le port de la ville, rapporte <a href=\"https:\/\/actu.fr\/provence-alpes-cote-d-azur\/marseille_13055\/info-actu-marseille-saisie-record-de-produits-interdits-d-algerie-decouverts-dans-ce-conteneur_62630651.html\" target=\"_blank\" rel=\"noreferrer nofollow noopener\">Actu.fr<\/a>. Au total, 15 300 pots \u00e9taient entass\u00e9s dans un conteneur.<\/p>\n<p class=\"paragraph text_align_left\"><a href=\"https:\/\/www.leparisien.fr\/economie\/el-mordjene-cinq-minutes-pour-comprendre-le-blocage-de-la-pate-a-tartiner-algerienne-en-france-17-09-2024-2CFBUB7GFBEX7JRTM665SBJP6M.php\" target=\"_blank\" rel=\"noreferrer nofollow noopener\">Cette p\u00e2te \u00e0 tartiner<\/a> dont le go\u00fbt rappelle celui du Kinder Bueno, est commercialis\u00e9e par la marque alg\u00e9rienne Cebon. Des influenceurs l\u2019ont remise au go\u00fbt du jour au cours de l\u2019\u00e9t\u00e9 2024 provoquant un v\u00e9ritable engouement pour les pots d\u2019El-Mordjene. Mais depuis septembre, l\u2019importation de cette marchandise est interdite en France et dans l\u2019Union europ\u00e9enne au motif que Cebon ne respecterait pas \u00ab les exigences europ\u00e9ennes en mati\u00e8re de sant\u00e9 animale et de s\u00e9curit\u00e9 sanitaire des aliments \u00bb.<\/p>\n<p class=\"paragraph text_align_left\">Selon nos confr\u00e8res, le produit fait d\u00e9sormais l\u2019objet d\u2019un trafic et se vend \u00e0 prix d\u2019or dans la cit\u00e9 phoc\u00e9enne, jusqu\u2019\u00e0 30 euros dans certaines \u00e9piceries.<\/p>\n<p>Des biscuits \u00e9galement saisis<\/p>\n<p class=\"paragraph text_align_left\">En plus des pots de p\u00e2te \u00e0 tartiner, les douanes ont \u00e9galement mis la main sur 3 550 pots de nappage et 1 560 cartons de biscuits interdits, qui \u00e9taient entrepos\u00e9s dans le m\u00eame conteneur.<\/p>\n<p class=\"lp-card-podcast-highlighting__title lp-f-subtitle-05\">L\u2019affaire Dominici\u00a0: les myst\u00e8res d\u2019un triple meurtre<\/p>\n<p class=\"lp-card-podcast-highlighting__description lp-f-ui-05\">Crime story raconte chaque semaine les grandes affaires criminelles.<\/p>\n<p><a class=\"lp-card-podcast-highlighting__call-to-action\" data-page-type=\"HP\" data-block-name=\"podcast-highlight\">\u00c9couter<\/a><\/p>\n<p class=\"paragraph text_align_left\">Aucun \u00e9l\u00e9ment \u00e0 ce stade ne permet d\u2019affirmer que la p\u00e2te \u00e0 tartiner El-Mordjene pr\u00e9sente un danger pour le consommateur. Son interdiction est li\u00e9e au fait que l\u2019Alg\u00e9rie n\u2019a pas apport\u00e9 les garanties n\u00e9cessaires \u00e0 la Commission europ\u00e9enne pour s\u2019assurer que ce type de marchandise est produit dans des conditions qui ne pr\u00e9sentent pas de danger pour la sant\u00e9 des consommateurs, ni pour la sant\u00e9 animale.<\/p>\n","protected":false},"excerpt":{"rendered":"Une saisie insolite des douaniers marseillais. Ces derniers ont mis la main sur 9,7 tonnes de la c\u00e9l\u00e8bre&hellip;\n","protected":false},"author":2,"featured_media":100886,"comment_status":"","ping_status":"","sticky":false,"template":"","format":"standard","meta":{"footnotes":""},"categories":[2814],"tags":[1111,11,459,1777,674,118,1011,27,884,12,882,25],"class_list":{"0":"post-100885","1":"post","2":"type-post","3":"status-publish","4":"format-standard","5":"has-post-thumbnail","7":"category-marseille","8":"tag-actu","9":"tag-actualites","10":"tag-departements-horsidfo","11":"tag-eu","12":"tag-europe","13":"tag-faits-divers","14":"tag-fr","15":"tag-france","16":"tag-marseille","17":"tag-news","18":"tag-provence-alpes-cote-dazur","19":"tag-republique-francaise"},"share_on_mastodon":{"url":"https:\/\/pubeurope.com\/@fr\/114509580005674657","error":""},"_links":{"self":[{"href":"https:\/\/www.europesays.com\/fr\/wp-json\/wp\/v2\/posts\/100885","targetHints":{"allow":["GET"]}}],"collection":[{"href":"https:\/\/www.europesays.com\/fr\/wp-json\/wp\/v2\/posts"}],"about":[{"href":"https:\/\/www.europesays.com\/fr\/wp-json\/wp\/v2\/types\/post"}],"author":[{"embeddable":true,"href":"https:\/\/www.europesays.com\/fr\/wp-json\/wp\/v2\/users\/2"}],"replies":[{"embeddable":true,"href":"https:\/\/www.europesays.com\/fr\/wp-json\/wp\/v2\/comments?post=100885"}],"version-history":[{"count":0,"href":"https:\/\/www.europesays.com\/fr\/wp-json\/wp\/v2\/posts\/100885\/revisions"}],"wp:featuredmedia":[{"embeddable":true,"href":"https:\/\/www.europesays.com\/fr\/wp-json\/wp\/v2\/media\/100886"}],"wp:attachment":[{"href":"https:\/\/www.europesays.com\/fr\/wp-json\/wp\/v2\/media?parent=100885"}],"wp:term":[{"taxonomy":"category","embeddable":true,"href":"https:\/\/www.europesays.com\/fr\/wp-json\/wp\/v2\/categories?post=100885"},{"taxonomy":"post_tag","embeddable":true,"href":"https:\/\/www.europesays.com\/fr\/wp-json\/wp\/v2\/tags?post=100885"}],"curies":[{"name":"wp","href":"https:\/\/api.w.org\/{rel}","templated":true}]}}