{"id":100887,"date":"2025-05-15T02:51:12","date_gmt":"2025-05-15T02:51:12","guid":{"rendered":"https:\/\/www.europesays.com\/fr\/100887\/"},"modified":"2025-05-15T02:51:12","modified_gmt":"2025-05-15T02:51:12","slug":"propos-complotistes-predicateurs-salafistes-un-salon-prevu-ce-week-end-interdit-pres-de-lyon","status":"publish","type":"post","link":"https:\/\/www.europesays.com\/fr\/100887\/","title":{"rendered":"\u00ab\u00a0Propos complotistes\u00a0\u00bb, pr\u00e9dicateurs salafistes\u2026 Un salon pr\u00e9vu ce week-end interdit pr\u00e8s de Lyon"},"content":{"rendered":"<p>Le <a href=\"https:\/\/www.20minutes.fr\/dossier\/salon\" class=\"color-ultramarine c-link\" target=\"_blank\" rel=\"noopener\">salon<\/a> religieux Aux Sources, pr\u00e9vu les 17 et 18\u00a0mai \u00e0 <a href=\"https:\/\/www.20minutes.fr\/dossier\/meyzieu\" class=\"color-ultramarine c-link\" target=\"_blank\" rel=\"noopener\">Meyzieu<\/a>, pr\u00e8s de <a href=\"https:\/\/www.20minutes.fr\/lyon\/\" class=\"color-ultramarine c-link\" target=\"_blank\" rel=\"noopener\">Lyon<\/a>, ne se tiendra pas. C\u2019est ce qu\u2019a annonc\u00e9 mardi soir le <a href=\"https:\/\/www.20minutes.fr\/dossier\/maire\" class=\"color-ultramarine c-link\" target=\"_blank\" rel=\"noopener\">maire<\/a> divers droite, Christophe Quiniou. Motif\u00a0: la pr\u00e9sence d\u2019intervenants jug\u00e9s radicaux, dont le pr\u00e9dicateur salafiste Vincent Souleymane, selon <a href=\"https:\/\/c.leprogres.fr\/politique\/2025\/05\/13\/propos-complotistes-atteintes-a-la-dignite-humaine-le-maire-de-meyzieu-interdit-un-salon-prevu-ce-week-end\" target=\"_blank\" class=\"color-ultramarine c-link\" rel=\"noopener\">Le Progr\u00e8s<\/a>.<\/p>\n<p>L\u2019\u00e9lu dit avoir \u00ab\u00a0les \u00e9l\u00e9ments n\u00e9cessaires\u00a0\u00bb pour emp\u00eacher l\u2019\u00e9v\u00e9nement, pr\u00e9vu dans une salle priv\u00e9e de la commune. Il d\u00e9nonce la venue d\u2019orateurs \u00ab\u00a0notoirement connus pour leurs prises de position radicale\u00a0\u00bb, pointant notamment \u00ab\u00a0des propos complotistes, une remise en cause de l\u2019\u00e9galit\u00e9 femmes-hommes, des atteintes \u00e0 la dignit\u00e9 humaine\u00a0\u00bb. Et d\u2019ass\u00e9ner\u00a0: \u00ab\u00a0Ces discours n\u2019ont pas leur place sur notre territoire.\u00a0\u00bb<\/p>\n<p>Un \u00ab\u00a0risque de d\u00e9bordements et de violences\u00a0\u00bb<\/p>\n<p>La pr\u00e9fecture du Rh\u00f4ne \u00e9voque \u00e9galement des risques de troubles \u00e0 l\u2019ordre public. Selon ses services, plusieurs conf\u00e9renciers annonc\u00e9s sont \u00ab\u00a0proches des fr\u00e8res musulmans\u00a0\u00bb, comme Vincent Souleymane et Yussuf Ibram. Le premier, indique la pr\u00e9fecture, \u00ab\u00a0affiche r\u00e9guli\u00e8rement son rejet de \u201cl\u2019islamophobie d\u2019\u00c9tat\u201d, du \u201csionisme\u201d et des mouvements f\u00e9ministes ou LGBT\u00a0\u00bb. Sa venue pourrait \u00ab\u00a0provoquer un risque de d\u00e9bordements et de violences\u00a0\u00bb.<\/p>\n<p>Quant \u00e0 Yussuf Ibram, il s\u2019est notamment \u00ab\u00a0fait conna\u00eetre en Suisse pour avoir l\u00e9gitim\u00e9 la lapidation des femmes adult\u00e8res, condamn\u00e9 le port de v\u00eatements l\u00e9gers pour les femmes ou encore partag\u00e9 ses doutes sur la possibilit\u00e9 pour les femmes vierges de faire du v\u00e9lo\u00a0\u00bb.<\/p>\n<blockquote class=\"twitter-tweet\" align=\"center\" data-lang=\"fr_FR\">\n<p lang=\"fr\" dir=\"ltr\">Contrairement aux propos tenus par <a href=\"https:\/\/twitter.com\/Tiffany_Joncour?ref_src=twsrc%5Etfw\" target=\"_blank\" rel=\"noopener\">@Tiffany_Joncour<\/a>, la pr\u00e9fecture du Rh\u00f4ne est en premi\u00e8re ligne pour lutter contre l\u2019islamisme radical et le fr\u00e9ro-salafisme \u00e0 tous les niveaux.<\/p>\n<p>Les services de l\u2019Etat n\u2019ont pas attendu Madame la d\u00e9put\u00e9e pour interdire, dans le Rh\u00f4ne, les\u2026 <a href=\"https:\/\/t.co\/f8vH2TGOBx\">https:\/\/t.co\/f8vH2TGOBx<\/a><\/p>\n<p>\u2014 Pr\u00e9f\u00e8te de r\u00e9gion Auvergne-Rh\u00f4ne-Alpes et du Rh\u00f4ne (@prefetrhone) <a href=\"https:\/\/twitter.com\/prefetrhone\/status\/1922340225499398591?ref_src=twsrc%5Etfw\" target=\"_blank\" rel=\"noopener\">May 13, 2025<\/a><\/p><\/blockquote>\n<p class=\"mb-m@xs text-l@xs\">En cliquant sur\u00ab J\u2019accepte \u00bb, vous acceptez le d\u00e9p\u00f4t de cookies par des services externes et aurez ainsi acc\u00e8s aux contenus de nos partenaires.<\/p>\n<p class=\"mb-xl@xs text-s@xs\">Plus d\u2019informations sur la page<a href=\"https:\/\/www.20minutes.fr\/gestion-cookies\" class=\"mx-xxs@xs color-ultramarine\" target=\"_blank\" rel=\"noopener\">Politique de gestion des cookies<\/a><\/p>\n<p>J\u2019accepte<\/p>\n<p>La pol\u00e9mique avait \u00e9t\u00e9 lanc\u00e9e il y a deux semaines par Tiffany Joncour, d\u00e9put\u00e9e RN de la 13e circonscription du Rh\u00f4ne. Ce mardi, elle a interpell\u00e9 le gouvernement sur le sujet lors des Questions au gouvernement. \u00ab\u00a0Le minist\u00e8re de l\u2019Int\u00e9rieur a reconnu qu\u2019il s\u2019agissait d\u2019un sujet s\u00e9rieux et qu\u2019il devait s\u2019en occuper\u00a0\u00bb, se f\u00e9licite-t-elle.<\/p>\n<p><script async src=\"https:\/\/platform.twitter.com\/widgets.js\" charset=\"utf-8\"><\/script><\/p>\n","protected":false},"excerpt":{"rendered":"Le salon religieux Aux Sources, pr\u00e9vu les 17 et 18\u00a0mai \u00e0 Meyzieu, pr\u00e8s de Lyon, ne se tiendra&hellip;\n","protected":false},"author":2,"featured_media":100888,"comment_status":"","ping_status":"","sticky":false,"template":"","format":"standard","meta":{"footnotes":""},"categories":[1889],"tags":[1111,11,2430,1777,674,1011,27,2428,5107,12497,1014,12,8916,1306,25,2429,2431,3067],"class_list":{"0":"post-100887","1":"post","2":"type-post","3":"status-publish","4":"format-standard","5":"has-post-thumbnail","7":"category-lyon","8":"tag-actu","9":"tag-actualites","10":"tag-auvergne-rhone-alpes","11":"tag-eu","12":"tag-europe","13":"tag-fr","14":"tag-france","15":"tag-lyon","16":"tag-maire","17":"tag-meyzieu","18":"tag-ministere-de-linterieur","19":"tag-news","20":"tag-prefecture","21":"tag-regions","22":"tag-republique-francaise","23":"tag-rhone","24":"tag-rhone-alpes","25":"tag-suisse"},"share_on_mastodon":{"url":"https:\/\/pubeurope.com\/@fr\/114509583734208531","error":""},"_links":{"self":[{"href":"https:\/\/www.europesays.com\/fr\/wp-json\/wp\/v2\/posts\/100887","targetHints":{"allow":["GET"]}}],"collection":[{"href":"https:\/\/www.europesays.com\/fr\/wp-json\/wp\/v2\/posts"}],"about":[{"href":"https:\/\/www.europesays.com\/fr\/wp-json\/wp\/v2\/types\/post"}],"author":[{"embeddable":true,"href":"https:\/\/www.europesays.com\/fr\/wp-json\/wp\/v2\/users\/2"}],"replies":[{"embeddable":true,"href":"https:\/\/www.europesays.com\/fr\/wp-json\/wp\/v2\/comments?post=100887"}],"version-history":[{"count":0,"href":"https:\/\/www.europesays.com\/fr\/wp-json\/wp\/v2\/posts\/100887\/revisions"}],"wp:featuredmedia":[{"embeddable":true,"href":"https:\/\/www.europesays.com\/fr\/wp-json\/wp\/v2\/media\/100888"}],"wp:attachment":[{"href":"https:\/\/www.europesays.com\/fr\/wp-json\/wp\/v2\/media?parent=100887"}],"wp:term":[{"taxonomy":"category","embeddable":true,"href":"https:\/\/www.europesays.com\/fr\/wp-json\/wp\/v2\/categories?post=100887"},{"taxonomy":"post_tag","embeddable":true,"href":"https:\/\/www.europesays.com\/fr\/wp-json\/wp\/v2\/tags?post=100887"}],"curies":[{"name":"wp","href":"https:\/\/api.w.org\/{rel}","templated":true}]}}