{"id":1008935,"date":"2026-06-18T20:00:15","date_gmt":"2026-06-18T20:00:15","guid":{"rendered":"https:\/\/www.europesays.com\/fr\/1008935\/"},"modified":"2026-06-18T20:00:15","modified_gmt":"2026-06-18T20:00:15","slug":"jai-perdu-melanie-a-cause-de-ca-greg-yega-raconte-son-braquage-a-marseille-face-a-la-cour-criminelle","status":"publish","type":"post","link":"https:\/\/www.europesays.com\/fr\/1008935\/","title":{"rendered":"\u00ab\u00a0J&rsquo;ai perdu M\u00e9lanie \u00e0 cause de \u00e7a\u00a0\u00bb : Greg Yega raconte son braquage \u00e0 Marseille face \u00e0 la cour criminelle"},"content":{"rendered":"<p>\u00ab\u00a0Je dormais \u00e0 poings ferm\u00e9s et d\u2019un coup, je me rends compte qu\u2019il y a un mec encagoul\u00e9 au bout de mon lit qui est\u00a0en train de me braquer et me dit &lsquo;Greg, ne bouge pas, elle est o\u00f9 ta montre\u00a0?'\u00a0\u00bb<\/p>\n<p>Crini\u00e8re peroxyd\u00e9e, teint h\u00e2l\u00e9 et tenue noire soign\u00e9e, Gregory Yeghiazarian, 32\u00a0ans, s\u2019agite dans un d\u00e9cor qui tranche avec celui de la t\u00e9l\u00e9-r\u00e9alit\u00e9, nonobstant la temp\u00e9rature tropicale qui r\u00e8gne dans la salle d\u2019audience, hier\u00a0\u00e0 Aix. La star de l\u2019\u00e9mission \u00ab\u00a0Les Marseillais\u00a0\u00bb, alias Greg Yega ou \u00ab\u00a0Bebew\u00a0\u00bb, raconte le braquage dont il a \u00e9t\u00e9 victime avec son ex-compagne, chez lui, \u00e0 Marseille, le<a href=\"https:\/\/www.google.com\/search?q=greg+yega+Orl+braqu%C3%A9&amp;oq=greg+yega+Orl+braqu%C3%A9&amp;gs_lcrp=EgZjaHJvbWUyBggAEEUYOTIHCAEQIRigAdIBCDU5ODBqMGo5qAIGsAIB8QX5iI4F-0t4fQ&amp;sourceid=chrome&amp;ie=UTF-8\" target=\"_blank\" rel=\"nofollow noopener\"> matin du 28\u00a0ao\u00fbt\u00a02021,<\/a> devant les magistrats de la Cour criminelle des Bouches-du-Rh\u00f4ne.<\/p>\n<p>Assis \u00e0 quelques m\u00e8tres de l\u2019influenceur, Dylan M., 23\u00a0ans, est accus\u00e9 d\u2019avoir particip\u00e9 \u00e0 ce home-jacking au c\u00f4t\u00e9 de Yacine S., d\u2019un an son a\u00een\u00e9, d\u00e9sormais en fuite. S\u2019il compara\u00eet libre et nie toute implication, le jeune homme encourt 20\u00a0ans de r\u00e9clusion criminelle.<\/p>\n<p>\u00ab\u00a0Je commen\u00e7ais \u00e0 \u00eatre expos\u00e9. J\u2019avais tourn\u00e9 la premi\u00e8re \u00e9mission en\u00a02018, diffus\u00e9e en\u00a02019. Je vivais la vie que je voulais avoir, \u00eatre un peu connu. Je me montrais, je faisais du placement de produit, je gagnais de l\u2019argent mais je vivais normalement\u00a0\u00bb, rappelle Gregory, qui avait rencontr\u00e9 sa compagne d\u2019alors sur les tournages, M\u00e9lanie Orlenko, dite M\u00e9lanie ORL. Elle se trouvait avec lui lorsque les deux braqueurs masqu\u00e9s ont d\u00e9boul\u00e9 dans leur chambre, vers 10h30, dans la villa lou\u00e9e sur les hauteurs de Saint-Menet (11e). \u00ab\u00a0C\u2019est un peu \u00e0 cause de cette histoire que tout s\u2019est cass\u00e9, j\u2019ai perdu M\u00e9lanie \u00e0 cause de \u00e7a\u00a0\u00bb, explique d\u2019embl\u00e9e le jeune homme, tandis que son ex-compagne n\u2019a pas souhait\u00e9 assister \u00e0 l\u2019audience.<\/p>\n<p>\u00ab\u00a0Les pires minutes de ma vie\u00a0\u00bb<\/p>\n<p>\u00ab\u00a0L\u2019un des mecs a demand\u00e9&rsquo;M\u00e9lanie, o\u00f9 est ta montre\u00a0?&rsquo;, il a fait le tour du lit, a tir\u00e9 la couette et lui a mis une gifle sur la fesse pendant qu\u2019elle se cachait la t\u00eate sous un oreiller. Une tape d\u2019humiliation. C\u2019est ce qui m\u2019a le plus choqu\u00e9\u00a0\u00bb, fr\u00e9mit encore Gregory, amen\u00e9 de force jusqu\u2019\u00e0 la cuisine. \u00ab\u00a0Il m\u2019a dit qu\u2019il n\u2019allait pas me tuer mais allait me tirer une balle dans la jambe\u00a0\u00bb, poursuit l\u2019influenceur qui apr\u00e8s une vingtaine de minutes voit repartir les deux hommes avec les deux Rolex du couple, des bijoux et quelques milliers d\u2019euros. \u00ab\u00a0J\u2019ai encore l\u2019odeur du cuir de leurs gants dans le nez. \u00c7a a \u00e9t\u00e9 les pires minutes de ma vie\u00a0\u00bb, assure-t-il, confiant que depuis, il voit un psy. Les braqueurs ont aussi pris ses t\u00e9l\u00e9phones, pour ralentir l\u2019alerte, malgr\u00e9 les supplications de l\u2019influenceur dont c\u2019est l\u2019outil de travail.<\/p>\n<p>Chaque jour, d\u00e8s le r\u00e9veil, il alimente les r\u00e9seaux sociaux, \u00ab\u00a0je balance une story, car ma communaut\u00e9 (pr\u00e8s de 1.3\u00a0million d\u2019abonn\u00e9s rien que sur Instagram, Ndlr) veut savoir ce que je fais\u00a0\u00bb, rappelle \u00ab\u00a0Bebew\u00a0\u00bb, qui ponctue volontiers ses phrases d\u2019un \u00ab\u00a0je vous dis la v\u00e9rit\u00e9\u00a0\u00bb. Ainsi, juste avant ls faits, le couple s\u2019\u00e9tait montr\u00e9 avec des montres. Deux Rolex dont un rare mod\u00e8le surnomm\u00e9 \u00ab\u00a0Pepsi\u00a0\u00bb qui seront emport\u00e9s par les agresseurs, dont l\u2019un, assure la victime, \u00ab\u00a0avait les yeux clairs\u00a0\u00bb.<\/p>\n<p>Quelques jours plus tard, aid\u00e9s par un renseignement,<a href=\"https:\/\/www.laprovence.com\/actu\/en-direct\/6471766\/marseille-greg-yega-icone-de-la-telerealite-victime-dun-vol-a-main-armee.html\" target=\"_blank\" rel=\"nofollow noopener\"> les enqu\u00eateurs de la BRB remontent au premier suspect<\/a>, Yacine, qui se trouvait incarc\u00e9r\u00e9 mais en semi-libert\u00e9 au moment des faits. Puis ils remontent jusqu\u2019\u00e0 Dylan, raccroch\u00e9 par la t\u00e9l\u00e9phonie, puis des \u00e9changes interlopes, dont une photo des montres vol\u00e9es retrouv\u00e9e sur un t\u00e9l\u00e9phone. \u00ab\u00a0Ils sont tr\u00e8s li\u00e9s et s\u2019inscrivent toujours dans une d\u00e9marche criminelle\u00a0\u00bb, estime le directeur d\u2019enqu\u00eate. Mais aucun de ces deux suspects n\u2019a les yeux clairs, rappellent en d\u00e9fense Mes Jacquemin et Sadouni. Le proc\u00e8s se poursuit ce vendredi devant la cour criminelle des Bouches-du-Rh\u00f4ne.<\/p>\n","protected":false},"excerpt":{"rendered":"\u00ab\u00a0Je dormais \u00e0 poings ferm\u00e9s et d\u2019un coup, je me rends compte qu\u2019il y a un mec encagoul\u00e9&hellip;\n","protected":false},"author":2,"featured_media":1008936,"comment_status":"","ping_status":"","sticky":false,"template":"","format":"standard","meta":{"footnotes":"","_share_on_mastodon":"0"},"categories":[2814],"tags":[5734,1111,11,1102,1433,3738,1777,674,274,1011,27,7913,391,884,12066,12,392,882,25,105599],"class_list":["post-1008935","post","type-post","status-publish","format-standard","has-post-thumbnail","category-marseille","tag-5734","tag-actu","tag-actualites","tag-breakingnews","tag-ca","tag-cause","tag-eu","tag-europe","tag-faits-divers-justice","tag-fr","tag-france","tag-greg","tag-jai","tag-marseille","tag-melanie","tag-news","tag-perdu","tag-provence-alpes-cote-dazur","tag-republique-francaise","tag-yega"],"share_on_mastodon":{"url":"https:\/\/pubeurope.com\/@fr\/116772892058516446","error":""},"_links":{"self":[{"href":"https:\/\/www.europesays.com\/fr\/wp-json\/wp\/v2\/posts\/1008935","targetHints":{"allow":["GET"]}}],"collection":[{"href":"https:\/\/www.europesays.com\/fr\/wp-json\/wp\/v2\/posts"}],"about":[{"href":"https:\/\/www.europesays.com\/fr\/wp-json\/wp\/v2\/types\/post"}],"author":[{"embeddable":true,"href":"https:\/\/www.europesays.com\/fr\/wp-json\/wp\/v2\/users\/2"}],"replies":[{"embeddable":true,"href":"https:\/\/www.europesays.com\/fr\/wp-json\/wp\/v2\/comments?post=1008935"}],"version-history":[{"count":0,"href":"https:\/\/www.europesays.com\/fr\/wp-json\/wp\/v2\/posts\/1008935\/revisions"}],"wp:featuredmedia":[{"embeddable":true,"href":"https:\/\/www.europesays.com\/fr\/wp-json\/wp\/v2\/media\/1008936"}],"wp:attachment":[{"href":"https:\/\/www.europesays.com\/fr\/wp-json\/wp\/v2\/media?parent=1008935"}],"wp:term":[{"taxonomy":"category","embeddable":true,"href":"https:\/\/www.europesays.com\/fr\/wp-json\/wp\/v2\/categories?post=1008935"},{"taxonomy":"post_tag","embeddable":true,"href":"https:\/\/www.europesays.com\/fr\/wp-json\/wp\/v2\/tags?post=1008935"}],"curies":[{"name":"wp","href":"https:\/\/api.w.org\/{rel}","templated":true}]}}