{"id":1008939,"date":"2026-06-18T20:02:17","date_gmt":"2026-06-18T20:02:17","guid":{"rendered":"https:\/\/www.europesays.com\/fr\/1008939\/"},"modified":"2026-06-18T20:02:17","modified_gmt":"2026-06-18T20:02:17","slug":"metropole-de-lyon-huit-tonnes-de-rochers-seffondrent-dans-leur-jardin-deux-ans-apres-la-paroi-est-enfin-en-travaux","status":"publish","type":"post","link":"https:\/\/www.europesays.com\/fr\/1008939\/","title":{"rendered":"M\u00e9tropole de Lyon. Huit tonnes de rochers s\u2019effondrent dans leur jardin\u00a0: deux ans apr\u00e8s, la paroi est enfin en travaux"},"content":{"rendered":"<p>En ce printemps 2024, huit tonnes de rochers, de terre et de v\u00e9g\u00e9tation s\u2019\u00e9taient invit\u00e9es dans le jardin de Christian Iafrate. Laissant le riverain sonn\u00e9 et en col\u00e8re alors qu\u2019il avait \u00e0 maintes reprises signal\u00e9 le danger que repr\u00e9sentait la falaise qui surplombe sa maison.<\/p>\n<p>Il r\u00e9side \u00e0 la Villa des carri\u00e8res, chemin du grand Perron, et son terrain est surplomb\u00e9 par une falaise. Le 31\u00a0mars \u00e0 11\u00a0heures du matin, la roche s\u2019\u00e9croulait sur une partie du terrain o\u00f9 ses petites filles jouaient habituellement. Le&#8230;<\/p>\n","protected":false},"excerpt":{"rendered":"En ce printemps 2024, huit tonnes de rochers, de terre et de v\u00e9g\u00e9tation s\u2019\u00e9taient invit\u00e9es dans le jardin&hellip;\n","protected":false},"author":2,"featured_media":1008940,"comment_status":"","ping_status":"","sticky":false,"template":"","format":"standard","meta":{"footnotes":"","_share_on_mastodon":"0"},"categories":[1889],"tags":[1111,11,2430,3154,1777,674,274,107,1011,27,1757,2428,12,15665,15666,25,2429,3151],"class_list":["post-1008939","post","type-post","status-publish","format-standard","has-post-thumbnail","category-lyon","tag-actu","tag-actualites","tag-auvergne-rhone-alpes","tag-edition-sud-lyonnais","tag-eu","tag-europe","tag-faits-divers-justice","tag-fil-info","tag-fr","tag-france","tag-insolite","tag-lyon","tag-news","tag-oullins-pierre-benite","tag-oullins-ville","tag-republique-francaise","tag-rhone","tag-selection-de-la-redaction-69"],"share_on_mastodon":{"url":"https:\/\/pubeurope.com\/@fr\/116772899875747434","error":""},"_links":{"self":[{"href":"https:\/\/www.europesays.com\/fr\/wp-json\/wp\/v2\/posts\/1008939","targetHints":{"allow":["GET"]}}],"collection":[{"href":"https:\/\/www.europesays.com\/fr\/wp-json\/wp\/v2\/posts"}],"about":[{"href":"https:\/\/www.europesays.com\/fr\/wp-json\/wp\/v2\/types\/post"}],"author":[{"embeddable":true,"href":"https:\/\/www.europesays.com\/fr\/wp-json\/wp\/v2\/users\/2"}],"replies":[{"embeddable":true,"href":"https:\/\/www.europesays.com\/fr\/wp-json\/wp\/v2\/comments?post=1008939"}],"version-history":[{"count":0,"href":"https:\/\/www.europesays.com\/fr\/wp-json\/wp\/v2\/posts\/1008939\/revisions"}],"wp:featuredmedia":[{"embeddable":true,"href":"https:\/\/www.europesays.com\/fr\/wp-json\/wp\/v2\/media\/1008940"}],"wp:attachment":[{"href":"https:\/\/www.europesays.com\/fr\/wp-json\/wp\/v2\/media?parent=1008939"}],"wp:term":[{"taxonomy":"category","embeddable":true,"href":"https:\/\/www.europesays.com\/fr\/wp-json\/wp\/v2\/categories?post=1008939"},{"taxonomy":"post_tag","embeddable":true,"href":"https:\/\/www.europesays.com\/fr\/wp-json\/wp\/v2\/tags?post=1008939"}],"curies":[{"name":"wp","href":"https:\/\/api.w.org\/{rel}","templated":true}]}}