{"id":100903,"date":"2025-05-15T03:01:15","date_gmt":"2025-05-15T03:01:15","guid":{"rendered":"https:\/\/www.europesays.com\/fr\/100903\/"},"modified":"2025-05-15T03:01:15","modified_gmt":"2025-05-15T03:01:15","slug":"le-nombre-doverdoses-a-chute-de-27-lan-dernier-liberation","status":"publish","type":"post","link":"https:\/\/www.europesays.com\/fr\/100903\/","title":{"rendered":"le nombre d\u2019overdoses a chut\u00e9 de 27\u00a0% l\u2019an dernier \u2013 Lib\u00e9ration"},"content":{"rendered":"<p class=\"sc-ksZaOG ehjQrN text-element\">Voil\u00e0 une bonne nouvelle en mati\u00e8re de sant\u00e9 publique que l\u2019administration de Donald Trump s\u2019est empress\u00e9e de revendiquer. C\u2019est pourtant son pr\u00e9d\u00e9cesseur d\u00e9mocrate Joe Biden, qui avait facilit\u00e9 l\u2019acc\u00e8s \u00e0 des traitements de substitution et qui avait fait de <a href=\"https:\/\/www.liberation.fr\/france\/2019\/09\/02\/nicolas-authier-la-naloxone-n-a-quasiment-pas-d-effet-indesirable_1748883\/\" target=\"_blank\" rel=\"noreferrer noopener\" title=\"https:\/\/www.liberation.fr\/france\/2019\/09\/02\/nicolas-authier-la-naloxone-n-a-quasiment-pas-d-effet-indesirable_1748883\/\">la naxolone, un m\u00e9dicament contre les overdoses<\/a>, une pierre angulaire de sa politique antidrogue.<\/p>\n<p class=\"sc-ksZaOG ehjQrN text-element\">Le nombre de morts par overdose a connu une baisse importante aux Etats-Unis en\u00a02024, atteignant son plus bas niveau en cinq\u00a0ans et offrant un peu d\u2019espoir<a href=\"https:\/\/www.liberation.fr\/idees-et-debats\/scandale-de-loxycontin-a-lorigine-de-lepidemie-doverdoses-americaines-20221214_32FZQSMBZZET5K7KXKCK4UUHHY\/\" target=\"_blank\" rel=\"noreferrer noopener\" title=\"https:\/\/www.liberation.fr\/idees-et-debats\/scandale-de-loxycontin-a-lorigine-de-lepidemie-doverdoses-americaines-20221214_32FZQSMBZZET5K7KXKCK4UUHHY\/\"> dans la crise des opio\u00efdes que conna\u00eet le pays<\/a>, selon les donn\u00e9es publi\u00e9es ce mercredi 14\u00a0mai par les autorit\u00e9s sanitaires am\u00e9ricaines.<\/p>\n<p class=\"sc-ksZaOG ehjQrN text-element\">En\u00a02024, ce sont 80\u00a0391 personnes qui sont mortes en raison d\u2019une overdose de drogue outre-Atlantique, une chute de 27\u00a0% par rapport aux 110\u00a0035 d\u00e9c\u00e8s enregistr\u00e9s l\u2019ann\u00e9e pr\u00e9c\u00e9dente. Il s\u2019agit du chiffre le plus bas <a href=\"https:\/\/www.liberation.fr\/international\/amerique\/etats-unis-les-morts-par-overdoses-baissent-pour-la-premiere-fois-depuis-2018-20240515_3PMGDBA2WRFEPMG2YI7HFWYGTU\/?redirected=1\" target=\"_blank\" rel=\"noopener\" title=\"https:\/\/www.liberation.fr\/international\/amerique\/etats-unis-les-morts-par-overdoses-baissent-pour-la-premiere-fois-depuis-2018-20240515_3PMGDBA2WRFEPMG2YI7HFWYGTU\/?redirected=1\">depuis\u00a02019<\/a>. Le nombre de morts li\u00e9 au fentanyl, puissant opio\u00efde de synth\u00e8se qui a fait de nombreuses victimes ces derni\u00e8res ann\u00e9es, a aussi plong\u00e9, d\u2019environ 76\u00a0000 en\u00a02023 \u00e0 48\u00a0422 l\u2019ann\u00e9e pass\u00e9e. Seuls deux Etats ont connu une augmentation, le Nevada et le Dakota du Sud.<\/p>\n<p class=\"sc-ksZaOG ehjQrN text-element\">\u00abMalgr\u00e9 ces am\u00e9liorations g\u00e9n\u00e9rales, les overdoses restent la principale cause de mortalit\u00e9 pour les Am\u00e9ricains \u00e2g\u00e9s de 18 \u00e0 44\u00a0ans, ce qui souligne le besoin de poursuivre les efforts pour continuer \u00e0 am\u00e9liorer la situation\u00bb, souligne le Centre am\u00e9ricain de contr\u00f4le et de pr\u00e9vention des maladies (CDC) dans un communiqu\u00e9.<\/p>\n<p class=\"sc-ksZaOG ehjQrN text-element\">La crise des opio\u00efdes trouve ses racines dans les ann\u00e9es\u00a01990 quand des fabricants de m\u00e9dicaments ont inond\u00e9 le march\u00e9 avec des analg\u00e9siques sur ordonnance <a href=\"https:\/\/www.liberation.fr\/idees-et-debats\/scandale-de-loxycontin-a-lorigine-de-lepidemie-doverdoses-americaines-20221214_32FZQSMBZZET5K7KXKCK4UUHHY\/\" target=\"_blank\" rel=\"noopener\" title=\"https:\/\/www.liberation.fr\/idees-et-debats\/scandale-de-loxycontin-a-lorigine-de-lepidemie-doverdoses-americaines-20221214_32FZQSMBZZET5K7KXKCK4UUHHY\/\">tels que l\u2019OxyContin<\/a>. La vague actuelle est aliment\u00e9e par un autre opio\u00efde, <a href=\"https:\/\/www.liberation.fr\/checknews\/le-fentanyl-est-il-vraiment-la-premiere-cause-de-mortalite-aux-etats-unis-comme-laffirme-gerald-darmanin-20240517_ZNI5AVXSLFGOTAHZ7VZDYQ5ZSA\/\" target=\"_blank\" rel=\"noreferrer noopener\" title=\"https:\/\/www.liberation.fr\/checknews\/le-fentanyl-est-il-vraiment-la-premiere-cause-de-mortalite-aux-etats-unis-comme-laffirme-gerald-darmanin-20240517_ZNI5AVXSLFGOTAHZ7VZDYQ5ZSA\/\">le fentanyl, fabriqu\u00e9 illicitement<\/a>, en grande partie en Chine et introduit aux \u00c9tats-Unis via le Mexique. Il est souvent m\u00e9lang\u00e9 \u00e0 des stimulants tels que la m\u00e9thamph\u00e9tamine et la coca\u00efne.<\/p>\n<p class=\"sc-ksZaOG ehjQrN text-element\">Les morts par overdose avaient explos\u00e9 durant l\u2019\u00e9pid\u00e9mie de Covid-19 en raison de la perturbation des soins de sant\u00e9 et de l\u2019aggravation des probl\u00e8mes de sant\u00e9 mentale. Plus d\u2019un million d\u2019Am\u00e9ricains sont morts par overdose ces 20 derni\u00e8res ann\u00e9es.<\/p>\n","protected":false},"excerpt":{"rendered":"Voil\u00e0 une bonne nouvelle en mati\u00e8re de sant\u00e9 publique que l\u2019administration de Donald Trump s\u2019est empress\u00e9e de revendiquer.&hellip;\n","protected":false},"author":2,"featured_media":100904,"comment_status":"","ping_status":"","sticky":false,"template":"","format":"standard","meta":{"footnotes":""},"categories":[1589],"tags":[11,3992,73,1866,12,1864,1865,1863,308],"class_list":{"0":"post-100903","1":"post","2":"type-post","3":"status-publish","4":"format-standard","5":"has-post-thumbnail","7":"category-etats-unis","8":"tag-actualites","9":"tag-drogues","10":"tag-etats-unis","11":"tag-etats-unis-damerique","12":"tag-news","13":"tag-united-states","14":"tag-united-states-of-america","15":"tag-us","16":"tag-usa"},"share_on_mastodon":{"url":"https:\/\/pubeurope.com\/@fr\/114509623022479882","error":""},"_links":{"self":[{"href":"https:\/\/www.europesays.com\/fr\/wp-json\/wp\/v2\/posts\/100903","targetHints":{"allow":["GET"]}}],"collection":[{"href":"https:\/\/www.europesays.com\/fr\/wp-json\/wp\/v2\/posts"}],"about":[{"href":"https:\/\/www.europesays.com\/fr\/wp-json\/wp\/v2\/types\/post"}],"author":[{"embeddable":true,"href":"https:\/\/www.europesays.com\/fr\/wp-json\/wp\/v2\/users\/2"}],"replies":[{"embeddable":true,"href":"https:\/\/www.europesays.com\/fr\/wp-json\/wp\/v2\/comments?post=100903"}],"version-history":[{"count":0,"href":"https:\/\/www.europesays.com\/fr\/wp-json\/wp\/v2\/posts\/100903\/revisions"}],"wp:featuredmedia":[{"embeddable":true,"href":"https:\/\/www.europesays.com\/fr\/wp-json\/wp\/v2\/media\/100904"}],"wp:attachment":[{"href":"https:\/\/www.europesays.com\/fr\/wp-json\/wp\/v2\/media?parent=100903"}],"wp:term":[{"taxonomy":"category","embeddable":true,"href":"https:\/\/www.europesays.com\/fr\/wp-json\/wp\/v2\/categories?post=100903"},{"taxonomy":"post_tag","embeddable":true,"href":"https:\/\/www.europesays.com\/fr\/wp-json\/wp\/v2\/tags?post=100903"}],"curies":[{"name":"wp","href":"https:\/\/api.w.org\/{rel}","templated":true}]}}