{"id":100909,"date":"2025-05-15T03:04:09","date_gmt":"2025-05-15T03:04:09","guid":{"rendered":"https:\/\/www.europesays.com\/fr\/100909\/"},"modified":"2025-05-15T03:04:09","modified_gmt":"2025-05-15T03:04:09","slug":"la-france-reste-le-pays-le-plus-attractif-en-europe-pour-les-investisseurs-etrangers-liberation","status":"publish","type":"post","link":"https:\/\/www.europesays.com\/fr\/100909\/","title":{"rendered":"La France reste le pays le plus attractif en Europe pour les investisseurs \u00e9trangers \u2013 Lib\u00e9ration"},"content":{"rendered":"<p class=\"sc-ksZaOG ehjQrN text-element\">La France a gard\u00e9 en 2024<a href=\"https:\/\/www.liberation.fr\/economie\/la-france-toujours-en-tete-des-investissements-etrangers-en-2023-20240502_CJTM6K4D2ZGVXCBCPHLW62ZIYU\/\" target=\"_blank\" rel=\"noreferrer nofollow noopener\" title=\"https:\/\/www.liberation.fr\/economie\/la-france-toujours-en-tete-des-investissements-etrangers-en-2023-20240502_CJTM6K4D2ZGVXCBCPHLW62ZIYU\/\"> la premi\u00e8re place europ\u00e9enne des investissements \u00e9trangers<\/a> pour la sixi\u00e8me ann\u00e9e cons\u00e9cutive, mais souffre des mesures d\u00e9cid\u00e9es avant l\u2019arriv\u00e9e de Donald Trump pour renforcer l\u2019attractivit\u00e9 des Etats-Unis, a d\u00e9voil\u00e9 le cabinet EY ce mercredi 14 mai.<\/p>\n<p class=\"sc-ksZaOG ehjQrN text-element\">Avec 1 025 projets d\u2019investissements annonc\u00e9s par les entreprises \u00e9trang\u00e8res l\u2019an dernier, la France reste devant le Royaume-Uni qui a attir\u00e9 853 annonces de projets d\u2019investissements, et l\u2019Allemagne qui en a enregistr\u00e9 608, d\u00e9taille EY dans son barom\u00e8tre annuel.<\/p>\n<p class=\"sc-ksZaOG ehjQrN text-element\">La France affiche malgr\u00e9 sa sixi\u00e8me m\u00e9daille d\u2019or son plus faible nombre de projets annonc\u00e9s depuis 2020 et le plus bas nombre d\u2019emplois \u00e0 la cl\u00e9 de ces projets depuis 2017 (29 000 emplois).<\/p>\n<p class=\"sc-ksZaOG ehjQrN text-element\">Plus largement, Le trio de t\u00eate affiche dans son ensemble un net recul du nombre d\u2019investissements annonc\u00e9s, de l\u2019ordre de 13 \u00e0 17 %, tout comme les 45 pays europ\u00e9ens \u00e9tudi\u00e9s par EY. Le barom\u00e8tre \u00abs\u2019inscrit dans un contexte de contraction assez significative de l\u2019investissement en Europe et d\u2019augmentation de l\u2019attractivit\u00e9 des Etats-Unis pour les entreprises internationales\u00bb, rel\u00e8ve Marc Lhermitte, associ\u00e9 au cabinet EY.<\/p>\n<p class=\"sc-ksZaOG ehjQrN text-element\">Les nouveaux projets d\u2019investissements ont progress\u00e9 de 20 % sur un an en zone Am\u00e9rique du nord, \u00e9crit EY en se basant sur des donn\u00e9es de la Cnuced (Conf\u00e9rence des Nations Unies pour le commerce et le d\u00e9veloppement), en raison principalement de la perc\u00e9e am\u00e9ricaine, l\u00e0 o\u00f9 ils ont baiss\u00e9 de 5 % en Europe.<\/p>\n<p class=\"sc-ksZaOG ehjQrN text-element\">L\u2019\u00e9volution am\u00e9ricaine tient davantage \u00e0 la pr\u00e9sidence de Joe Biden <a href=\"https:\/\/www.liberation.fr\/idees-et-debats\/editorial\/droits-de-douane-de-trump-un-suicide-economique-certain-et-un-coup-politique-hypothetique-20250403_ERJUBIGIONHHBGQDVE4RCV54BY\/\" target=\"_blank\" rel=\"noreferrer nofollow noopener\" title=\"https:\/\/www.liberation.fr\/idees-et-debats\/editorial\/droits-de-douane-de-trump-un-suicide-economique-certain-et-un-coup-politique-hypothetique-20250403_ERJUBIGIONHHBGQDVE4RCV54BY\/\">qu\u2019\u00e0 celle de Donald Trump<\/a>, selon EY, l\u2019ex-pr\u00e9sident am\u00e9ricain ayant mis en place des incitations importantes pour les industriels pr\u00e9voyant de d\u00e9velopper des projets d\u2019avenir aux Etats-Unis, \u00e0 travers notamment l\u2019Inflation Reduction Act (IRA), remis en cause par Donald Trump.<\/p>\n<p class=\"sc-ksZaOG ehjQrN text-element\">Ce dernier m\u00e8ne aussi une bataille pour attirer les entreprises internationales sur son sol avec l\u2019arme des droits de douane, estimant que celles-ci seront incit\u00e9es \u00e0 venir produire aux Etats-Unis afin d\u2019\u00e9viter d\u2019avoir \u00e0 payer des surtaxes douani\u00e8res.<\/p>\n<p class=\"sc-ksZaOG ehjQrN text-element\">Les entreprises am\u00e9ricaines investissent en parall\u00e8le moins en Europe, et cela s\u2019observe sur les emplois : \u00aben 2021, les entreprises am\u00e9ricaines en Europe g\u00e9n\u00e9raient 113 000 emplois, en 2024 c\u2019est 58 000\u00bb, met en avant Marc Lhermitte, soit une r\u00e9duction de moiti\u00e9.<\/p>\n<p class=\"sc-ksZaOG ehjQrN text-element\">Le barom\u00e8tre EY pr\u00e9c\u00e8de <a href=\"https:\/\/www.liberation.fr\/economie\/choose-france-macron-poursuit-son-operation-seduction-des-grands-patrons-20240513_TTGUHKRSK5FY7G2FQ7DM7K26AI\/\" target=\"_blank\" rel=\"noreferrer nofollow noopener\" title=\"https:\/\/www.liberation.fr\/economie\/choose-france-macron-poursuit-son-operation-seduction-des-grands-patrons-20240513_TTGUHKRSK5FY7G2FQ7DM7K26AI\/\">la nouvelle \u00e9dition du sommet Choose France<\/a>, organis\u00e9 lundi par l\u2019Elys\u00e9e au ch\u00e2teau de Versailles et \u00e0 l\u2019occasion duquel de nombreuses entreprises \u00e9trang\u00e8res invit\u00e9es doivent annoncer de nouveaux projets d\u2019investissements.<\/p>\n<p class=\"sc-ksZaOG ehjQrN text-element\">Le gouvernement fran\u00e7ais, qui tient cette ann\u00e9e la huiti\u00e8me \u00e9dition de ce sommet, se base r\u00e9guli\u00e8rement sur le barom\u00e8tre EY pour justifier sa position de terre d\u2019investissements, favoris\u00e9e selon lui par les r\u00e9formes engag\u00e9es notamment sur la fiscalit\u00e9 et le droit du travail.<\/p>\n<p class=\"sc-ksZaOG ehjQrN text-element\">Ce classement ne montre toutefois qu\u2019une partie de la r\u00e9alit\u00e9 de l\u2019attractivit\u00e9, en se focalisant sur le nombre de d\u00e9cisions d\u2019investissements annonc\u00e9es et pas sur les montants investis ni les projets effectivement men\u00e9s \u00e0 terme.<\/p>\n<p class=\"sc-ksZaOG ehjQrN text-element\">Le barom\u00e8tre montre par ailleurs un succ\u00e8s mitig\u00e9 en mati\u00e8re d\u2019emplois cr\u00e9\u00e9s : la France est troisi\u00e8me avec 29 000 emplois, contre 38 196 au Royaume-Uni et 34 603 en Espagne.<\/p>\n<p class=\"sc-ksZaOG ehjQrN text-element\">La France se singularise aussi en Europe par une grande majorit\u00e9 d\u2019annonces qui concernent des extensions de sites d\u00e9j\u00e0 existants plut\u00f4t que des projets d\u2019implantations nouvelles.<\/p>\n<p class=\"sc-ksZaOG ehjQrN text-element\">\u00abOn rallume la lumi\u00e8re dans un certain nombre d\u2019usines plut\u00f4t qu\u2019on ne met en place de nouvelles implantations spectaculaires comme on le fait en Espagne, en Pologne, ou en Allemagne ces derni\u00e8res ann\u00e9es\u00bb, r\u00e9sume Marc Lhermitte.<\/p>\n<p class=\"sc-ksZaOG ehjQrN text-element\">Pour les projets industriels, cheval de bataille des pays occidentaux ces derni\u00e8res ann\u00e9es qui tentent de reprendre la main sur les emplois et les savoirs faire longtemps n\u00e9glig\u00e9s, les nouvelles implantations ne repr\u00e9sentent que 15 % du total des investissements dans l\u2019industrie.<\/p>\n<p class=\"sc-ksZaOG ehjQrN text-element\">Et les projets industriels ne donnent lieu qu\u2019\u00e0 33 emplois en moyenne par site, montre le barom\u00e8tre, \u00e0 la dixi\u00e8me place europ\u00e9enne.<\/p>\n<p class=\"sc-ksZaOG ehjQrN text-element\">Malgr\u00e9 ses r\u00e9formes, la France souffre encore du co\u00fbt de sa main-d\u2019\u0153uvre et de son instabilit\u00e9 politique, selon un sondage men\u00e9 par EY aupr\u00e8s de 200 investisseurs internationaux en mars. Elle profite en revanche du niveau de son innovation et de la qualit\u00e9 de sa main-d\u2019\u0153uvre.<\/p>\n<p class=\"sc-ksZaOG ehjQrN text-element\">\u00abUn projet d\u2019investissement sur cinq qui se dirige vers l\u2019Europe atterrit en France\u00bb, s\u2019est tout de m\u00eame f\u00e9licit\u00e9 mercredi le cabinet du ministre d\u00e9l\u00e9gu\u00e9 au Commerce ext\u00e9rieur Laurent Saint-Martin, jugeant que \u00abla strat\u00e9gie de r\u00e9industrialisation [\u2026] fonctionne\u00bb.<\/p>\n","protected":false},"excerpt":{"rendered":"La France a gard\u00e9 en 2024 la premi\u00e8re place europ\u00e9enne des investissements \u00e9trangers pour la sixi\u00e8me ann\u00e9e cons\u00e9cutive,&hellip;\n","protected":false},"author":2,"featured_media":100910,"comment_status":"","ping_status":"","sticky":false,"template":"","format":"standard","meta":{"footnotes":""},"categories":[1586],"tags":[3631,11,7675,21612,1350,21613,1208,10003,5808,21614,21615,21616,21617,9491,4356,21618,554,434,21619,1777,674,7697,4815,1011,27,7922,4250,3314,1227,662,21620,1116,1877,21621,21622,12,21623,21624,626,21625,21626,21627,21628,8857,25,21629,21630,4904,21631,3584,4889,21632,4824,5336,21633,21634],"class_list":{"0":"post-100909","1":"post","2":"type-post","3":"status-publish","4":"format-standard","5":"has-post-thumbnail","7":"category-europe","8":"tag-3631","9":"tag-actualites","10":"tag-aerien","11":"tag-aerienne","12":"tag-architecture","13":"tag-avenue-charles-de-gaulle","14":"tag-building","15":"tag-buildings","16":"tag-capitale","17":"tag-ciel-bleu","18":"tag-coeur-defense","19":"tag-cofid-19","20":"tag-cofid19","21":"tag-confinement","22":"tag-coronavirus","23":"tag-courbevoie","24":"tag-defense","25":"tag-epidemie","26":"tag-esplanade","27":"tag-eu","28":"tag-europe","29":"tag-europe-de-louest","30":"tag-exterieur","31":"tag-fr","32":"tag-france","33":"tag-gratte-ciel","34":"tag-habitat","35":"tag-hauts-de-seine","36":"tag-horizontal","37":"tag-ile-de-france","38":"tag-immeubles-de-bureaux","39":"tag-immobilier","40":"tag-la-defense","41":"tag-le-grand-paris","42":"tag-neuilly-sur-seine","43":"tag-news","44":"tag-onlyfrance","45":"tag-onlyparis","46":"tag-paris","47":"tag-parvis","48":"tag-puteaux","49":"tag-quartier-daffaires","50":"tag-quartier-de-la-defense","51":"tag-region-parisienne","52":"tag-republique-francaise","53":"tag-sans-personne","54":"tag-sans-voiture","55":"tag-soleil","56":"tag-stephane-compoint","57":"tag-tour","58":"tag-urbain","59":"tag-vide","60":"tag-ville","61":"tag-virus","62":"tag-vue-aerienne","63":"tag-vue-den-haut"},"share_on_mastodon":{"url":"","error":"Validation failed: Text character limit of 500 exceeded"},"_links":{"self":[{"href":"https:\/\/www.europesays.com\/fr\/wp-json\/wp\/v2\/posts\/100909","targetHints":{"allow":["GET"]}}],"collection":[{"href":"https:\/\/www.europesays.com\/fr\/wp-json\/wp\/v2\/posts"}],"about":[{"href":"https:\/\/www.europesays.com\/fr\/wp-json\/wp\/v2\/types\/post"}],"author":[{"embeddable":true,"href":"https:\/\/www.europesays.com\/fr\/wp-json\/wp\/v2\/users\/2"}],"replies":[{"embeddable":true,"href":"https:\/\/www.europesays.com\/fr\/wp-json\/wp\/v2\/comments?post=100909"}],"version-history":[{"count":0,"href":"https:\/\/www.europesays.com\/fr\/wp-json\/wp\/v2\/posts\/100909\/revisions"}],"wp:featuredmedia":[{"embeddable":true,"href":"https:\/\/www.europesays.com\/fr\/wp-json\/wp\/v2\/media\/100910"}],"wp:attachment":[{"href":"https:\/\/www.europesays.com\/fr\/wp-json\/wp\/v2\/media?parent=100909"}],"wp:term":[{"taxonomy":"category","embeddable":true,"href":"https:\/\/www.europesays.com\/fr\/wp-json\/wp\/v2\/categories?post=100909"},{"taxonomy":"post_tag","embeddable":true,"href":"https:\/\/www.europesays.com\/fr\/wp-json\/wp\/v2\/tags?post=100909"}],"curies":[{"name":"wp","href":"https:\/\/api.w.org\/{rel}","templated":true}]}}