{"id":100911,"date":"2025-05-15T03:05:11","date_gmt":"2025-05-15T03:05:11","guid":{"rendered":"https:\/\/www.europesays.com\/fr\/100911\/"},"modified":"2025-05-15T03:05:11","modified_gmt":"2025-05-15T03:05:11","slug":"manuel-de-sauvetage-des-europeens-avant-la-noyade","status":"publish","type":"post","link":"https:\/\/www.europesays.com\/fr\/100911\/","title":{"rendered":"\u00abManuel de sauvetage des Europ\u00e9ens avant la noyade\u00bb"},"content":{"rendered":"<p><strong>CHRONIQUE <\/strong>&#8211; L\u2019\u00e9conomiste Christian Saint-\u00c9tienne ne m\u00e2che pas ses mots contre le dogme de la concurrence et du z\u00e9ro carbone, dont la Commission europ\u00e9enne a fait un instrument de torture particuli\u00e8rement raffin\u00e9. Salutaire.<\/p>\n<p class=\"fig-paragraph\">Les meilleures attaques contre l\u2019Union europ\u00e9enne viennent de ceux qui la veulent forte. Le livre que publie\u00a0<a href=\"http:\/\/www.lefigaro.fr\/politique\/christian-saint-etienne-la-plus-grave-crise-des-finances-publiques-depuis-la-guerre-20241020\" data-fig-type=\"Article\" data-gtm-custom-categorie=\"navigation\" data-gtm-custom-action=\"crossclick\" data-gtm-custom-label=\"Contextuel\" data-gtm-event=\"customEventSPE\" data-fig-domain=\"LEFIGARO\" target=\"_blank\" rel=\"noopener\">Christian Saint-\u00c9tienne<\/a>\u00a0est un cri. Il prolonge celui, bien plus mesur\u00e9 dans l\u2019expression, de\u00a0<a href=\"http:\/\/www.lefigaro.fr\/conjoncture\/en-decrochage-par-rapport-aux-etats-unis-l-europe-doit-absolument-ameliorer-sa-productivite-alerte-mario-draghi-20240909\" data-fig-type=\"NewsFlash\" data-gtm-custom-categorie=\"navigation\" data-gtm-custom-action=\"crossclick\" data-gtm-custom-label=\"Contextuel\" data-gtm-event=\"customEventSPE\" data-fig-domain=\"LEFIGARO\" target=\"_blank\" rel=\"noopener\">Mario Draghi dans son rapport sur la comp\u00e9titivit\u00e9 de l\u2019UE<\/a>, en 2024. L\u2019image qui nous vient \u00e0 l\u2019esprit est la suivante\u00a0: dans le film Sunset Boulevard, l\u2019ancienne vedette du muet incarn\u00e9e par Gloria Swanson r\u00eave d\u2019un come-back en star du parlant, mais elle en est incapable, et l\u2019histoire se termine mal pour elle.<\/p>\n<p class=\"fig-paragraph\">Dans ce livre de Saint-\u00c9tienne, l\u2019Europe, vieille gloire vell\u00e9itaire, \u00e9choue elle aussi \u00e0 revenir au premier plan. Mais il y a une diff\u00e9rence\u00a0: la fin n\u2019est pas \u00e9crite. C\u2019est pourquoi Saint-\u00c9tienne esp\u00e8re qu\u2019au lieu de sceller notre d\u00e9clin, les ann\u00e9es qui viennent seront l\u2019occasion d\u2019un ressaisissement spectaculaire. Jamais la phrase f\u00e9tiche des partisans du projet europ\u00e9en n\u2019aura \u00e9t\u00e9 aussi vraie\u00a0: \u00ab\u00a0Pessimisme de l\u2019intelligence, optimisme de la volont\u00e9.\u00a0\u00bb<\/p>\n<p class=\"fig-paragraph\">Une\u2026<\/p>\n<p class=\"fig-premium-paywall__infos\">\n        Cet article est r\u00e9serv\u00e9 aux abonn\u00e9s.        Il vous reste 87% \u00e0 d\u00e9couvrir.\n    <\/p>\n<p>                <img  data- alt=\"Le Figaro\" class=\"fig-img--complete fig-img\"\/><\/p>\n<p class=\"fig-premium-paywall__title\">Je m&rsquo;informe, je m&rsquo;inspire, je m&rsquo;abonne.<\/p>\n<p class=\"fig-premium-paywall__subtitle\">D\u00e9couvrez notre offre de bienvenue.<\/p>\n<p class=\"fig-premium-paywall__connect\">\n                D\u00e9j\u00e0 abonn\u00e9\u00a0?                <a class=\"fig-premium-paywall__connect-link\" href=\"https:\/\/connect.lefigaro.fr\/login?client=horizon_web&amp;type=main&amp;redirect_uri=https%3A%2F%2Fwww.lefigaro.fr%2Fvox%2Fsociete%2Fcharles-jaigu-manuel-de-sauvetage-des-europeens-avant-la-noyade-20250514\" data-js-gtm=\"{&quot;customCategorie&quot;: &quot;conversion&quot;, &quot;customAction&quot;: &quot;before_Landing_Connexion_paywall_auto&quot;, &quot;customLabel&quot;: &quot;bGVmaWdhcm8uZnJfXzFmMDMwYzRhLTQ3YTItNmYwMi05OGJjLTM1NWI2MTcyOGQ5Zl9fQXJ0aWNsZQ==_Charles Jaigu: \u00abManuel de sauvetage des Europ\u00e9ens avant la noyade\u00bb_3&quot;, &quot;customIDSPE&quot;: &quot;bGVmaWdhcm8uZnJfXzFmMDMwYzRhLTQ3YTItNmYwMi05OGJjLTM1NWI2MTcyOGQ5Zl9fQXJ0aWNsZQ==&quot;, &quot;event&quot;: &quot;customEventSPE&quot;}\" target=\"_blank\" rel=\"noopener\"><br \/>\n                    Connectez-vous<br \/>\n                <\/a>\n            <\/p>\n","protected":false},"excerpt":{"rendered":"CHRONIQUE &#8211; L\u2019\u00e9conomiste Christian Saint-\u00c9tienne ne m\u00e2che pas ses mots contre le dogme de la concurrence et du&hellip;\n","protected":false},"author":2,"featured_media":100912,"comment_status":"","ping_status":"","sticky":false,"template":"","format":"standard","meta":{"footnotes":""},"categories":[1586],"tags":[11,1428,2196,350,1292,5361,5360,1777,674,1779,1429,1011,27,12,1427,1426,25,104,1778,364],"class_list":{"0":"post-100911","1":"post","2":"type-post","3":"status-publish","4":"format-standard","5":"has-post-thumbnail","7":"category-europe","8":"tag-actualites","9":"tag-chroniqueurs","10":"tag-commission-europeenne","11":"tag-concurrence","12":"tag-debat","13":"tag-debat-societe","14":"tag-debats-societaux","15":"tag-eu","16":"tag-europe","17":"tag-european-union","18":"tag-figarovox","19":"tag-fr","20":"tag-france","21":"tag-news","22":"tag-opinions","23":"tag-questions","24":"tag-republique-francaise","25":"tag-societe","26":"tag-ue","27":"tag-union-europeenne"},"share_on_mastodon":{"url":"https:\/\/pubeurope.com\/@fr\/114509638989835866","error":""},"_links":{"self":[{"href":"https:\/\/www.europesays.com\/fr\/wp-json\/wp\/v2\/posts\/100911","targetHints":{"allow":["GET"]}}],"collection":[{"href":"https:\/\/www.europesays.com\/fr\/wp-json\/wp\/v2\/posts"}],"about":[{"href":"https:\/\/www.europesays.com\/fr\/wp-json\/wp\/v2\/types\/post"}],"author":[{"embeddable":true,"href":"https:\/\/www.europesays.com\/fr\/wp-json\/wp\/v2\/users\/2"}],"replies":[{"embeddable":true,"href":"https:\/\/www.europesays.com\/fr\/wp-json\/wp\/v2\/comments?post=100911"}],"version-history":[{"count":0,"href":"https:\/\/www.europesays.com\/fr\/wp-json\/wp\/v2\/posts\/100911\/revisions"}],"wp:featuredmedia":[{"embeddable":true,"href":"https:\/\/www.europesays.com\/fr\/wp-json\/wp\/v2\/media\/100912"}],"wp:attachment":[{"href":"https:\/\/www.europesays.com\/fr\/wp-json\/wp\/v2\/media?parent=100911"}],"wp:term":[{"taxonomy":"category","embeddable":true,"href":"https:\/\/www.europesays.com\/fr\/wp-json\/wp\/v2\/categories?post=100911"},{"taxonomy":"post_tag","embeddable":true,"href":"https:\/\/www.europesays.com\/fr\/wp-json\/wp\/v2\/tags?post=100911"}],"curies":[{"name":"wp","href":"https:\/\/api.w.org\/{rel}","templated":true}]}}