{"id":100913,"date":"2025-05-15T03:06:13","date_gmt":"2025-05-15T03:06:13","guid":{"rendered":"https:\/\/www.europesays.com\/fr\/100913\/"},"modified":"2025-05-15T03:06:13","modified_gmt":"2025-05-15T03:06:13","slug":"le-psg-na-pas-respecte-ses-abonnes-la-colere-des-supporters-parisiens-de-la-vague-2-prives-de-finale","status":"publish","type":"post","link":"https:\/\/www.europesays.com\/fr\/100913\/","title":{"rendered":"\u00ab\u00a0Le PSG n\u2019a pas respect\u00e9 ses abonn\u00e9s\u00a0\u00bb\u00a0: la col\u00e8re des supporters parisiens de la vague 2 priv\u00e9s de finale"},"content":{"rendered":"<p class=\"paragraph text_align_left\">Pour Thomas (le pr\u00e9nom a \u00e9t\u00e9 chang\u00e9), ce devait \u00eatre \u00ab le match d\u2019une vie \u00bb, \u00ab le seul match \u00bb qu\u2019il ne pouvait pas, qu\u2019il ne devait pas rater. \u00ab Et je n\u2019y serai pas \u00bb, peste-t-il ce mercredi midi \u00e0 l\u2019\u00e9vocation la finale de <a href=\"https:\/\/www.leparisien.fr\/sports\/football\/ligue-des-champions\/\" target=\"_blank\" rel=\"nofollow noopener\">Ligue des champions<\/a> le 31 mai. Joint par t\u00e9l\u00e9phone, cet abonn\u00e9 de la tribune Auteuil du Parc des Princes depuis 2006, qui a v\u00e9cu ses premi\u00e8res \u00e9motions de supporter parisien au d\u00e9but des ann\u00e9es 1990, reste \u00ab d\u00e9vast\u00e9 \u00bb. \u00ab Je n\u2019ai pas dormi de la nuit, je suis d\u00e9go\u00fbt\u00e9, effondr\u00e9 \u00bb, souffle-t-il, particuli\u00e8rement pein\u00e9.<\/p>\n<p class=\"paragraph text_align_left\">Pourtant, le quadrag\u00e9naire n\u2019\u00e9tait \u00ab pas inquiet \u00bb quand il a pris connaissance des<a href=\"https:\/\/www.leparisien.fr\/sports\/football\/ligue-des-champions\/psg-inter-milan-les-details-de-la-vente-des-places-pour-la-finale-de-ligue-des-champions-du-31-mai-08-05-2025-MLUSIBV3Y5BJLPADIZQXYUYK5I.php\" target=\"_blank\" rel=\"nofollow noopener\"> modalit\u00e9s d\u2019obtention des 18 000 places<\/a> r\u00e9serv\u00e9es aux supporters du <a href=\"https:\/\/www.leparisien.fr\/sports\/football\/psg\/\" target=\"_blank\" rel=\"nofollow noopener\">Paris Saint-Germain<\/a>. \u00ab Je savais que je ne serais pas retenu dans la vague 1, car j\u2019ai eu davantage de contraintes cette ann\u00e9e li\u00e9es au travail et je n\u2019ai pas eu aller au Parc \u00e0 plusieurs reprises \u00bb, explique-t-il. Pour lui, ce serait la \u00ab vague 2 \u00bb ce mardi 13 mai. Lev\u00e9 \u00e0 l\u2019aube et arriv\u00e9 \u00e0 son travail d\u00e8s 7h30 afin de se rendre efficace sur les premi\u00e8res heures de sa journ\u00e9e, il tr\u00e9pignait alors d\u2019impatience \u00e0 l\u2019id\u00e9e de recevoir le mail comportant ce fameux code pour d\u00e9crocher son s\u00e9same sur la plate-forme de l\u2019UEFA.<\/p>\n","protected":false},"excerpt":{"rendered":"Pour Thomas (le pr\u00e9nom a \u00e9t\u00e9 chang\u00e9), ce devait \u00eatre \u00ab le match d\u2019une vie \u00bb, \u00ab le&hellip;\n","protected":false},"author":2,"featured_media":100914,"comment_status":"","ping_status":"","sticky":false,"template":"","format":"standard","meta":{"footnotes":""},"categories":[2],"tags":[11,63,1011,27,447,12,25,60],"class_list":{"0":"post-100913","1":"post","2":"type-post","3":"status-publish","4":"format-standard","5":"has-post-thumbnail","7":"category-actualites","8":"tag-actualites","9":"tag-football","10":"tag-fr","11":"tag-france","12":"tag-ligue-des-champions","13":"tag-news","14":"tag-republique-francaise","15":"tag-sports"},"share_on_mastodon":{"url":"https:\/\/pubeurope.com\/@fr\/114509642793179246","error":""},"_links":{"self":[{"href":"https:\/\/www.europesays.com\/fr\/wp-json\/wp\/v2\/posts\/100913","targetHints":{"allow":["GET"]}}],"collection":[{"href":"https:\/\/www.europesays.com\/fr\/wp-json\/wp\/v2\/posts"}],"about":[{"href":"https:\/\/www.europesays.com\/fr\/wp-json\/wp\/v2\/types\/post"}],"author":[{"embeddable":true,"href":"https:\/\/www.europesays.com\/fr\/wp-json\/wp\/v2\/users\/2"}],"replies":[{"embeddable":true,"href":"https:\/\/www.europesays.com\/fr\/wp-json\/wp\/v2\/comments?post=100913"}],"version-history":[{"count":0,"href":"https:\/\/www.europesays.com\/fr\/wp-json\/wp\/v2\/posts\/100913\/revisions"}],"wp:featuredmedia":[{"embeddable":true,"href":"https:\/\/www.europesays.com\/fr\/wp-json\/wp\/v2\/media\/100914"}],"wp:attachment":[{"href":"https:\/\/www.europesays.com\/fr\/wp-json\/wp\/v2\/media?parent=100913"}],"wp:term":[{"taxonomy":"category","embeddable":true,"href":"https:\/\/www.europesays.com\/fr\/wp-json\/wp\/v2\/categories?post=100913"},{"taxonomy":"post_tag","embeddable":true,"href":"https:\/\/www.europesays.com\/fr\/wp-json\/wp\/v2\/tags?post=100913"}],"curies":[{"name":"wp","href":"https:\/\/api.w.org\/{rel}","templated":true}]}}