{"id":1009197,"date":"2026-06-18T22:36:25","date_gmt":"2026-06-18T22:36:25","guid":{"rendered":"https:\/\/www.europesays.com\/fr\/1009197\/"},"modified":"2026-06-18T22:36:25","modified_gmt":"2026-06-18T22:36:25","slug":"allemagne-cote-divoire-ou-regarder-compos-et-cotes","status":"publish","type":"post","link":"https:\/\/www.europesays.com\/fr\/1009197\/","title":{"rendered":"Allemagne &#8211; C\u00f4te d&rsquo;Ivoire : O\u00f9 regarder, compos et cotes"},"content":{"rendered":"<p data-testid=\"wcl-news-perex\" itemprop=\"description\">Large vainqueur de Cura\u00e7ao (7-1) lors de son entr\u00e9e en lice dans la comp\u00e9tition, l&rsquo;Allemagne n&rsquo;a pas manqu\u00e9 ses d\u00e9buts dans ce Mondial 2026. Le d\u00e9fi s&rsquo;annonce toutefois bien plus relev\u00e9 face \u00e0 une C\u00f4te d&rsquo;Ivoire qui a, elle aussi, parfaitement lanc\u00e9 sa campagne en venant \u00e0 bout de l&rsquo;\u00c9quateur (1-0). Cette affiche de la deuxi\u00e8me journ\u00e9e du groupe E se disputera le samedi 20 juin \u00e0 22h00 (heure fran\u00e7aise) au BMO Field de Toronto.<\/p>\n<p>Cet article contient des liens d\u2019affiliation vers des annonceurs. Jouez de mani\u00e8re responsable, 18+\u00a0<\/p>\n<p>L&rsquo;<a href=\"https:\/\/www.flashscore.fr\/equipe\/allemagne\/ptQide1O\/\" data-analytics-element=\"ARTICLE_TEXT_LINK\" data-analytics-alias=\"internal\" rel=\"nofollow noopener\" target=\"_blank\">Allemagne<\/a> a parfaitement lanc\u00e9 sa Coupe du monde 2026 en \u00e9crasant <a href=\"https:\/\/www.flashscore.fr\/equipe\/curacao\/bLLGpOkQ\/\" data-analytics-element=\"ARTICLE_TEXT_LINK\" data-analytics-alias=\"internal\" rel=\"nofollow noopener\" target=\"_blank\">Cura\u00e7ao<\/a> (7-1) lors de la premi\u00e8re journ\u00e9e. Si la Mannschaft a conc\u00e9d\u00e9 l&rsquo;\u00e9galisation apr\u00e8s avoir rapidement ouvert le score, elle a ensuite d\u00e9roul\u00e9 pour mettre en avant toute la qualit\u00e9 de son secteur offensif. Emmen\u00e9s par Julian Nagelsmann, les quadruples champions du monde veulent confirmer leur retour au premier plan apr\u00e8s deux \u00e9liminations cons\u00e9cutives d\u00e8s la phase de groupes des Coupes du monde 2018 et 2022. Les Allemands restent sur une dynamique encourageante depuis l&rsquo;Euro 2024, o\u00f9 ils avaient atteint les quarts de finale, et comptent sur des joueurs comme <a href=\"https:\/\/www.flashscore.fr\/joueur\/musiala-jamal\/nVzSNrOf\/\" data-analytics-element=\"ARTICLE_TEXT_LINK\" data-analytics-alias=\"internal\" rel=\"nofollow noopener\" target=\"_blank\">Jamal Musiala<\/a>, <a href=\"https:\/\/www.flashscore.fr\/joueur\/wirtz-florian\/0Q5gjImi\/\" data-analytics-element=\"ARTICLE_TEXT_LINK\" data-analytics-alias=\"internal\" rel=\"nofollow noopener\" target=\"_blank\">Florian Wirtz<\/a> ou <a href=\"https:\/\/www.flashscore.fr\/joueur\/havertz-kai\/rH8BZWiI\/\" data-analytics-element=\"ARTICLE_TEXT_LINK\" data-analytics-alias=\"internal\" rel=\"nofollow noopener\" target=\"_blank\">Kai Havertz<\/a> pour franchir un nouveau cap. Une victoire contre la <a href=\"https:\/\/www.flashscore.fr\/equipe\/cote-d-ivoire\/G2FRjBgn\/\" data-analytics-element=\"ARTICLE_TEXT_LINK\" data-analytics-alias=\"internal\" rel=\"nofollow noopener\" target=\"_blank\">C\u00f4te d&rsquo;Ivoire<\/a> leur permettrait d\u00e9j\u00e0 de faire un tr\u00e8s grand pas vers les seizi\u00e8mes de finale.<\/p>\n<p>La C\u00f4te d&rsquo;Ivoire, elle aussi, a r\u00e9ussi ses d\u00e9buts en dominant l&rsquo;\u00c9quateur (1-0) gr\u00e2ce \u00e0 un but inscrit en fin de rencontre. Le score aurait toutefois pu \u00eatre diff\u00e9rent, puisque les Sud-Am\u00e9ricains ont touch\u00e9 les montants \u00e0 trois reprises. Vainqueurs de la CAN 2023 \u00e0 domicile au terme d&rsquo;un parcours m\u00e9morable, les \u00c9l\u00e9phants poursuivent leur progression sous les ordres d&rsquo;<a href=\"https:\/\/www.flashscore.fr\/joueur\/fae-emerse\/n3qNGbzf\/\" data-analytics-element=\"ARTICLE_TEXT_LINK\" data-analytics-alias=\"internal\" rel=\"nofollow noopener\" target=\"_blank\">Emerse Fa\u00e9<\/a>. Absents des Coupes du monde 2018 et 2022, les Ivoiriens retrouvent enfin la plus grande sc\u00e8ne internationale avec l&rsquo;ambition de franchir, pour la premi\u00e8re fois de leur histoire, la phase de groupes. Port\u00e9e par une g\u00e9n\u00e9ration talentueuse, incarn\u00e9e par <a href=\"https:\/\/www.flashscore.fr\/joueur\/kessie-franck\/n7dQ4tBL\/\" data-analytics-element=\"ARTICLE_TEXT_LINK\" data-analytics-alias=\"internal\" rel=\"nofollow noopener\" target=\"_blank\">Franck Kessi\u00e9<\/a>, <a href=\"https:\/\/www.flashscore.fr\/joueur\/traore-amad\/I5Rhq1WL\/\" data-analytics-element=\"ARTICLE_TEXT_LINK\" data-analytics-alias=\"internal\" rel=\"nofollow noopener\" target=\"_blank\">Amad Diallo<\/a>, <a href=\"https:\/\/www.flashscore.fr\/joueur\/diomande-yan\/0p2ORrJi\/\" data-analytics-element=\"ARTICLE_TEXT_LINK\" data-analytics-alias=\"internal\" rel=\"nofollow noopener\" target=\"_blank\">Yan Diomand\u00e9<\/a> ou encore <a href=\"https:\/\/www.flashscore.fr\/joueur\/pepe-nicolas\/j3Hk0qEj\/\" data-analytics-element=\"ARTICLE_TEXT_LINK\" data-analytics-alias=\"internal\" rel=\"nofollow noopener\" target=\"_blank\">Nicolas P\u00e9p\u00e9<\/a>, la s\u00e9lection ivoirienne sait qu&rsquo;un r\u00e9sultat face \u00e0 l&rsquo;Allemagne lui ouvrirait grand les portes de la qualification.<\/p>\n<p>Allemagne &#8211; C\u00f4te d\u2019Ivoire : les informations cl\u00e9s<\/p>\n<p>Date : samedi 20 juin 2026<\/p>\n<p>Heure du coup d&rsquo;envoi : 16h00 (heure locale) \/ 22h00 (heure fran\u00e7aise)<\/p>\n<p>Stade : BMO Field, Toronto (Ontario, Canada)<\/p>\n<p>Arbitre : Juan Gabriel Ben\u00edtez (Paraguay)<\/p>\n<p>VAR : oui<\/p>\n<p>Cha\u00eene TV : M6 et beIN Sports 1<\/p>\n<p>Streaming en direct : M6+ et beIN SPORTS CONNECT<\/p>\n<p>Cotes (Betclic) : <a href=\"https:\/\/wlbetclicfr.adsrv.eacdn.com\/C.ashx?btag=a_30b_597c_&amp;affid=22&amp;siteid=30&amp;adid=597&amp;c=\" target=\"_blank\" data-analytics-element=\"ARTICLE_TEXT_LINK\" data-analytics-alias=\"external\" rel=\"nofollow noopener\">Victoire de l&rsquo;Allemagne @ 1,53 | Match nul @ 4,50 | Victoire de la C\u00f4te d&rsquo;Ivoire @ 5,75<\/a><\/p>\n<p>Cotes fournies par Betclic. Correctes au moment de la r\u00e9daction et susceptibles d&rsquo;\u00e9voluer.<\/p>\n<p>Allemagne : les derni\u00e8res informations<\/p>\n<p>Longtemps r\u00e9f\u00e9rence absolue du football mondial, l&rsquo;Allemagne cherche \u00e0 retrouver les sommets apr\u00e8s une d\u00e9cennie marqu\u00e9e par des hauts et des bas. Championne du monde en 2014, la Mannschaft a ensuite connu deux immenses d\u00e9sillusions avec des \u00e9liminations d\u00e8s la phase de groupes des Coupes du monde 2018 et 2022. L&rsquo;arriv\u00e9e de Julian Nagelsmann a toutefois redonn\u00e9 de l&rsquo;\u00e9lan \u00e0 une s\u00e9lection qui avait montr\u00e9 des signes encourageants lors de l&rsquo;Euro 2024, o\u00f9 elle n&rsquo;avait \u00e9t\u00e9 \u00e9limin\u00e9e qu&rsquo;en quarts de finale par la future championne d&rsquo;Europe, l&rsquo;Espagne.<\/p>\n<p>Pour son entr\u00e9e en lice dans ce Mondial 2026, l&rsquo;Allemagne n&rsquo;a laiss\u00e9 aucune place au doute en corrigeant Cura\u00e7ao (7-1). Malgr\u00e9 une \u00e9galisation adverse en premi\u00e8re p\u00e9riode, les Allemands ont rapidement repris le contr\u00f4le des d\u00e9bats pour d\u00e9montrer toute l&rsquo;\u00e9tendue de leur potentiel offensif. Ce succ\u00e8s les place id\u00e9alement avant ce qui ressemble d\u00e9j\u00e0 \u00e0 une finale pour la premi\u00e8re place du groupe E face \u00e0 la C\u00f4te d&rsquo;Ivoire.<\/p>\n<p>Julian Nagelsmann a n\u00e9anmoins d\u00fb composer avec quelques absences notables. Le jeune ph\u00e9nom\u00e8ne <a href=\"https:\/\/www.flashscore.fr\/joueur\/lennart-karl\/t0q0DalG\/\" data-analytics-element=\"ARTICLE_TEXT_LINK\" data-analytics-alias=\"internal\" rel=\"nofollow noopener\" target=\"_blank\">Lennart Karl<\/a>, consid\u00e9r\u00e9 comme l&rsquo;un des plus grands espoirs du football allemand \u00e0 seulement 18 ans, a d\u00fb renoncer au tournoi en raison d&rsquo;une blessure. <a href=\"https:\/\/www.flashscore.fr\/joueur\/gnabry-serge\/6iZjDNFC\/\" data-analytics-element=\"ARTICLE_TEXT_LINK\" data-analytics-alias=\"internal\" rel=\"nofollow noopener\" target=\"_blank\">Serge Gnabry<\/a> manque \u00e9galement \u00e0 l&rsquo;appel. Le s\u00e9lectionneur a par ailleurs fait des choix forts en laissant de c\u00f4t\u00e9 plusieurs internationaux confirm\u00e9s comme <a href=\"https:\/\/www.flashscore.fr\/joueur\/fullkrug-niclas\/zBydyE1a\/\" data-analytics-element=\"ARTICLE_TEXT_LINK\" data-analytics-alias=\"internal\" rel=\"nofollow noopener\" target=\"_blank\">Niclas F\u00fcllkrug<\/a>, <a href=\"https:\/\/www.flashscore.fr\/joueur\/adeyemi-karim\/GvIzwgo8\/\" data-analytics-element=\"ARTICLE_TEXT_LINK\" data-analytics-alias=\"internal\" rel=\"nofollow noopener\" target=\"_blank\">Karim Adeyemi<\/a> ou encore <a href=\"https:\/\/www.flashscore.fr\/joueur\/andrich-robert\/zDjAwp82\/\" data-analytics-element=\"ARTICLE_TEXT_LINK\" data-analytics-alias=\"internal\" rel=\"nofollow noopener\" target=\"_blank\">Robert Andrich<\/a>.<\/p>\n<p><img crossorigin=\"anonymous\" class=\"wcl-image_vG4MA\" decoding=\"async\" loading=\"lazy\" fetchpriority=\"auto\" src=\"https:\/\/www.europesays.com\/fr\/wp-content\/uploads\/2026\/06\/f7ea8fef-95a4-4a5f-8175-190d8afa8af8.jpg\" alt=\"Nathaniel Brown c\u00e9l\u00e8bre son but lors du match de Coupe du monde 2026 entre l\u2019Allemagne et Cura\u00e7ao, \u00e0 Houston.\" title=\"Nathaniel Brown c\u00e9l\u00e8bre son but lors du match de Coupe du monde 2026 entre l\u2019Allemagne et Cura\u00e7ao, \u00e0 Houston.\" itemprop=\"image\"\/>Nathaniel Brown c\u00e9l\u00e8bre son but lors du match de Coupe du monde 2026 entre l\u2019Allemagne et Cura\u00e7ao, \u00e0 Houston.Photo by PAUL ELLIS \/ AFP<\/p>\n<p>L&rsquo;effectif allemand conserve malgr\u00e9 tout une impressionnante profondeur de banc. De retour de sa retraite internationale pour disputer cette Coupe du monde, <a href=\"https:\/\/www.flashscore.fr\/joueur\/neuer-manuel\/Sh5KwIo6\/\" data-analytics-element=\"ARTICLE_TEXT_LINK\" data-analytics-alias=\"internal\" rel=\"nofollow noopener\" target=\"_blank\">Manuel Neuer<\/a> apporte tout son v\u00e9cu dans les buts. Devant lui, <a href=\"https:\/\/www.flashscore.fr\/joueur\/kimmich-joshua\/MkMrkZLc\/\" data-analytics-element=\"ARTICLE_TEXT_LINK\" data-analytics-alias=\"internal\" rel=\"nofollow noopener\" target=\"_blank\">Joshua Kimmich<\/a> continue de jouer un r\u00f4le de leader tandis que <a href=\"https:\/\/www.flashscore.fr\/joueur\/schlotterbeck-nico\/hKLN8mA7\/\" data-analytics-element=\"ARTICLE_TEXT_LINK\" data-analytics-alias=\"internal\" rel=\"nofollow noopener\" target=\"_blank\">Nico Schlotterbeck<\/a> s&rsquo;est impos\u00e9 comme l&rsquo;un des patrons de la d\u00e9fense. Plus haut sur le terrain, le talent de Jamal Musiala et de Florian Wirtz fait de l&rsquo;Allemagne l&rsquo;une des \u00e9quipes les plus cr\u00e9atives du tournoi.<\/p>\n<p>La premi\u00e8re journ\u00e9e a \u00e9galement confirm\u00e9 la bonne forme de plusieurs cadres offensifs. Kai Havertz s&rsquo;est offert un doubl\u00e9 face \u00e0 Cura\u00e7ao ; Musiala et Wirtz ont une nouvelle fois fait parler leur qualit\u00e9 technique, tandis que <a href=\"https:\/\/www.flashscore.fr\/joueur\/nmecha-felix\/80RErj9O\/\" data-analytics-element=\"ARTICLE_TEXT_LINK\" data-analytics-alias=\"internal\" rel=\"nofollow noopener\" target=\"_blank\">Felix Nmecha<\/a> a marqu\u00e9 des points gr\u00e2ce \u00e0 son activit\u00e9 et sa projection vers l&rsquo;avant. Seul <a href=\"https:\/\/www.flashscore.fr\/joueur\/sane-leroy\/GlTyfr8U\/\" data-analytics-element=\"ARTICLE_TEXT_LINK\" data-analytics-alias=\"internal\" rel=\"nofollow noopener\" target=\"_blank\">Leroy San\u00e9<\/a> est apparu l\u00e9g\u00e8rement en retrait dans une prestation collective pourtant tr\u00e8s convaincante.<\/p>\n<p>Face \u00e0 la C\u00f4te d&rsquo;Ivoire, le niveau d&rsquo;opposition sera nettement plus \u00e9lev\u00e9. Une nouvelle victoire permettrait toutefois \u00e0 la Mannschaft de valider quasiment sa qualification pour les seizi\u00e8mes de finale, tout en affichant davantage ses ambitions dans cette Coupe du monde 2026.<\/p>\n<p><b>Allemagne : la composition probable\u00a0<\/b><\/p>\n<p>Manuel Neuer \u2013 Joshua Kimmich, <a href=\"https:\/\/www.flashscore.fr\/joueur\/tah-jonathan\/2yf8EcuE\/\" data-analytics-element=\"ARTICLE_TEXT_LINK\" data-analytics-alias=\"internal\" rel=\"nofollow noopener\" target=\"_blank\">Jonathan Tah<\/a>, Nico Schlotterbeck, <a href=\"https:\/\/www.flashscore.fr\/joueur\/brown-nathaniel\/nwlyAsLt\/\" data-analytics-element=\"ARTICLE_TEXT_LINK\" data-analytics-alias=\"internal\" rel=\"nofollow noopener\" target=\"_blank\">Nathaniel Brown<\/a> \u2013 Felix Nmecha, <a href=\"https:\/\/www.flashscore.fr\/joueur\/pavlovic-aleksandar\/noANPQx4\/\" data-analytics-element=\"ARTICLE_TEXT_LINK\" data-analytics-alias=\"internal\" rel=\"nofollow noopener\" target=\"_blank\">Aleksandar Pavlovi\u0107<\/a> \u2013 Leroy San\u00e9, Jamal Musiala, Florian Wirtz \u2013 Kai Havertz.<\/p>\n<p>S\u00e9lectionneur : Julian Nagelsmann<\/p>\n<p>C\u00f4te d&rsquo;Ivoire : les derni\u00e8res informations<\/p>\n<p>La C\u00f4te d&rsquo;Ivoire a parfaitement r\u00e9ussi son retour en Coupe du monde en s&rsquo;imposant face \u00e0 l&rsquo;\u00c9quateur (1-0), une s\u00e9lection consid\u00e9r\u00e9e comme l&rsquo;un des principaux concurrents des \u00c9l\u00e9phants dans la course \u00e0 la qualification. Longtemps domin\u00e9s en premi\u00e8re p\u00e9riode, les hommes d&rsquo;Emerse Fa\u00e9 ont souffert face \u00e0 une \u00e9quipe \u00e9quatorienne qui a touch\u00e9 les montants \u00e0 plusieurs reprises. Mais ils ont progressivement pris l&rsquo;ascendant apr\u00e8s la pause avant d&rsquo;\u00eatre r\u00e9compens\u00e9s dans les derniers instants gr\u00e2ce \u00e0 un but d\u00e9cisif d&rsquo;Amad Diallo, entr\u00e9 en cours de jeu.<\/p>\n<p>Ce succ\u00e8s place id\u00e9alement les Ivoiriens en vue du choc contre l&rsquo;Allemagne. Jamais parvenue \u00e0 franchir la phase de groupes lors de ses pr\u00e9c\u00e9dentes participations, la C\u00f4te d&rsquo;Ivoire peut d\u00e9sormais r\u00eaver d&rsquo;une qualification historique pour les seizi\u00e8mes de finale. Les \u00c9l\u00e9phants restent d&rsquo;ailleurs sur une dynamique positive depuis leur sacre lors de la CAN 2023 \u00e0 domicile. Ils avaient ensuite atteint les quarts de finale de la CAN 2025 avant de marquer les esprits quelques jours avant ce Mondial en s&rsquo;imposant lors d&rsquo;un match amical contre la <a href=\"https:\/\/www.flashscore.fr\/equipe\/france\/QkGeVG1n\/\" data-analytics-element=\"ARTICLE_TEXT_LINK\" data-analytics-alias=\"internal\" rel=\"nofollow noopener\" target=\"_blank\">France<\/a> (2-1).<\/p>\n<p>Emerse Fa\u00e9 doit n\u00e9anmoins composer avec quelques absences. Le d\u00e9fenseur <a href=\"https:\/\/www.flashscore.fr\/joueur\/akpa-clement\/fo9YVp8o\/\" data-analytics-element=\"ARTICLE_TEXT_LINK\" data-analytics-alias=\"internal\" rel=\"nofollow noopener\" target=\"_blank\">Cl\u00e9ment Akpa<\/a> a d\u00e9clar\u00e9 forfait avant la comp\u00e9tition tandis que des joueurs exp\u00e9riment\u00e9s comme <a href=\"https:\/\/www.flashscore.fr\/joueur\/haller-sebastien\/Ie17FSsK\/\" data-analytics-element=\"ARTICLE_TEXT_LINK\" data-analytics-alias=\"internal\" rel=\"nofollow noopener\" target=\"_blank\">S\u00e9bastien Haller<\/a>, <a href=\"https:\/\/www.flashscore.fr\/joueur\/zaha-wilfried\/YHEohwp4\/\" data-analytics-element=\"ARTICLE_TEXT_LINK\" data-analytics-alias=\"internal\" rel=\"nofollow noopener\" target=\"_blank\">Wilfried Zaha<\/a>, <a href=\"https:\/\/www.flashscore.fr\/joueur\/gbamin-jean-philippe\/WjUrTxY1\/\" data-analytics-element=\"ARTICLE_TEXT_LINK\" data-analytics-alias=\"internal\" rel=\"nofollow noopener\" target=\"_blank\">Jean-Philippe Gbamin<\/a>, <a href=\"https:\/\/www.flashscore.fr\/joueur\/boly-willy\/8URie1St\/\" data-analytics-element=\"ARTICLE_TEXT_LINK\" data-analytics-alias=\"internal\" rel=\"nofollow noopener\" target=\"_blank\">Willy Boly<\/a> ou encore <a href=\"https:\/\/www.flashscore.fr\/joueur\/krasso-jean-philippe\/MDGk7mZd\/\" data-analytics-element=\"ARTICLE_TEXT_LINK\" data-analytics-alias=\"internal\" rel=\"nofollow noopener\" target=\"_blank\">Jean-Philippe Krasso<\/a> n&rsquo;ont pas \u00e9t\u00e9 retenus.<\/p>\n<p><img crossorigin=\"anonymous\" class=\"wcl-image_vG4MA\" decoding=\"async\" loading=\"lazy\" fetchpriority=\"auto\" src=\"https:\/\/www.europesays.com\/fr\/wp-content\/uploads\/2026\/06\/838c0b15-5171-42af-b319-46a4f5665479.jpg\" alt=\"Amad Diallo c\u00e9l\u00e8bre son but lors du match de Coupe du monde 2026 entre la C\u00f4te d\u2019Ivoire et l\u2019\u00c9quateur, \u00e0 Philadelphie.\" title=\"Amad Diallo c\u00e9l\u00e8bre son but lors du match de Coupe du monde 2026 entre la C\u00f4te d\u2019Ivoire et l\u2019\u00c9quateur, \u00e0 Philadelphie.\" itemprop=\"image\"\/>Amad Diallo c\u00e9l\u00e8bre son but lors du match de Coupe du monde 2026 entre la C\u00f4te d\u2019Ivoire et l\u2019\u00c9quateur, \u00e0 Philadelphie.Photo by MAURO PIMENTEL \/ AFP<\/p>\n<p>La C\u00f4te d&rsquo;Ivoire aborde ce rendez-vous avec un groupe solide, m\u00eame si la pr\u00e9paration du choc face \u00e0 l&rsquo;Allemagne a \u00e9t\u00e9 perturb\u00e9e par le cas <a href=\"https:\/\/www.flashscore.fr\/joueur\/wahi-sepe-elye\/8jdHWf50\/\" data-analytics-element=\"ARTICLE_TEXT_LINK\" data-analytics-alias=\"internal\" rel=\"nofollow noopener\" target=\"_blank\">Elye Wahi<\/a>. Titulaire contre l&rsquo;\u00c9quateur, l&rsquo;attaquant de 23 ans a d&rsquo;abord \u00e9t\u00e9 retenu \u00e0 l&rsquo;\u00e9cart du d\u00e9placement au Canada apr\u00e8s un refus d&rsquo;entr\u00e9e sur le territoire, avant que les autorit\u00e9s canadiennes ne reviennent finalement sur leur d\u00e9cision. Le dossier s&rsquo;inscrit dans un contexte sensible : le joueur ni\u00e7ois est cit\u00e9 dans une enqu\u00eate ouverte en France autour de soup\u00e7ons de paris sportifs truqu\u00e9s li\u00e9s \u00e0 un carton jaune re\u00e7u en Ligue 1. La LFP a d\u00e9pos\u00e9 plainte contre X, mais Wahi, auditionn\u00e9 fin mai puis remis en libert\u00e9, n&rsquo;est pas poursuivi \u00e0 ce stade et ne fait l&rsquo;objet d&rsquo;aucune contrainte judiciaire. Son feu vert administratif permet donc \u00e0 Emerse Fa\u00e9 de r\u00e9cup\u00e9rer une option importante dans le secteur offensif.<\/p>\n<p>Au-del\u00e0 de ce contretemps, les \u00c9l\u00e9phants ont de quoi exister face \u00e0 l&rsquo;Allemagne. Derri\u00e8re <a href=\"https:\/\/www.flashscore.fr\/joueur\/fofana-yahia\/rqDavwpd\/\" data-analytics-element=\"ARTICLE_TEXT_LINK\" data-analytics-alias=\"internal\" rel=\"nofollow noopener\" target=\"_blank\">Yahia Fofana<\/a>, la s\u00e9lection ivoirienne peut s&rsquo;appuyer sur une ligne d\u00e9fensive consistante, avec <a href=\"https:\/\/www.flashscore.fr\/joueur\/singo-wilfried\/Ym8dZot0\/\" data-analytics-element=\"ARTICLE_TEXT_LINK\" data-analytics-alias=\"internal\" rel=\"nofollow noopener\" target=\"_blank\">Wilfried Singo<\/a>, <a href=\"https:\/\/www.flashscore.fr\/joueur\/agbadou-emmanuel\/fRbu2Opo\/\" data-analytics-element=\"ARTICLE_TEXT_LINK\" data-analytics-alias=\"internal\" rel=\"nofollow noopener\" target=\"_blank\">Emmanuel Agbadou<\/a>, <a href=\"https:\/\/www.flashscore.fr\/joueur\/doue-guela\/vg3drc4E\/\" data-analytics-element=\"ARTICLE_TEXT_LINK\" data-analytics-alias=\"internal\" rel=\"nofollow noopener\" target=\"_blank\">Gu\u00e9la Dou\u00e9<\/a>, <a href=\"https:\/\/www.flashscore.fr\/joueur\/kossounou-odilon\/SzDIipZ9\/\" data-analytics-element=\"ARTICLE_TEXT_LINK\" data-analytics-alias=\"internal\" rel=\"nofollow noopener\" target=\"_blank\">Odilon Kossounou<\/a> ou encore <a href=\"https:\/\/www.flashscore.fr\/joueur\/n-dicka-obite\/0ORJzjri\/\" data-analytics-element=\"ARTICLE_TEXT_LINK\" data-analytics-alias=\"internal\" rel=\"nofollow noopener\" target=\"_blank\">Evan Ndicka<\/a>. Au milieu, Franck Kessi\u00e9 reste le point d&rsquo;\u00e9quilibre et le leader naturel, pendant que Yan Diomand\u00e9 continue de gagner en \u00e9paisseur. D\u00e9j\u00e0 tr\u00e8s actif contre l&rsquo;\u00c9quateur, l&rsquo;ailier de <a href=\"https:\/\/www.flashscore.fr\/equipe\/rb-leipzig\/KbS1suSm\/\" data-analytics-element=\"ARTICLE_TEXT_LINK\" data-analytics-alias=\"internal\" rel=\"nofollow noopener\" target=\"_blank\">Leipzig<\/a> a confirm\u00e9 qu&rsquo;il pouvait apporter percussion et impr\u00e9visibilit\u00e9 dans les trente derniers m\u00e8tres. Avec Nicolas P\u00e9p\u00e9, <a href=\"https:\/\/www.flashscore.fr\/joueur\/bonny-ange-yoan\/08MpRWg8\/\" data-analytics-element=\"ARTICLE_TEXT_LINK\" data-analytics-alias=\"internal\" rel=\"nofollow noopener\" target=\"_blank\">Ange-Yoan Bonny<\/a>, Amad Diallo et d\u00e9sormais Elye Wahi disponible, la C\u00f4te d&rsquo;Ivoire conserve plusieurs leviers offensifs avant un match qui s&rsquo;annonce comme le premier vrai test de son Mondial.<\/p>\n<p>Sur le papier, l&rsquo;Allemagne part favorite. Mais apr\u00e8s avoir remport\u00e9 ce premier duel capital face \u00e0 l&rsquo;\u00c9quateur, les \u00c9l\u00e9phants abordent cette rencontre avec l&rsquo;ambition de r\u00e9aliser un nouvel exploit et de se rapprocher encore un peu plus d&rsquo;une qualification historique pour les seizi\u00e8mes de finale.<\/p>\n<p><b>C\u00f4te d&rsquo;Ivoire : la composition probable\u00a0<\/b><\/p>\n<p>Yahia Fofana &#8211; Gu\u00e9la Dou\u00e9, Wilfried Singo, Emmanuel Agbadou, <a href=\"https:\/\/www.flashscore.fr\/joueur\/n-clomande-ghislain-konan\/4d6oztsU\/\" data-analytics-element=\"ARTICLE_TEXT_LINK\" data-analytics-alias=\"internal\" rel=\"nofollow noopener\" target=\"_blank\">Ghislain Konan<\/a> &#8211; Yan Diomand\u00e9, <a href=\"https:\/\/www.flashscore.fr\/joueur\/fofana-seko\/f5FGGqhC\/\" data-analytics-element=\"ARTICLE_TEXT_LINK\" data-analytics-alias=\"internal\" rel=\"nofollow noopener\" target=\"_blank\">Seko Fofana<\/a>, Franck Kessi\u00e9, <a href=\"https:\/\/www.flashscore.fr\/joueur\/toure-bazoumana\/jqfhZBWt\/\" data-analytics-element=\"ARTICLE_TEXT_LINK\" data-analytics-alias=\"internal\" rel=\"nofollow noopener\" target=\"_blank\">Bazoumana Tour\u00e9<\/a> &#8211; Nicolas P\u00e9p\u00e9, Ange-Yoan Bonny.<\/p>\n<p>S\u00e9lectionneur : Emerse Fa\u00e9<\/p>\n<p>O\u00f9 regarder Allemagne &#8211; C\u00f4te d&rsquo;Ivoire \u00e0 la TV et en streaming ?<\/p>\n<p>Cette rencontre de la deuxi\u00e8me journ\u00e9e du groupe E de la Coupe du monde 2026 sera diffus\u00e9e en direct sur M6 et beIN SPORTS 1 en France. Le coup d&rsquo;envoi sera donn\u00e9 le samedi 20 juin \u00e0 22h00 (heure fran\u00e7aise) au BMO Field de Toronto, au Canada.<\/p>\n<p>Cette affiche entre la Mannschaft et les \u00c9l\u00e9phants pourrait d\u00e9j\u00e0 \u00eatre d\u00e9cisive dans la course \u00e0 la premi\u00e8re place du groupe. Le match sera \u00e9galement disponible en streaming sur M6+ et sur beIN SPORTS CONNECT pour les abonn\u00e9s.<\/p>\n<p>Une couverture en direct sera par ailleurs assur\u00e9e sur Flashscore avec l&rsquo;\u00e9volution du score, les statistiques et les temps forts de la rencontre.<\/p>\n<p>Historique des confrontations entre l&rsquo;Allemagne et la C\u00f4te d&rsquo;Ivoire<\/p>\n<p>L&rsquo;Allemagne et la C\u00f4te d&rsquo;Ivoire ne se sont affront\u00e9es qu&rsquo;une seule fois dans leur histoire. Cette rencontre amicale avait eu lieu le 18 novembre 2009 \u00e0 la Veltins-Arena de Gelsenkirchen, antre de <a href=\"https:\/\/www.flashscore.fr\/equipe\/schalke\/0Ija0Ej9\/\" data-analytics-element=\"ARTICLE_TEXT_LINK\" data-analytics-alias=\"internal\" rel=\"nofollow noopener\" target=\"_blank\">Schalke 04<\/a>.<\/p>\n<p>Ce soir-l\u00e0, les \u00c9l\u00e9phants, dirig\u00e9s par <a href=\"https:\/\/www.flashscore.fr\/joueur\/halilhodzic-vahid\/djB4wXwP\/\" data-analytics-element=\"ARTICLE_TEXT_LINK\" data-analytics-alias=\"internal\" rel=\"nofollow noopener\" target=\"_blank\">Vahid Halilhod\u017ei\u0107<\/a> et priv\u00e9s de <a href=\"https:\/\/www.flashscore.fr\/joueur\/drogba-didier\/2mm76ep2\/\" data-analytics-element=\"ARTICLE_TEXT_LINK\" data-analytics-alias=\"internal\" rel=\"nofollow noopener\" target=\"_blank\">Didier Drogba<\/a>, avaient cr\u00e9\u00e9 la surprise en tenant en \u00e9chec la Mannschaft sur sa pelouse (2-2). Les Ivoiriens avaient pu compter sur les r\u00e9alisations d&rsquo;Emmanuel Ebou\u00e9 et de <a href=\"https:\/\/www.flashscore.fr\/joueur\/doumbia-seydou\/O42O4C7t\/\" data-analytics-element=\"ARTICLE_TEXT_LINK\" data-analytics-alias=\"internal\" rel=\"nofollow noopener\" target=\"_blank\">Seydou Doumbia<\/a>, tandis que l&rsquo;Allemagne avait r\u00e9pondu par un doubl\u00e9 de <a href=\"https:\/\/www.flashscore.fr\/joueur\/podolski-lukas\/lpabyhMe\/\" data-analytics-element=\"ARTICLE_TEXT_LINK\" data-analytics-alias=\"internal\" rel=\"nofollow noopener\" target=\"_blank\">Lukas Podolski<\/a>.<\/p>\n<p>Si les confrontations directes sont rares, les deux s\u00e9lections poss\u00e8dent une riche histoire face aux \u00e9quipes du continent adverse en Coupe du monde.<\/p>\n<p><img crossorigin=\"anonymous\" class=\"wcl-image_vG4MA\" decoding=\"async\" loading=\"lazy\" fetchpriority=\"auto\" src=\"https:\/\/www.europesays.com\/fr\/wp-content\/uploads\/2026\/06\/4c69deb0-a207-49ab-8480-36c086feaaa3.jpg\" alt=\"Lukas Podolski c\u00e9l\u00e8bre son but lors du match amical entre l\u2019Allemagne et la C\u00f4te d\u2019Ivoire, disput\u00e9 \u00e0 Gelsenkirchen en 2009.\" title=\"Lukas Podolski c\u00e9l\u00e8bre son but lors du match amical entre l\u2019Allemagne et la C\u00f4te d\u2019Ivoire, disput\u00e9 \u00e0 Gelsenkirchen en 2009.\" itemprop=\"image\"\/>Lukas Podolski c\u00e9l\u00e8bre son but lors du match amical entre l\u2019Allemagne et la C\u00f4te d\u2019Ivoire, disput\u00e9 \u00e0 Gelsenkirchen en 2009.Photo by ACHIM SCHEIDEMANN \/ DPA \/ DPA PICTURE-ALLIANCE VIA AFP<\/p>\n<p>Pour la C\u00f4te d&rsquo;Ivoire, les confrontations avec les s\u00e9lections europ\u00e9ennes ont souvent \u00e9t\u00e9 cruelles. Lors de sa premi\u00e8re participation en 2006, elle s&rsquo;incline de peu face aux <a href=\"https:\/\/www.flashscore.fr\/equipe\/pays-bas\/WYintcWb\/\" data-analytics-element=\"ARTICLE_TEXT_LINK\" data-analytics-alias=\"internal\" rel=\"nofollow noopener\" target=\"_blank\">Pays-Bas<\/a> (2-1) avant de conclure par une victoire spectaculaire contre la <a href=\"https:\/\/www.flashscore.fr\/equipe\/serbie\/8Kl6iq0i\/\" data-analytics-element=\"ARTICLE_TEXT_LINK\" data-analytics-alias=\"internal\" rel=\"nofollow noopener\" target=\"_blank\">Serbie-et-Mont\u00e9n\u00e9gro<\/a> (3-2). En 2010, les \u00c9l\u00e9phants tiennent en \u00e9chec le <a href=\"https:\/\/www.flashscore.fr\/equipe\/portugal\/WvJrjFVN\/\" data-analytics-element=\"ARTICLE_TEXT_LINK\" data-analytics-alias=\"internal\" rel=\"nofollow noopener\" target=\"_blank\">Portugal<\/a> de <a href=\"https:\/\/www.flashscore.fr\/joueur\/ronaldo-cristiano\/WGOY4FSt\/\" data-analytics-element=\"ARTICLE_TEXT_LINK\" data-analytics-alias=\"internal\" rel=\"nofollow noopener\" target=\"_blank\">Cristiano Ronaldo<\/a> (0-0). En 2014, ils passent tout pr\u00e8s d&rsquo;une qualification historique mais s&rsquo;inclinent face \u00e0 la <a href=\"https:\/\/www.flashscore.fr\/equipe\/grece\/COuk57Ci\/\" data-analytics-element=\"ARTICLE_TEXT_LINK\" data-analytics-alias=\"internal\" rel=\"nofollow noopener\" target=\"_blank\">Gr\u00e8ce<\/a> (2-1) sur un penalty dans les derni\u00e8res minutes.<\/p>\n<p>L&rsquo;Allemagne poss\u00e8de naturellement un historique bien plus fourni face aux nations africaines. Son premier duel remonte \u00e0 la Coupe du monde 1970, avec une victoire difficile face au <a href=\"https:\/\/www.flashscore.fr\/equipe\/maroc\/IDKYO3R8\/\" data-analytics-element=\"ARTICLE_TEXT_LINK\" data-analytics-alias=\"internal\" rel=\"nofollow noopener\" target=\"_blank\">Maroc<\/a> (2-1). Huit ans plus tard, la <a href=\"https:\/\/www.flashscore.fr\/equipe\/tunisie\/QqZVYk95\/\" data-analytics-element=\"ARTICLE_TEXT_LINK\" data-analytics-alias=\"internal\" rel=\"nofollow noopener\" target=\"_blank\">Tunisie<\/a> devient la premi\u00e8re s\u00e9lection africaine \u00e0 lui enlever des points lors d\u2019un Mondial (0-0). En 1982, la Mannschaft subit l&rsquo;une des plus grandes surprises de l&rsquo;histoire de la comp\u00e9tition en s&rsquo;inclinant face \u00e0 l&rsquo;Alg\u00e9rie (2-1), avant le c\u00e9l\u00e8bre \u00ab match de la honte \u00bb contre l&rsquo;Autriche.<\/p>\n<p>L&rsquo;Allemagne retrouve ensuite le Maroc en huiti\u00e8mes de finale du Mondial 1986 et s&rsquo;impose difficilement gr\u00e2ce \u00e0 un but tardif de <a href=\"https:\/\/www.flashscore.fr\/joueur\/matthaus-lothar\/Cz1S6LCg\/\" data-analytics-element=\"ARTICLE_TEXT_LINK\" data-analytics-alias=\"internal\" rel=\"nofollow noopener\" target=\"_blank\">Lothar Matth\u00e4us<\/a> (1-0). En 2002, elle domine le <a href=\"https:\/\/www.flashscore.fr\/equipe\/cameroun\/zk1uVG2D\/\" data-analytics-element=\"ARTICLE_TEXT_LINK\" data-analytics-alias=\"internal\" rel=\"nofollow noopener\" target=\"_blank\">Cameroun<\/a> (2-0). En 2010, elle assure la premi\u00e8re place de son groupe en battant le <a href=\"https:\/\/www.flashscore.fr\/equipe\/ghana\/nNBjHale\/\" data-analytics-element=\"ARTICLE_TEXT_LINK\" data-analytics-alias=\"internal\" rel=\"nofollow noopener\" target=\"_blank\">Ghana<\/a> (1-0). Quatre ans plus tard, elle est accroch\u00e9e par les Black Stars (2-2) avant d&rsquo;\u00e9liminer l&rsquo;Alg\u00e9rie en huiti\u00e8mes de finale, apr\u00e8s prolongation (2-1).<\/p>\n<p>La C\u00f4te d&rsquo;Ivoire tentera donc de devenir la deuxi\u00e8me nation africaine de l&rsquo;histoire \u00e0 battre la Mannschaft lors d&rsquo;un Mondial, apr\u00e8s l&rsquo;exploit alg\u00e9rien de 1982.\u00a0Plus largement, les \u00c9l\u00e9phants affichent un bilan de 1 victoire, 1 nul et 2 d\u00e9faites face \u00e0 des s\u00e9lections europ\u00e9ennes en Coupe du monde, tandis que l&rsquo;Allemagne pr\u00e9sente un bilan de 6 victoires, 2 nuls et 1 d\u00e9faite face \u00e0 des \u00e9quipes africaines.\u00a0<\/p>\n<p>Allemagne &#8211; C\u00f4te d&rsquo;Ivoire : cotes du match<\/p>\n<p><a href=\"https:\/\/wlbetclicfr.adsrv.eacdn.com\/C.ashx?btag=a_30b_597c_&amp;affid=22&amp;siteid=30&amp;adid=597&amp;c=\" target=\"_blank\" data-analytics-element=\"ARTICLE_TEXT_LINK\" data-analytics-alias=\"external\" rel=\"nofollow noopener\"><b>Victoire de l&rsquo;Allemagne @ 1,53 (Betclic)<\/b><\/a><\/p>\n<p><a href=\"https:\/\/wlbetclicfr.adsrv.eacdn.com\/C.ashx?btag=a_30b_597c_&amp;affid=22&amp;siteid=30&amp;adid=597&amp;c=\" target=\"_blank\" data-analytics-element=\"ARTICLE_TEXT_LINK\" data-analytics-alias=\"external\" rel=\"nofollow noopener\"><b>Match nul @ 4,50 (Betclic)<\/b><\/a><\/p>\n<p><a href=\"https:\/\/wlbetclicfr.adsrv.eacdn.com\/C.ashx?btag=a_30b_597c_&amp;affid=22&amp;siteid=30&amp;adid=597&amp;c=\" target=\"_blank\" data-analytics-element=\"ARTICLE_TEXT_LINK\" data-analytics-alias=\"external\" rel=\"nofollow noopener\"><b>Victoire de la C\u00f4te d&rsquo;Ivoire @ 5,75 (Betclic)<\/b><\/a><\/p>\n<p>Cotes fournies par Betclic. Correctes au moment de la r\u00e9daction et susceptibles d&rsquo;\u00e9voluer.<\/p>\n","protected":false},"excerpt":{"rendered":"Large vainqueur de Cura\u00e7ao (7-1) lors de son entr\u00e9e en lice dans la comp\u00e9tition, l&rsquo;Allemagne n&rsquo;a pas manqu\u00e9&hellip;\n","protected":false},"author":2,"featured_media":1009198,"comment_status":"","ping_status":"","sticky":false,"template":"","format":"standard","meta":{"footnotes":"","_share_on_mastodon":"0"},"categories":[1587],"tags":[11,672,1804,1805,1803,1777,674,1801,12,1802],"class_list":["post-1009197","post","type-post","status-publish","format-standard","has-post-thumbnail","category-allemagne","tag-actualites","tag-allemagne","tag-bundesrepublik-deutschland","tag-de","tag-deutschland","tag-eu","tag-europe","tag-germany","tag-news","tag-republique-federale-dallemagne"],"share_on_mastodon":{"url":"https:\/\/pubeurope.com\/@fr\/116773505625845794","error":""},"_links":{"self":[{"href":"https:\/\/www.europesays.com\/fr\/wp-json\/wp\/v2\/posts\/1009197","targetHints":{"allow":["GET"]}}],"collection":[{"href":"https:\/\/www.europesays.com\/fr\/wp-json\/wp\/v2\/posts"}],"about":[{"href":"https:\/\/www.europesays.com\/fr\/wp-json\/wp\/v2\/types\/post"}],"author":[{"embeddable":true,"href":"https:\/\/www.europesays.com\/fr\/wp-json\/wp\/v2\/users\/2"}],"replies":[{"embeddable":true,"href":"https:\/\/www.europesays.com\/fr\/wp-json\/wp\/v2\/comments?post=1009197"}],"version-history":[{"count":0,"href":"https:\/\/www.europesays.com\/fr\/wp-json\/wp\/v2\/posts\/1009197\/revisions"}],"wp:featuredmedia":[{"embeddable":true,"href":"https:\/\/www.europesays.com\/fr\/wp-json\/wp\/v2\/media\/1009198"}],"wp:attachment":[{"href":"https:\/\/www.europesays.com\/fr\/wp-json\/wp\/v2\/media?parent=1009197"}],"wp:term":[{"taxonomy":"category","embeddable":true,"href":"https:\/\/www.europesays.com\/fr\/wp-json\/wp\/v2\/categories?post=1009197"},{"taxonomy":"post_tag","embeddable":true,"href":"https:\/\/www.europesays.com\/fr\/wp-json\/wp\/v2\/tags?post=1009197"}],"curies":[{"name":"wp","href":"https:\/\/api.w.org\/{rel}","templated":true}]}}