{"id":100921,"date":"2025-05-15T03:11:08","date_gmt":"2025-05-15T03:11:08","guid":{"rendered":"https:\/\/www.europesays.com\/fr\/100921\/"},"modified":"2025-05-15T03:11:08","modified_gmt":"2025-05-15T03:11:08","slug":"pour-faire-des-economies-lirlande-naura-plus-dequipe-masculine","status":"publish","type":"post","link":"https:\/\/www.europesays.com\/fr\/100921\/","title":{"rendered":"pour faire des \u00e9conomies, l\u2019Irlande n\u2019aura plus d\u2019\u00e9quipe masculine"},"content":{"rendered":"<p>La F\u00e9d\u00e9ration irlandaise a annonc\u00e9 la suppression de son \u00e9quipe masculine \u00e0 7. L\u2019\u00e9quipe f\u00e9minine continuera en revanche.<\/p>\n<p class=\"fig-paragraph\">La f\u00e9d\u00e9ration irlandaise de rugby (IRFU) a annonc\u00e9 ce mercredi que son \u00e9quipe masculine de rugby \u00e0 7 sera supprim\u00e9e \u00e0 l\u2019issue de la saison actuelle. \u00abLa situation financi\u00e8re \u00e0 laquelle nous sommes confront\u00e9s est difficile et il est crucial que nous prenions des mesures d\u00e9cisives pour assurer le succ\u00e8s \u00e0 long terme du rugby irlandais\u00bb, a d\u00e9clar\u00e9 David Humphreys, le directeur de la haute performance de l\u2019IRFU. L\u2019\u00e9quipe f\u00e9minine sera en revanche maintenue.<\/p>\n<p class=\"fig-paragraph\">En novembre dernier, la F\u00e9d\u00e9ration irlandaise avait annonc\u00e9 un d\u00e9ficit de 18 millions d\u2019euros. \u00abBien que la d\u00e9cision de mettre fin au programme de rugby \u00e0 7 masculin soit difficile, elle est n\u00e9cessaire pour garantir que nos ressources soient concentr\u00e9es sur les domaines qui auront le plus grand impact sur l\u2019avenir du jeu en Irlande, poursuit le dirigeant irlandais. Nous nous engageons \u00e0 faire en sorte que cette transition soit g\u00e9r\u00e9e avec le plus grand respect pour tous ceux qui ont contribu\u00e9 au succ\u00e8s du programme \u00e0 7.\u00bb<\/p>\n<p class=\"fig-paragraph\">L\u2019\u00e9quipe irlandaise masculine a 7 a donc disput\u00e9 son dernier tournoi \u00e0 Los Angeles ce mois-ci, se classant 11e et \u00e9tant rel\u00e9gu\u00e9 du fait du nouveau format de comp\u00e9tition mis en place \u00e0 partir de la saison prochaine. Pr\u00e9sents aux deux derniers Jeux olympiques, les septistes irlandais avaient termin\u00e9 10e \u00e0 Tokyo et 6e aux JO de Pris 2024.<\/p>\n","protected":false},"excerpt":{"rendered":"La F\u00e9d\u00e9ration irlandaise a annonc\u00e9 la suppression de son \u00e9quipe masculine \u00e0 7. L\u2019\u00e9quipe f\u00e9minine continuera en revanche.&hellip;\n","protected":false},"author":2,"featured_media":100922,"comment_status":"","ping_status":"","sticky":false,"template":"","format":"standard","meta":{"footnotes":""},"categories":[1416],"tags":[2306,525,2309,1981,2313,1089,451,814,1011,27,516,955,2308,2311,1980,479,13891,1468,2259,2307,60,478,2310,2312,513],"class_list":{"0":"post-100921","1":"post","2":"type-post","3":"status-publish","4":"format-standard","5":"has-post-thumbnail","7":"category-rugby","8":"tag-6-nations","9":"tag-calendrier","10":"tag-challenge-europeen","11":"tag-classement","12":"tag-clermont","13":"tag-coupe-deurope","14":"tag-coupe-du-monde","15":"tag-direct","16":"tag-fr","17":"tag-france","18":"tag-irlande","19":"tag-match","20":"tag-pro-d2","21":"tag-racing","22":"tag-resultats","23":"tag-rugby","24":"tag-rugby-a-7","25":"tag-rugby-football","26":"tag-score","27":"tag-six-nations","28":"tag-sports","29":"tag-top-14","30":"tag-toulon","31":"tag-toulouse","32":"tag-xv-de-france"},"share_on_mastodon":{"url":"https:\/\/pubeurope.com\/@fr\/114509662401178210","error":""},"_links":{"self":[{"href":"https:\/\/www.europesays.com\/fr\/wp-json\/wp\/v2\/posts\/100921","targetHints":{"allow":["GET"]}}],"collection":[{"href":"https:\/\/www.europesays.com\/fr\/wp-json\/wp\/v2\/posts"}],"about":[{"href":"https:\/\/www.europesays.com\/fr\/wp-json\/wp\/v2\/types\/post"}],"author":[{"embeddable":true,"href":"https:\/\/www.europesays.com\/fr\/wp-json\/wp\/v2\/users\/2"}],"replies":[{"embeddable":true,"href":"https:\/\/www.europesays.com\/fr\/wp-json\/wp\/v2\/comments?post=100921"}],"version-history":[{"count":0,"href":"https:\/\/www.europesays.com\/fr\/wp-json\/wp\/v2\/posts\/100921\/revisions"}],"wp:featuredmedia":[{"embeddable":true,"href":"https:\/\/www.europesays.com\/fr\/wp-json\/wp\/v2\/media\/100922"}],"wp:attachment":[{"href":"https:\/\/www.europesays.com\/fr\/wp-json\/wp\/v2\/media?parent=100921"}],"wp:term":[{"taxonomy":"category","embeddable":true,"href":"https:\/\/www.europesays.com\/fr\/wp-json\/wp\/v2\/categories?post=100921"},{"taxonomy":"post_tag","embeddable":true,"href":"https:\/\/www.europesays.com\/fr\/wp-json\/wp\/v2\/tags?post=100921"}],"curies":[{"name":"wp","href":"https:\/\/api.w.org\/{rel}","templated":true}]}}