{"id":1009249,"date":"2026-06-18T23:13:20","date_gmt":"2026-06-18T23:13:20","guid":{"rendered":"https:\/\/www.europesays.com\/fr\/1009249\/"},"modified":"2026-06-18T23:13:20","modified_gmt":"2026-06-18T23:13:20","slug":"quiz-etes-vous-incollable-sur-les-festivals-de-musique-francais","status":"publish","type":"post","link":"https:\/\/www.europesays.com\/fr\/1009249\/","title":{"rendered":"QUIZ. \u00cates-vous incollable sur les festivals de musique fran\u00e7ais\u00a0?"},"content":{"rendered":"<tr wp_automatic_readability=\"1.9387755102041\">\n<td valign=\"middle\" align=\"center\" class=\"col-logo\">\n    <img decoding=\"async\" src=\"https:\/\/www.europesays.com\/fr\/wp-content\/uploads\/2025\/05\/ouest-france.gif\" alt=\"logo Ouest-France\" height=\"66\" loading=\"lazy\"\/><\/p>\n<\/td>\n<td class=\"col-titre\">\n\t\t\tJeudi 18 juin 2026 20:10<br \/>\n\t\t\t<a class=\"icon-bulle sizeL count\" href=\"#ancreAvis\"><br \/>\n\t&#8230;<br \/>\n<\/a><\/td>\n<\/tr>\n<p>\t\t<a class=\"mavillebox2 elmt-photo\" href=\"https:\/\/maville.com\/photosmvi\/2026\/06\/18\/P35980568D7367696G.jpg\" title=\" Testez vos connaissances\u00a0!  \u00a9  Ouest-France  \" rel=\"galerie_actu nofollow noopener\" target=\"_blank\"><br \/>\n\t<img decoding=\"async\" src=\"https:\/\/www.europesays.com\/fr\/wp-content\/uploads\/2026\/06\/P35980568D7367696G_crop_640-330_.jpg\" alt=\"photo  testez vos connaissances\u00a0!  \u00a9  ouest-france \" loading=\"lazy\"\/><br \/>\n\t1<br \/>\n<\/a><\/p>\n<p class=\"elmt-legende\"> Testez vos connaissances\u00a0!  \u00a9  Ouest-France  <\/p>\n<p>\t\tLe coup d\u2019envoi d\u2019un des plus grands festivals de France, le Hellfest, a \u00e9t\u00e9 donn\u00e9 ce jeudi 18\u00a0juin 2026 \u00e0 Clisson, en Loire-Atlantique. Partout en France, d\u2019autres festivals de musique vont rythmer l\u2019\u00e9t\u00e9. Les connaissez-vous bien\u00a0? Tentez votre chance en r\u00e9pondant \u00e0 nos dix questions. \u00c0 vous de jouer\u00a0!<\/p>\n<p>\t\tOuest-France\u00a0\u00a0<\/p>\n","protected":false},"excerpt":{"rendered":"Jeudi 18 juin 2026 20:10 &#8230; 1 Testez vos connaissances\u00a0! \u00a9 Ouest-France Le coup d\u2019envoi d\u2019un des plus&hellip;\n","protected":false},"author":2,"featured_media":1009250,"comment_status":"","ping_status":"","sticky":false,"template":"","format":"standard","meta":{"footnotes":"","_share_on_mastodon":"0"},"categories":[9619],"tags":[1111,11,24735,1777,674,3337,1011,3844,27,55085,873,12,882,7767,25,2310],"class_list":["post-1009249","post","type-post","status-publish","format-standard","has-post-thumbnail","category-toulon","tag-actu","tag-actualites","tag-etes-vous","tag-eu","tag-europe","tag-festivals","tag-fr","tag-francais","tag-france","tag-incollable","tag-musique","tag-news","tag-provence-alpes-cote-dazur","tag-quiz","tag-republique-francaise","tag-toulon"],"share_on_mastodon":{"url":"https:\/\/pubeurope.com\/@fr\/116773652306488654","error":""},"_links":{"self":[{"href":"https:\/\/www.europesays.com\/fr\/wp-json\/wp\/v2\/posts\/1009249","targetHints":{"allow":["GET"]}}],"collection":[{"href":"https:\/\/www.europesays.com\/fr\/wp-json\/wp\/v2\/posts"}],"about":[{"href":"https:\/\/www.europesays.com\/fr\/wp-json\/wp\/v2\/types\/post"}],"author":[{"embeddable":true,"href":"https:\/\/www.europesays.com\/fr\/wp-json\/wp\/v2\/users\/2"}],"replies":[{"embeddable":true,"href":"https:\/\/www.europesays.com\/fr\/wp-json\/wp\/v2\/comments?post=1009249"}],"version-history":[{"count":0,"href":"https:\/\/www.europesays.com\/fr\/wp-json\/wp\/v2\/posts\/1009249\/revisions"}],"wp:featuredmedia":[{"embeddable":true,"href":"https:\/\/www.europesays.com\/fr\/wp-json\/wp\/v2\/media\/1009250"}],"wp:attachment":[{"href":"https:\/\/www.europesays.com\/fr\/wp-json\/wp\/v2\/media?parent=1009249"}],"wp:term":[{"taxonomy":"category","embeddable":true,"href":"https:\/\/www.europesays.com\/fr\/wp-json\/wp\/v2\/categories?post=1009249"},{"taxonomy":"post_tag","embeddable":true,"href":"https:\/\/www.europesays.com\/fr\/wp-json\/wp\/v2\/tags?post=1009249"}],"curies":[{"name":"wp","href":"https:\/\/api.w.org\/{rel}","templated":true}]}}