{"id":1009298,"date":"2026-06-18T23:42:16","date_gmt":"2026-06-18T23:42:16","guid":{"rendered":"https:\/\/www.europesays.com\/fr\/1009298\/"},"modified":"2026-06-18T23:42:16","modified_gmt":"2026-06-18T23:42:16","slug":"a-la-recherche-dune-imprimante-a-versailles-le-recit-de-la-signature-de-laccord-entre-les-etats-unis-et-liran","status":"publish","type":"post","link":"https:\/\/www.europesays.com\/fr\/1009298\/","title":{"rendered":"\u00c0 la recherche d&rsquo;une imprimante \u00e0 Versailles ! Le r\u00e9cit de la signature de l\u2019accord entre les \u00c9tats-Unis et l\u2019Iran"},"content":{"rendered":"<p>Juste avant le d\u00e9but du d\u00eener au ch\u00e2teau de Versailles en l\u2019honneur de Donald Trump, le pr\u00e9sident am\u00e9ricain a appos\u00e9 sa signature sur le protocole entre les deux puissances tout juste imprim\u00e9. R\u00e9cit. <\/p>\n<p dir=\"ltr\">\u00ab\u00a0\u00c7a va signer\u00a0\u00bb, se r\u00e9jouit Jean-No\u00ebl Barrot \u00e0 23\u00a0h\u00a012 dans une boucle t\u00e9l\u00e9phonique qu\u2019il partage avec ses \u00e9quipes. Le ministre des Affaires \u00e9trang\u00e8res est alors attabl\u00e9 dans la galerie basse du ch\u00e2teau de Versailles aux c\u00f4t\u00e9s d\u2019Emmanuel Macron, de Donald Trump et d\u2019une trentaine d\u2019autres convives, parmi lesquels plusieurs grands patrons, dont le PDG de LVMH, Bernard Arnault, et celui de Total Energies, Patrick Pouyann\u00e9. Debout, le secr\u00e9taire d\u2019\u00c9tat am\u00e9ricain, Marco Rubio, tient en main <a href=\"https:\/\/www.parismatch.com\/actu\/politique\/que-contiendrait-laccord-entre-les-etats-unis-et-liran-270720\" rel=\"nofollow noopener\" target=\"_blank\">le protocole d\u2019accord entre les \u00c9tats-Unis et l\u2019Iran destin\u00e9 \u00e0 mettre fin \u00e0 la guerre au Moyen-Orient<\/a>.<\/p>\n<p>    La suite apr\u00e8s cette publicit\u00e9<\/p>\n<p dir=\"ltr\">Quelques minutes plus t\u00f4t, alors que le pr\u00e9sident fran\u00e7ais fait visiter \u00e0 son homologue am\u00e9ricain <a href=\"https:\/\/www.parismatch.com\/actu\/international\/cest-un-moment-de-paix-a-versailles-donald-trump-signe-laccord-avec-liran-lors-dun-diner-avec-emmanuel-macron-271081\" rel=\"nofollow noopener\" target=\"_blank\">la galerie des Glaces<\/a>, son entourage alerte ce dernier que les Iraniens sont dispos\u00e9s \u00e0 s\u2019engager sur un texte commun, sans attendre la signature pr\u00e9vue le lendemain au complexe h\u00f4telier du B\u00fcrgenstock, en Suisse. Encore faut-il pouvoir imprimer le document\u00a0! Une op\u00e9ration moins \u00e9vidente qu\u2019il n\u2019y para\u00eet dans un ch\u00e2teau certes r\u00e9nov\u00e9, mais datant du XVIIe\u00a0si\u00e8cle. Rubio se tourne alors vers Barrot, qui alerte un aide de camp d\u2019Emmanuel Macron. Finalement, ce sont les Am\u00e9ricains qui impriment les deux versions. Une en anglais, l\u2019autre en farsi.<\/p>\n<p dir=\"ltr\">La table, soigneusement dress\u00e9e pour le d\u00eener, est en partie d\u00e9barrass\u00e9e afin de laisser place \u00e0 la signature. Assis entre Emmanuel Macron et son \u00e9pouse, Donald Trump paraphe le document \u00e0 l\u2019aide de l\u2019un de ses c\u00e9l\u00e8bres stylos-feutres noirs, sous le regard attentif des convives. Derri\u00e8re lui, son secr\u00e9taire d\u2019\u00c9tat et le ministre fran\u00e7ais, qui viennent tout juste de \u00ab\u00a0briefer\u00a0\u00bb leurs sup\u00e9rieurs. \u00ab\u00a0Ce n\u2019\u00e9tait pas facile\u00a0\u00bb, l\u00e2che-t-il au moment d\u2019apposer sa signature, avant qu\u2019Emmanuel Macron ne le f\u00e9licite d\u2019un \u00ab\u00a0Good job\u00a0\u00bb. Quelques applaudissements fusent dans la salle.<\/p>\n<blockquote class=\"citation\">\n<p>\u00a0\u00c7a s\u2019est fait en dix, quinze minutes\u00a0<\/p>\n<p>commente une source diplomatique \u00e0 Paris Match, encore souffl\u00e9e par la tournure qu\u2019a prise la soir\u00e9e.<\/p>\n<\/blockquote>\n<p dir=\"ltr\">Ce matin, le ministre de l\u2019\u00c9conomie, Roland Lescure, admettait que personne ne savait \u00e0 l\u2019avance que le pr\u00e9sident am\u00e9ricain signerait l\u2019accord avec l\u2019Iran lors de ce d\u00eener. \u00ab\u00a0Il y a eu d\u2019abord un discours protocolaire du pr\u00e9sident, qui a souhait\u00e9 la bienvenue \u00e0 Donald Trump et \u00e9voqu\u00e9 les 250\u00a0ans de l\u2019ind\u00e9pendance des \u00c9tats-Unis [NDLR]. Le pr\u00e9sident des \u00c9tats-Unis a remerci\u00e9 pour le G7 et pour le d\u00eener, puis, dans le cadre de son intervention, a d\u00e9clar\u00e9\u00a0: \u201cD\u2019ailleurs, j\u2019ai un bon accord avec l\u2019Iran, je vais le signer\u201d\u00a0\u00bb, a-t-il rapport\u00e9 au micro de RTL.<\/p>\n<p dir=\"ltr\">Cet accord pr\u00e9voit notamment une cessation des op\u00e9rations militaires sur tous les fronts, y compris au Liban, la lev\u00e9e du blocus am\u00e9ricain des ports iraniens ainsi que <a href=\"https:\/\/www.parismatch.com\/Actu\/que-le-petrole-coule-a-flots-les-etats-unis-et-liran-sont-enfin-parvenus-a-un-accord-pour-mettre-fin-a-la-guerre-270818\" rel=\"nofollow noopener\" target=\"_blank\">la r\u00e9ouverture sans condition du d\u00e9troit d\u2019Ormuz<\/a> pendant soixante jours. Les \u00c9tats-Unis s\u2019engagent \u00e9galement \u00e0 lever l\u2019ensemble des sanctions en vigueur contre l\u2019Iran et \u00e0 d\u00e9bloquer 100\u00a0milliards de dollars d\u2019avoirs iraniens gel\u00e9s. Des mesures toutefois conditionn\u00e9es \u00e0 la signature d\u2019un accord d\u00e9finitif entre les deux parties.<\/p>\n","protected":false},"excerpt":{"rendered":"Juste avant le d\u00e9but du d\u00eener au ch\u00e2teau de Versailles en l\u2019honneur de Donald Trump, le pr\u00e9sident am\u00e9ricain&hellip;\n","protected":false},"author":2,"featured_media":1009299,"comment_status":"","ping_status":"","sticky":false,"template":"","format":"standard","meta":{"footnotes":"","_share_on_mastodon":"0"},"categories":[1888],"tags":[1111,1928,11,1927,1777,674,1011,27,12,1926,626,1925,25],"class_list":["post-1009298","post","type-post","status-publish","format-standard","has-post-thumbnail","category-paris","tag-actu","tag-actu-paris","tag-actualites","tag-actualites-paris","tag-eu","tag-europe","tag-fr","tag-france","tag-news","tag-news-paris","tag-paris","tag-paris-news","tag-republique-francaise"],"share_on_mastodon":{"url":"https:\/\/pubeurope.com\/@fr\/116773764855592700","error":""},"_links":{"self":[{"href":"https:\/\/www.europesays.com\/fr\/wp-json\/wp\/v2\/posts\/1009298","targetHints":{"allow":["GET"]}}],"collection":[{"href":"https:\/\/www.europesays.com\/fr\/wp-json\/wp\/v2\/posts"}],"about":[{"href":"https:\/\/www.europesays.com\/fr\/wp-json\/wp\/v2\/types\/post"}],"author":[{"embeddable":true,"href":"https:\/\/www.europesays.com\/fr\/wp-json\/wp\/v2\/users\/2"}],"replies":[{"embeddable":true,"href":"https:\/\/www.europesays.com\/fr\/wp-json\/wp\/v2\/comments?post=1009298"}],"version-history":[{"count":0,"href":"https:\/\/www.europesays.com\/fr\/wp-json\/wp\/v2\/posts\/1009298\/revisions"}],"wp:featuredmedia":[{"embeddable":true,"href":"https:\/\/www.europesays.com\/fr\/wp-json\/wp\/v2\/media\/1009299"}],"wp:attachment":[{"href":"https:\/\/www.europesays.com\/fr\/wp-json\/wp\/v2\/media?parent=1009298"}],"wp:term":[{"taxonomy":"category","embeddable":true,"href":"https:\/\/www.europesays.com\/fr\/wp-json\/wp\/v2\/categories?post=1009298"},{"taxonomy":"post_tag","embeddable":true,"href":"https:\/\/www.europesays.com\/fr\/wp-json\/wp\/v2\/tags?post=1009298"}],"curies":[{"name":"wp","href":"https:\/\/api.w.org\/{rel}","templated":true}]}}