{"id":1009300,"date":"2026-06-18T23:43:31","date_gmt":"2026-06-18T23:43:31","guid":{"rendered":"https:\/\/www.europesays.com\/fr\/1009300\/"},"modified":"2026-06-18T23:43:31","modified_gmt":"2026-06-18T23:43:31","slug":"panne-a-la-gare-de-lest-quatre-heures-de-retard-vers-luxembourg-depuis-paris","status":"publish","type":"post","link":"https:\/\/www.europesays.com\/fr\/1009300\/","title":{"rendered":"Panne \u00e0 la gare de l&rsquo;Est: Quatre heures de retard vers Luxembourg depuis Paris"},"content":{"rendered":"<p><img loading=\"lazy\" decoding=\"async\" src=\"https:\/\/www.europesays.com\/fr\/wp-content\/uploads\/2026\/06\/57ae0aa7-eaa2-4a62-8977-04a80822ede6.jpg\" alt=\"Les trains pr\u00e9vus vers Luxembourg \u00e0 17h40 et 19h40 sont notamment concern\u00e9s.\" title=\"Les trains pr\u00e9vus vers Luxembourg \u00e0 17h40 et 19h40 sont notamment concern\u00e9s.\"  width=\"1200\" height=\"748\"\/>Les trains pr\u00e9vus vers Luxembourg \u00e0 17h40 et 19h40 sont notamment concern\u00e9s.AFP<\/p>\n<p type=\"textBlockArray\" class=\"sc-9c011e72-2 hcHPnr\">Le trafic ferroviaire va reprendre progressivement, jeudi soir, au d\u00e9part de la gare de l\u2019Est \u00e0 Paris, apr\u00e8s une panne d\u2019\u00e9lectricit\u00e9 g\u00e9n\u00e9rale sur le r\u00e9seau Paris-Est, a assur\u00e9 la SNCF vers 20h, mais une journaliste de l\u2019AFP sur place n\u2019avait pas encore constat\u00e9 de reprise effective \u00e0 20h40. Le trafic \u00abest d\u00e9tourn\u00e9 sur des lignes \u00e9lectrifi\u00e9es\u00bb, et \u00abva pouvoir reprendre\u00bb, a indiqu\u00e9 une porte-parole de SNCF R\u00e9seau vers 20h, sans pouvoir dire \u00e0 ce stade si cette panne d\u2019\u00e9lectricit\u00e9 d\u00e9marr\u00e9e vers 18h30 \u00e9tait li\u00e9e ou non \u00e0 l\u2019\u00e9pisode de canicule que connait la France.<\/p>\n<p type=\"textBlockArray\" class=\"sc-9c011e72-2 hcHPnr\">Sur place, \u00e0 20h40, aucun train n\u2019\u00e9tait cependant reparti, a constat\u00e9 une journaliste de l\u2019AFP, et les haut-parleurs de la gare indiquaient toujours qu\u2019une reprise du trafic \u00e9tait attendue pour 22h.  La plupart des voyageurs attendaient, r\u00e9sign\u00e9s, dans le hall de la gare, dans une ambiance calme et suffocante. \u00c0 20h45, sur les panneaux horaires du site internet de la SNCF, tous les TGV vers l\u2019Est de la France restaient affich\u00e9s avec des retards compris entre 45 minutes et trois heures et demie \u00e0 destination du Luxembourg, de Stuttgart, de Remiremont (Vosges), de Saint-Di\u00e9 des Vosges, de Strasbourg ou de Reims.<\/p>\n<p type=\"textBlockArray\" class=\"sc-9c011e72-2 hcHPnr\">Le train pr\u00e9vu vers Luxembourg \u00e0 17h40 ne pouvait d\u00e9marrer qu&rsquo;\u00e0 21h50. Vers 21h10, nouvelle actualisation, les arr\u00eats Thionville et Luxembourg sont finalement supprim\u00e9s. Les voyageurs devront donc se rabattre sur le TGV qui \u00e9tait cens\u00e9 partir \u00e0 19h40, retard\u00e9 \u00e0 22h pour rallier le Grand-Duch\u00e9.<\/p>\n<p><img loading=\"lazy\" decoding=\"async\" src=\"https:\/\/www.europesays.com\/fr\/wp-content\/uploads\/2026\/06\/55e72950-d8cf-47a1-9e30-5e6b50689f25.jpg\" alt=\"\" title=\"\"  width=\"1200\" height=\"716\"\/><\/p>\n<p>Trois pays h\u00f4tes, 48 nations, 104 matches: L&rsquo;essentiel t&rsquo;accompagne durant toute la Coupe du monde de football masculin jusqu&rsquo;\u00e0 la finale le 19 juillet.<\/p>\n<p>(afp\/nc)<\/p>\n","protected":false},"excerpt":{"rendered":"Les trains pr\u00e9vus vers Luxembourg \u00e0 17h40 et 19h40 sont notamment concern\u00e9s.AFP Le trafic ferroviaire va reprendre progressivement,&hellip;\n","protected":false},"author":2,"featured_media":1009301,"comment_status":"","ping_status":"","sticky":false,"template":"","format":"standard","meta":{"footnotes":"","_share_on_mastodon":"0"},"categories":[1888],"tags":[1111,1928,11,1927,1777,674,1011,27,12,1926,626,1925,25],"class_list":["post-1009300","post","type-post","status-publish","format-standard","has-post-thumbnail","category-paris","tag-actu","tag-actu-paris","tag-actualites","tag-actualites-paris","tag-eu","tag-europe","tag-fr","tag-france","tag-news","tag-news-paris","tag-paris","tag-paris-news","tag-republique-francaise"],"share_on_mastodon":{"url":"https:\/\/pubeurope.com\/@fr\/116773770245862974","error":""},"_links":{"self":[{"href":"https:\/\/www.europesays.com\/fr\/wp-json\/wp\/v2\/posts\/1009300","targetHints":{"allow":["GET"]}}],"collection":[{"href":"https:\/\/www.europesays.com\/fr\/wp-json\/wp\/v2\/posts"}],"about":[{"href":"https:\/\/www.europesays.com\/fr\/wp-json\/wp\/v2\/types\/post"}],"author":[{"embeddable":true,"href":"https:\/\/www.europesays.com\/fr\/wp-json\/wp\/v2\/users\/2"}],"replies":[{"embeddable":true,"href":"https:\/\/www.europesays.com\/fr\/wp-json\/wp\/v2\/comments?post=1009300"}],"version-history":[{"count":0,"href":"https:\/\/www.europesays.com\/fr\/wp-json\/wp\/v2\/posts\/1009300\/revisions"}],"wp:featuredmedia":[{"embeddable":true,"href":"https:\/\/www.europesays.com\/fr\/wp-json\/wp\/v2\/media\/1009301"}],"wp:attachment":[{"href":"https:\/\/www.europesays.com\/fr\/wp-json\/wp\/v2\/media?parent=1009300"}],"wp:term":[{"taxonomy":"category","embeddable":true,"href":"https:\/\/www.europesays.com\/fr\/wp-json\/wp\/v2\/categories?post=1009300"},{"taxonomy":"post_tag","embeddable":true,"href":"https:\/\/www.europesays.com\/fr\/wp-json\/wp\/v2\/tags?post=1009300"}],"curies":[{"name":"wp","href":"https:\/\/api.w.org\/{rel}","templated":true}]}}