{"id":100933,"date":"2025-05-15T03:18:09","date_gmt":"2025-05-15T03:18:09","guid":{"rendered":"https:\/\/www.europesays.com\/fr\/100933\/"},"modified":"2025-05-15T03:18:09","modified_gmt":"2025-05-15T03:18:09","slug":"cetait-important-de-lui-rendre-un-hommage-dans-cette-ville-ou-tout-a-commence-la-fille-dalain-delon-reagit-a-lexposition-de-photos-de-son-pere-deployee-sur-les-murs-de-ca","status":"publish","type":"post","link":"https:\/\/www.europesays.com\/fr\/100933\/","title":{"rendered":"\u00ab\u00a0C\u2019\u00e9tait important de lui rendre un hommage dans cette ville o\u00f9 tout a commenc\u00e9\u00a0\u00bb: la fille d\u2019Alain Delon r\u00e9agit \u00e0 l\u2019exposition de photos de son p\u00e8re d\u00e9ploy\u00e9e sur les murs de Cannes"},"content":{"rendered":"<p>Alain Delon, \u00e9ternellement repr\u00e9sent\u00e9. Le monstre sacr\u00e9 du cin\u00e9ma fran\u00e7ais, d\u00e9c\u00e9d\u00e9 en ao\u00fbt 2024, est \u00e0 l\u2019honneur de la 21e \u00e9dition de l\u2019exposition Cannes fait le mur, qui se tient jusqu\u2019au 13 juin prochain. Intitul\u00e9e \u00ab\u00a0Delon &amp; Elles\u00a0\u00bb, l\u2019exposition rend hommage \u00e0 l\u2019acteur \u00e0 travers les femmes qui ont marqu\u00e9 sa carri\u00e8re.<\/p>\n<p>Inaugur\u00e9e hier avec le d\u00e9voilement d\u2019une grande affiche sur la fa\u00e7ade est de l\u2019h\u00f4tel de ville &#8211; o\u00f9 l\u2019on voit Alain Delon avec Brigitte Bardot -, en pr\u00e9sence notamment d\u2019Anouchka Delon, fille de l\u2019acteur et de Thierry Fr\u00e9maux, d\u00e9l\u00e9gu\u00e9 g\u00e9n\u00e9ral du Festival de Cannes, l\u2019exposition rassemble un ensemble de clich\u00e9s soigneusement s\u00e9lectionn\u00e9s, proposant ainsi une \u00ab\u00a0promenade photographique en plein air\u00a0\u00bb gr\u00e2ce \u00e0 de grandes b\u00e2ches tendues dans toute la ville. Une occasion unique pour le public de red\u00e9couvrir \u00ab\u00a0des photographies iconiques et in\u00e9dites qui c\u00e9l\u00e8brent l\u2019acteur ainsi que les femmes qui ont marqu\u00e9 sa carri\u00e8re\u00a0\u00bb, souligne la municipalit\u00e9.<\/p>\n<p>Des g\u00e9n\u00e9rations marqu\u00e9es par des films l\u00e9gendaires<\/p>\n<p>Brigitte Bardot, Romy Schneider, Catherine Deneuve, Mireille Darc ou encore Ursula Andress\u2026 Toutes ont partag\u00e9 l\u2019\u00e9cran avec Alain Delon et contribu\u00e9 \u00e0 fa\u00e7onner une image publique qui a marqu\u00e9 des g\u00e9n\u00e9rations, \u00e0 travers des films l\u00e9gendaires comme \u00ab\u00a0Plein Soleil\u00a0\u00bb, \u00ab\u00a0Rocco et ses fr\u00e8res\u00a0\u00bb, \u00ab\u00a0M\u00e9lodie en sous-sol\u00a0\u00bb, \u00ab\u00a0Le Gu\u00e9pard\u00a0\u00bb, \u00ab\u00a0L\u2019Insoumis\u00a0\u00bb, \u00ab\u00a0Le Samoura\u00ef\u00a0\u00bb, \u00ab\u00a0La Piscine\u00a0\u00bb, \u00ab\u00a0Le Clan des Siciliens\u00a0\u00bb, \u00ab\u00a0Le Cercle rouge\u00a0\u00bb, \u00ab\u00a0Borsalino\u00a0\u00bb, \u00ab\u00a0Un flic\u00a0\u00bb ou \u00ab\u00a0Monsieur Klein\u00a0\u00bb.<\/p>\n<p>\u00ab\u00a0Honorer un acteur qui a r\u00e9ussi \u00e0 imprimer autant la nature des \u0153uvres cin\u00e9matographiques dans lesquelles il a tourn\u00e9, c\u2019est tout simplement un acte culturel, t\u00e9moigne David Lisnard, le maire de Cannes. Alain Delon fait partie du patrimoine mondial du cin\u00e9ma, mais il fait aussi partie du patrimoine de Cannes, puisque Cannes l\u2019a r\u00e9v\u00e9l\u00e9 \u00e0 travers de nombreux films, notamment de l\u2019\u00e2ge d\u2019or du cin\u00e9ma italien, dont il \u00e9tait un des interpr\u00e8tes.\u00a0\u00bb<\/p>\n<p>Palme d\u2019Or d\u2019honneur en 2019<\/p>\n<p>\u00c0 travers cette exposition, ce sont donc l\u2019influence des femmes, le charisme intemporel de Delon et sa place incontournable dans le cin\u00e9ma mondial qui sont mis en lumi\u00e8re dans la cit\u00e9 des festivals. \u00ab\u00a0La mort, c\u2019est ce qui fait les h\u00e9ros, confie Anouchka Delon. Mais quel h\u00e9ros serait-il sans toutes ces merveilleuses h\u00e9ro\u00efnes qui ont partag\u00e9 l\u2019affiche avec lui? Annie Girardot, Brigitte Bardot, Simone Signoret, Romy Schneider, Monica Vitti et toutes les autres\u2026\u00a0\u00bb Et de souligner la coh\u00e9rence de r\u00e9aliser ce projet \u00e0 Cannes. \u00ab\u00a0On trouvait que c\u2019\u00e9tait important de lui rendre un hommage dans cette ville o\u00f9 finalement tout a commenc\u00e9. On peut d\u2019ailleurs voir une photo lors de son premier Festival de Cannes.\u00a0\u00bb<\/p>\n<p>En 2019, Alain Delon avait re\u00e7u une Palme d\u2019Or d\u2019honneur.<\/p>\n","protected":false},"excerpt":{"rendered":"Alain Delon, \u00e9ternellement repr\u00e9sent\u00e9. Le monstre sacr\u00e9 du cin\u00e9ma fran\u00e7ais, d\u00e9c\u00e9d\u00e9 en ao\u00fbt 2024, est \u00e0 l\u2019honneur de&hellip;\n","protected":false},"author":2,"featured_media":100934,"comment_status":"","ping_status":"","sticky":false,"template":"","format":"standard","meta":{"footnotes":""},"categories":[1359],"tags":[58,59,5634,1011,27,973],"class_list":{"0":"post-100933","1":"post","2":"type-post","3":"status-publish","4":"format-standard","5":"has-post-thumbnail","7":"category-people","8":"tag-divertissement","9":"tag-entertainment","10":"tag-festival-de-cannes","11":"tag-fr","12":"tag-france","13":"tag-people"},"share_on_mastodon":{"url":"https:\/\/pubeurope.com\/@fr\/114509689854333218","error":""},"_links":{"self":[{"href":"https:\/\/www.europesays.com\/fr\/wp-json\/wp\/v2\/posts\/100933","targetHints":{"allow":["GET"]}}],"collection":[{"href":"https:\/\/www.europesays.com\/fr\/wp-json\/wp\/v2\/posts"}],"about":[{"href":"https:\/\/www.europesays.com\/fr\/wp-json\/wp\/v2\/types\/post"}],"author":[{"embeddable":true,"href":"https:\/\/www.europesays.com\/fr\/wp-json\/wp\/v2\/users\/2"}],"replies":[{"embeddable":true,"href":"https:\/\/www.europesays.com\/fr\/wp-json\/wp\/v2\/comments?post=100933"}],"version-history":[{"count":0,"href":"https:\/\/www.europesays.com\/fr\/wp-json\/wp\/v2\/posts\/100933\/revisions"}],"wp:featuredmedia":[{"embeddable":true,"href":"https:\/\/www.europesays.com\/fr\/wp-json\/wp\/v2\/media\/100934"}],"wp:attachment":[{"href":"https:\/\/www.europesays.com\/fr\/wp-json\/wp\/v2\/media?parent=100933"}],"wp:term":[{"taxonomy":"category","embeddable":true,"href":"https:\/\/www.europesays.com\/fr\/wp-json\/wp\/v2\/categories?post=100933"},{"taxonomy":"post_tag","embeddable":true,"href":"https:\/\/www.europesays.com\/fr\/wp-json\/wp\/v2\/tags?post=100933"}],"curies":[{"name":"wp","href":"https:\/\/api.w.org\/{rel}","templated":true}]}}