{"id":100937,"date":"2025-05-15T03:21:17","date_gmt":"2025-05-15T03:21:17","guid":{"rendered":"https:\/\/www.europesays.com\/fr\/100937\/"},"modified":"2025-05-15T03:21:17","modified_gmt":"2025-05-15T03:21:17","slug":"qui-a-ete-elimine-dans-lepisode-du-mercredi-14-mai-et-qui-a-ete-sauve-dans-les-brigades-cachees","status":"publish","type":"post","link":"https:\/\/www.europesays.com\/fr\/100937\/","title":{"rendered":"Qui a \u00e9t\u00e9 \u00e9limin\u00e9 dans l&rsquo;\u00e9pisode du mercredi 14 mai et qui a \u00e9t\u00e9 sauv\u00e9 dans Les Brigades cach\u00e9es ?"},"content":{"rendered":"<p><a href=\"https:\/\/www.programme-tv.net\/news\/tv\/378317-top-chef-2025-qui-a-ete-elimine-dans-l-episode-du-mercredi-7-mai-et-qui-a-ete-sauve-dans-les-brigades-cachees\/\" data-api-deeplink=\"teleloisirs:\/\/news\/378317\" target=\"_blank\" rel=\"noopener\">La semaine derni\u00e8re, Sean quittait l&rsquo;aventure Top Chef 2025<\/a>. Dor\u00e9navant, <b>il ne reste que deux brigades encore compl\u00e8tes<\/b>\u00a0: celle de Philippe Etchebest et celle de Paul Pairet. Pour les chefs Glenn Viel, St\u00e9phanie Le Quellec et H\u00e9l\u00e8ne Darroze, tout ne repose plus que sur un candidat. Cette semaine, seulement Charles, Charlie, Esteban, Quentin et Margaux ont pu s&rsquo;affronter dans les cuisines de <a href=\"https:\/\/www.programme-tv.net\/news\/tv\/365451-top-chef-2025-jury-tournage-pas-d-objectif-top-chef-les-premieres-infos-de-la-saison-16\/\" data-api-deeplink=\"teleloisirs:\/\/news\/365451\" target=\"_blank\" rel=\"noopener\">Top Chef 2025<\/a> pour \u00eatre d\u00e9gust\u00e9s par les inspecteurs. Vous n&rsquo;avez pas regard\u00e9 l&rsquo;\u00e9mission ce mercredi soir\u00a0? Vous n&rsquo;avez pas pu rester jusqu&rsquo;au bout du prime\u00a0? Pas de panique, on vous r\u00e9sume le huiti\u00e8me \u00e9pisode de cette saison 16.<\/p>\n<p>\u00ab\u00a0\u00c7a m&rsquo;a clairement sauv\u00e9\u00a0\u00bb\u00a0: Quentin explique son rapport \u00e0 la cuisine dans Top Chef 2025<\/p>\n<p>Pour la premi\u00e8re \u00e9preuve, les candidats doivent faire un plat qui leur ressemble, qui raconte leur histoire. Pour <a href=\"https:\/\/www.programme-tv.net\/news\/tv\/374404-c-est-dur-pour-un-enfant-quentin-top-chef-2025-se-confie-sur-le-deces-de-sa-mere-alors-qu-il-n-avait-que-13-ans\/\" data-api-deeplink=\"teleloisirs:\/\/news\/374404\" target=\"_blank\" rel=\"noopener\">Quentin, ce th\u00e8me lui permet de traiter un sujet qu&rsquo;il n&rsquo;\u00e9voque jamais<\/a>, celui de sa m\u00e8re d\u00e9c\u00e9d\u00e9e et de ce que la cuisine repr\u00e9sente pour lui depuis cette p\u00e9riode. <b>\u00ab\u00a0J&rsquo;ai commenc\u00e9 la cuisine au moment o\u00f9 j&rsquo;ai perdu ma maman\u00a0\u00bb<\/b>, explique-t-il \u00e0 Pierre Gagnaire, pr\u00e9sent pour coacher les candidats lors de cette \u00e9preuve. Il continue\u00a0: \u00ab\u00a0C&rsquo;est ce m\u00e9tier-l\u00e0 qui m&rsquo;a un peu aid\u00e9 \u00e0 me reconstruire. \u00c7a m&rsquo;a clairement sauv\u00e9\u00a0\u00bb. Sans la cuisine, le jeune homme pense qu&rsquo;il \u00ab\u00a0aurait pu vriller pas mal de fois\u00a0\u00bb. Alors qu&rsquo;il est \u00e2g\u00e9 de 14 ans, sa m\u00e8re d\u00e9c\u00e8de. Depuis, il ne parle plus de ce sujet. Mais comme il l&rsquo;explique, il est temps de changer \u00e7a\u00a0: \u00ab\u00a0Je n&rsquo;ai jamais parl\u00e9 de ma m\u00e8re dans ma vie, en g\u00e9n\u00e9ral. Par pudeur ou par bouclier \u00e9motionnel. Face aux inspecteurs c&rsquo;est peut-\u00eatre l&rsquo;occasion de passer le cap\u00a0\u00bb. Lors de la d\u00e9gustation, les inspecteurs ne sont pas insensibles \u00e0 l&rsquo;histoire cette assiette qu&rsquo;ils d\u00e9gustent. Mais c&rsquo;est Charlie qui remporte le premier et le second coup de c\u0153ur. <b>Ce qui lui permet d&rsquo;acc\u00e9der directement aux quarts de finale de <\/b><b>Top Chef 2025<\/b>. Esteban, qui n&rsquo;a pas satisfait le jury des inspecteurs, est envoy\u00e9 en \u00e9preuve \u00e9liminatoire express.<\/p>\n<p>                        \u00ab\u00a0Je n&rsquo;ai jamais eu d&rsquo;aussi beaux commentaires de tout Top Chef\u00a0\u00bb\u00a0: Philippine est surprise par les commentaires qu&rsquo;elle re\u00e7oit dans Les Brigades Cach\u00e9es<\/p>\n<p>Apr\u00e8s que leurs camarades ont cuisin\u00e9 pour les inspecteurs, il est maintenant temps pour <b>Esteban, Claudio et Philippine &#8211; ces deux derniers ne s&rsquo;\u00e9tant pas qualifi\u00e9s la semaine derni\u00e8re &#8211; de s&rsquo;affronter dans une \u00e9preuve \u00e9liminatoire express<\/b> autour du th\u00e8me du sucr\u00e9 sal\u00e9. Lors de la d\u00e9gustation \u00e0 l&rsquo;aveugle, l&rsquo;assiette de Philippine qui est quasiment parfaite, manque de sucr\u00e9. Elle ne passe pas face \u00e0 celles des gar\u00e7ons. \u00c0 l&rsquo;annonce de son \u00e9limination, Charles est \u00e9mu\u00a0: \u00ab\u00a0C&rsquo;est un peu le moment que l&rsquo;on redoutait le plus dans cette exp\u00e9rience qu&rsquo;on a faite \u00e0 deux. Moi, je suis tr\u00e8s fier de Phiphi\u00a0\u00bb, dit-il. La jeune femme quitte donc l&rsquo;aventure Top Chef, tout comme sa cheffe H\u00e9l\u00e8ne Darroze qui n&rsquo;a plus de candidat dans sa brigade. Pour Philippine, cette exp\u00e9rience a \u00e9t\u00e9 formatrice\u00a0: \u00ab\u00a0\u00c7a va changer ma vie. Aujourd&rsquo;hui, je me sens vachement plus cheffe\u00a0\u00bb. Dans Les Brigades Cach\u00e9es, elle va affronter Ilane et Gr\u00e9goire autour du th\u00e8me des farcis modernes. Et la jeune femme a une id\u00e9e que les chefs ne sont pas pr\u00e8s d&rsquo;oublier. Pas de l\u00e9gume pour Philippine, mais une fleur. C&rsquo;est une rose farcie que Fran\u00e7ois-R\u00e9gis Gaudry, \u00c9ric Fr\u00e9chon et Fabien Ferr\u00e9 vont d\u00e9guster. \u00c0 la d\u00e9couverte de l&rsquo;assiette, c&rsquo;est une pluie de compliments que la cuisini\u00e8re re\u00e7oit. <b>\u00ab\u00a0Je n&rsquo;ai jamais eu d&rsquo;aussi beaux commentaires de tout <\/b><b>Top Chef<\/b><b>\u00a0\u00bb <\/b>dit-elle, surprise. Mais malheureusement le plat manque de sel, ce qui le rend presque sucr\u00e9, donc hors th\u00e8me. Lors du verdict, c&rsquo;est Philippine qui quitte d\u00e9finitivement les cuisines de Top Chef.<\/p>\n","protected":false},"excerpt":{"rendered":"La semaine derni\u00e8re, Sean quittait l&rsquo;aventure Top Chef 2025. Dor\u00e9navant, il ne reste que deux brigades encore compl\u00e8tes\u00a0:&hellip;\n","protected":false},"author":2,"featured_media":100938,"comment_status":"","ping_status":"","sticky":false,"template":"","format":"standard","meta":{"footnotes":""},"categories":[1356],"tags":[244,58,59,1011,27,19163,494,19164,19169,6094,252,492,13958,1364,1630],"class_list":{"0":"post-100937","1":"post","2":"type-post","3":"status-publish","4":"format-standard","5":"has-post-thumbnail","7":"category-television","8":"tag-commentaire","9":"tag-divertissement","10":"tag-entertainment","11":"tag-fr","12":"tag-france","13":"tag-glenn-viel","14":"tag-m6","15":"tag-paul-pairet","16":"tag-philippine-jaillet-top-chef-16","17":"tag-stu00e9phanie-le-quellec","18":"tag-television","19":"tag-top-chef","20":"tag-top-chef-la-brigade-cachu00e9e","21":"tag-tv","22":"tag-zapping"},"share_on_mastodon":{"url":"https:\/\/pubeurope.com\/@fr\/114509701722463719","error":""},"_links":{"self":[{"href":"https:\/\/www.europesays.com\/fr\/wp-json\/wp\/v2\/posts\/100937","targetHints":{"allow":["GET"]}}],"collection":[{"href":"https:\/\/www.europesays.com\/fr\/wp-json\/wp\/v2\/posts"}],"about":[{"href":"https:\/\/www.europesays.com\/fr\/wp-json\/wp\/v2\/types\/post"}],"author":[{"embeddable":true,"href":"https:\/\/www.europesays.com\/fr\/wp-json\/wp\/v2\/users\/2"}],"replies":[{"embeddable":true,"href":"https:\/\/www.europesays.com\/fr\/wp-json\/wp\/v2\/comments?post=100937"}],"version-history":[{"count":0,"href":"https:\/\/www.europesays.com\/fr\/wp-json\/wp\/v2\/posts\/100937\/revisions"}],"wp:featuredmedia":[{"embeddable":true,"href":"https:\/\/www.europesays.com\/fr\/wp-json\/wp\/v2\/media\/100938"}],"wp:attachment":[{"href":"https:\/\/www.europesays.com\/fr\/wp-json\/wp\/v2\/media?parent=100937"}],"wp:term":[{"taxonomy":"category","embeddable":true,"href":"https:\/\/www.europesays.com\/fr\/wp-json\/wp\/v2\/categories?post=100937"},{"taxonomy":"post_tag","embeddable":true,"href":"https:\/\/www.europesays.com\/fr\/wp-json\/wp\/v2\/tags?post=100937"}],"curies":[{"name":"wp","href":"https:\/\/api.w.org\/{rel}","templated":true}]}}