{"id":100939,"date":"2025-05-15T03:22:13","date_gmt":"2025-05-15T03:22:13","guid":{"rendered":"https:\/\/www.europesays.com\/fr\/100939\/"},"modified":"2025-05-15T03:22:13","modified_gmt":"2025-05-15T03:22:13","slug":"kery-james-de-retour-avec-un-clip-et-un-nouvel-album","status":"publish","type":"post","link":"https:\/\/www.europesays.com\/fr\/100939\/","title":{"rendered":"Kery James de retour avec un clip et un nouvel album !"},"content":{"rendered":"<p><strong>On dirait bien que les come-backs sont \u00e0 la mode ces derni\u00e8res ann\u00e9es dans le rap fran\u00e7ais !<\/strong> De nombreux anciens avaient pourtant fini par l\u00e2cher le micro, soit parce qu&rsquo;ils sont fatigu\u00e9s, ou qu&rsquo;ils n&rsquo;ont plus d&rsquo;id\u00e9es, ou bien que ce que le game repr\u00e9sente ne leur convient plus. Mais certains ont d\u00e9cid\u00e9 de revenir pour notre plus grand plaisir ! <a href=\"https:\/\/generations.fr\/news\/culture-et-societe\/77234\/les-flammes-2024-decouvrez-les-plus-belles-prestations-live\" target=\"_blank\" rel=\"noopener nofollow\">On pense notamment \u00e0 La Fouin<\/a>e, l&rsquo;ann\u00e9e derni\u00e8re, et <strong>cette ann\u00e9e, c&rsquo;est au tour de <a href=\"https:\/\/generations.fr\/news\/coulisse\/75079\/kery-james-pourquoi-il-veut-quitter-la-france\" target=\"_blank\" rel=\"noopener nofollow\">Kery James<\/a> d&rsquo;annoncer qu&rsquo;il revient avec un nouveau clip, \u00ab\u00a0Radical\u00a0\u00bb, et un nouvel album !<\/strong><\/p>\n<p><strong>Un retour surprise<\/strong>, qui a lieu exactement dans le m\u00eame timing que celui de Laouni l&rsquo;ann\u00e9e pass\u00e9e : au moment des Flammes. D&rsquo;ailleurs,<a href=\"https:\/\/generations.fr\/news\/musique\/79764\/les-flammes-2025-kaaris-nessbeal-kery-james-les-plus-grands-moments-de-la-soiree\" target=\"_blank\" rel=\"noopener nofollow\"> Kery a fait un petit discours pendant la c\u00e9r\u00e9monie<\/a> hier soir, qui n&rsquo;est pas pass\u00e9 inaper\u00e7u ! Le rappeur du 94, un des chefs de file de la mafia K&rsquo;1 Fry, a \u00e9galement <strong>d\u00e9voil\u00e9 un tout nouveau single accompagn\u00e9 d&rsquo;un clip. Le morceau s&rsquo;appelle \u00ab\u00a0Radical\u00a0\u00bb<\/strong>, et comme le titre l&rsquo;indique, il est plut\u00f4t engag\u00e9 et vindicatif. On y retrouve <strong>un Kery James fid\u00e8le \u00e0 lui-m\u00eame, pr\u00eat \u00e0 se battre pour ses id\u00e9es<\/strong>, sur une prod qui n&rsquo;est m\u00eame pas si old school, avec <strong>un long couplet fleuve dans lequel il encha\u00eene les punchlines.<\/strong><\/p>\n<\/p>\n<p>Des punchlines assez tranchantes, et forc\u00e9ment assez engag\u00e9es. Toujours l\u00e0 \u00e0 soutenir le prol\u00e9tariat, les banlieusards, les descendants d&rsquo;immigr\u00e9s, les agriculteurs et globalement tous les laiss\u00e9es pour compte de France, on retrouve <strong>un Kery James fid\u00e8le \u00e0 ses principes, et \u00e7a fait plaisir de voir qu&rsquo;il n&rsquo;a pas voulu faire absolument du jeunisme en faisant de l&rsquo;egotrip sur une grosse prod drill<\/strong> comme certains l&rsquo;ont fait.\u00a0<\/p>\n<p>Pour le clip, l\u00e0 encore, du grand Kery James, puisqu&rsquo;on le retrouve<strong> dans une salle de boxe pr\u00eat au combat<\/strong>, avec une symbolique \u00e9vidente et plut\u00f4t simple \u00e0 comprendre pour ceux qui suivent le rappeur. Et pour les fans de l&rsquo;artiste, il en a \u00e9galement <strong>profit\u00e9 pour annoncer son retour avec un album, qui sortira le 19 septembre 2025 !<\/strong><\/p>\n<blockquote class=\"instagram-media\" style=\"background: #FFF; border: 0; border-radius: 3px; box-shadow: 0 0 1px 0 rgba(0,0,0,0.5),0 1px 10px 0 rgba(0,0,0,0.15); margin: 1px; max-width: 540px; min-width: 326px; padding: 0; width: calc(100% - 2px);\" data-instgrm-captioned=\"\" data-instgrm-permalink=\"https:\/\/www.instagram.com\/reel\/DJmloeBNKFR\/?utm_source=ig_embed&amp;utm_campaign=loading\" data-instgrm-version=\"14\"><p>&#13;<br \/>\n&#13;\n<\/p><\/blockquote>\n<p>\t\t\t\t\t\t\t\t\t\t\t\t\t\t\t\t\t\t\t<script async src=\"\/\/www.instagram.com\/embed.js\"><\/script><\/p>\n","protected":false},"excerpt":{"rendered":"On dirait bien que les come-backs sont \u00e0 la mode ces derni\u00e8res ann\u00e9es dans le rap fran\u00e7ais !&hellip;\n","protected":false},"author":2,"featured_media":100940,"comment_status":"","ping_status":"","sticky":false,"template":"","format":"standard","meta":{"footnotes":""},"categories":[1355],"tags":[3627,3628,3626,3632,3631,3630,3629,3649,3634,3647,3663,3625,3623,3646,2163,3648,3645,58,59,3660,1011,27,3612,3620,3606,3607,3605,3608,3665,3657,3622,3613,3617,3615,3609,3614,3659,3654,3643,3653,3650,3641,3636,3642,3638,3651,3635,1361,873,12,3624,626,3639,2189,3658,1825,3618,3616,3661,3656,3619,3621,3662,3640,3664,3633,3644,3611,3610,3637,1863,2955,3655,3652],"class_list":{"0":"post-100939","1":"post","2":"type-post","3":"status-publish","4":"format-standard","5":"has-post-thumbnail","7":"category-musique","8":"tag-3627","9":"tag-3628","10":"tag-3626","11":"tag-3632","12":"tag-3631","13":"tag-3630","14":"tag-3629","15":"tag-al-peco","16":"tag-alibi","17":"tag-alpeco","18":"tag-b2o","19":"tag-banlieue","20":"tag-black","21":"tag-booba","22":"tag-chroniques","23":"tag-despo","24":"tag-diams","25":"tag-divertissement","26":"tag-entertainment","27":"tag-exclus","28":"tag-fr","29":"tag-france","30":"tag-freestyles","31":"tag-funk","32":"tag-generation","33":"tag-generation88-2","34":"tag-generations","35":"tag-generations88-2","36":"tag-generationslive","37":"tag-genratio","38":"tag-grime","39":"tag-hip","40":"tag-hip-hop","41":"tag-hiphop","42":"tag-hiphopsoul","43":"tag-hop","44":"tag-hotlist","45":"tag-james","46":"tag-k1fry","47":"tag-kerry","48":"tag-larsen","49":"tag-lim","50":"tag-lskadrille","51":"tag-mafia","52":"tag-mctyer","53":"tag-medine","54":"tag-montana","55":"tag-music","56":"tag-musique","57":"tag-news","58":"tag-noir","59":"tag-paris","60":"tag-parishiphop","61":"tag-photos","62":"tag-playlist","63":"tag-radio","64":"tag-ragga","65":"tag-rap","66":"tag-rap-francais","67":"tag-rapfr","68":"tag-reggae","69":"tag-rnb","70":"tag-roh2f","71":"tag-rue","72":"tag-ruskov-molotov","73":"tag-sefyu","74":"tag-sinik","75":"tag-sons","76":"tag-soul","77":"tag-tandem","78":"tag-us","79":"tag-videos","80":"tag-webradio","81":"tag-youssoupha"},"share_on_mastodon":{"url":"","error":"Validation failed: Text character limit of 500 exceeded"},"_links":{"self":[{"href":"https:\/\/www.europesays.com\/fr\/wp-json\/wp\/v2\/posts\/100939","targetHints":{"allow":["GET"]}}],"collection":[{"href":"https:\/\/www.europesays.com\/fr\/wp-json\/wp\/v2\/posts"}],"about":[{"href":"https:\/\/www.europesays.com\/fr\/wp-json\/wp\/v2\/types\/post"}],"author":[{"embeddable":true,"href":"https:\/\/www.europesays.com\/fr\/wp-json\/wp\/v2\/users\/2"}],"replies":[{"embeddable":true,"href":"https:\/\/www.europesays.com\/fr\/wp-json\/wp\/v2\/comments?post=100939"}],"version-history":[{"count":0,"href":"https:\/\/www.europesays.com\/fr\/wp-json\/wp\/v2\/posts\/100939\/revisions"}],"wp:featuredmedia":[{"embeddable":true,"href":"https:\/\/www.europesays.com\/fr\/wp-json\/wp\/v2\/media\/100940"}],"wp:attachment":[{"href":"https:\/\/www.europesays.com\/fr\/wp-json\/wp\/v2\/media?parent=100939"}],"wp:term":[{"taxonomy":"category","embeddable":true,"href":"https:\/\/www.europesays.com\/fr\/wp-json\/wp\/v2\/categories?post=100939"},{"taxonomy":"post_tag","embeddable":true,"href":"https:\/\/www.europesays.com\/fr\/wp-json\/wp\/v2\/tags?post=100939"}],"curies":[{"name":"wp","href":"https:\/\/api.w.org\/{rel}","templated":true}]}}