{"id":100941,"date":"2025-05-15T03:23:09","date_gmt":"2025-05-15T03:23:09","guid":{"rendered":"https:\/\/www.europesays.com\/fr\/100941\/"},"modified":"2025-05-15T03:23:09","modified_gmt":"2025-05-15T03:23:09","slug":"tom-cruise-et-lequipe-du-film-mission-impossible-accueillis-sur-le-tapis-rouge-par-un-orchestre-cannois-les-images-geniales-dun-generique-mythique","status":"publish","type":"post","link":"https:\/\/www.europesays.com\/fr\/100941\/","title":{"rendered":"Tom Cruise et l&rsquo;\u00e9quipe du film \u00ab\u00a0Mission Impossible\u00a0\u00bb accueillis sur le tapis rouge par un orchestre cannois, les images g\u00e9niales d&rsquo;un g\u00e9n\u00e9rique mythique"},"content":{"rendered":"<p>Ah, Cannes, sa Croisette, son Festival de cin\u00e9ma et&#8230; ses musiciens!<\/p>\n<p>Ce mercredi 14 mai, tous les regards \u00e9taient tourn\u00e9s vers le Palais des Festivals, o\u00f9 Tom Cruise \u00e9tait venu pr\u00e9senter le dernier opus de la Mission Impossible,\u00a0r\u00e9alis\u00e9 par Christopher McQuarrie.<\/p>\n<p>Pour marquer le coup, le th\u00e8me de la saga a r\u00e9sonn\u00e9 toute la journ\u00e9e: <a href=\"https:\/\/www.nicematin.com\/festival-de-cannes\/ici-ethan-hunt-tendez-l-oreille-ces-prochains-jours-si-vous-vous-trouvez-en-gare-de-cannes-ou-de-nice-la-voix-francaise-de-tom-cruise-a-un-message-pour-vous-984992\" target=\"_blank\" rel=\"noopener\">de la gare de Cannes<\/a>, o\u00f9 le jingle de pr\u00e9vention de la SNCF a retenti toute la journ\u00e9e, <a href=\"https:\/\/www.nicematin.com\/festival-de-cannes\/78e-festival-de-cannes-ils-ont-repris-sur-le-tapis-rouge-la-musique-de-mission-impossible-a-la-bouche-qui-sont-les-quatre-beatboxers-francais-de-berywam-985787\" target=\"_blank\" rel=\"noopener\">aux beatboxers fran\u00e7ais de Berywan,<\/a> qui ont interpr\u00e9t\u00e9 le g\u00e9n\u00e9rique \u00e9crit par Lalo Schiffrin, jusqu&rsquo;\u00e0 l&rsquo;ouverture de la mont\u00e9e des marches.<\/p>\n<p>                                <strong>Un orchestre cannois pour accueillir Tom Cruise!<\/strong><\/p>\n<p>Cocorico, pour accueillir toute l&rsquo;\u00e9quipe du film Mission: Impossible &#8211; the Final Reckoning\u00a0\u00bb, c&rsquo;est un orchestre de musiciens cannois qui a \u00e9t\u00e9 appel\u00e9.<\/p>\n<p>Le g\u00e9n\u00e9rique mythique\u00a0a donc retenti \u00e0 nouveau, interpr\u00e9t\u00e9 par <a href=\"https:\/\/www.nicematin.com\/culture\/un-anniversaire-feu-d-artifice-du-conservatoire-241835\" target=\"_blank\" rel=\"noopener\">un big band emmen\u00e9 par Jean-Claude di Costanzo<\/a>, jazzman, saxophoniste et professeur de cet instrument dans une \u00e9cole de musique.<\/p>\n<p>Et, pour que la f\u00eate soit encore plus belle, c&rsquo;est Mosimann, le c\u00e9l\u00e8bre DJ et producteur de musique suisse, qui a pris les platines pour jouer son remix du th\u00e8me du film, en version dance\/house.<\/p>\n<p>                                Autographes et selfies<\/p>\n<p>Du c\u00f4t\u00e9 du tapis rouge, arriv\u00e9 en voiture officielle, Tom Cruise a pass\u00e9 un long moment avec les fans mass\u00e9s derri\u00e8re les barri\u00e8res, signant des autographes et prenant des selfies. G\u00e9n\u00e9reux.<\/p>\n<p>Puis il a pris la direction du tapis rouge, avec l&rsquo;\u00e9quipe du film, sur la musique du Carnaval des Animaux, th\u00e8me l\u00e9gendaire du Festival de Cannes.<\/p>\n","protected":false},"excerpt":{"rendered":"Ah, Cannes, sa Croisette, son Festival de cin\u00e9ma et&#8230; ses musiciens! Ce mercredi 14 mai, tous les regards&hellip;\n","protected":false},"author":2,"featured_media":100942,"comment_status":"","ping_status":"","sticky":false,"template":"","format":"standard","meta":{"footnotes":""},"categories":[1354],"tags":[58,59,5634,1346,1011,27,1360],"class_list":{"0":"post-100941","1":"post","2":"type-post","3":"status-publish","4":"format-standard","5":"has-post-thumbnail","7":"category-films","8":"tag-divertissement","9":"tag-entertainment","10":"tag-festival-de-cannes","11":"tag-films","12":"tag-fr","13":"tag-france","14":"tag-movies"},"share_on_mastodon":{"url":"https:\/\/pubeurope.com\/@fr\/114509709533048132","error":""},"_links":{"self":[{"href":"https:\/\/www.europesays.com\/fr\/wp-json\/wp\/v2\/posts\/100941","targetHints":{"allow":["GET"]}}],"collection":[{"href":"https:\/\/www.europesays.com\/fr\/wp-json\/wp\/v2\/posts"}],"about":[{"href":"https:\/\/www.europesays.com\/fr\/wp-json\/wp\/v2\/types\/post"}],"author":[{"embeddable":true,"href":"https:\/\/www.europesays.com\/fr\/wp-json\/wp\/v2\/users\/2"}],"replies":[{"embeddable":true,"href":"https:\/\/www.europesays.com\/fr\/wp-json\/wp\/v2\/comments?post=100941"}],"version-history":[{"count":0,"href":"https:\/\/www.europesays.com\/fr\/wp-json\/wp\/v2\/posts\/100941\/revisions"}],"wp:featuredmedia":[{"embeddable":true,"href":"https:\/\/www.europesays.com\/fr\/wp-json\/wp\/v2\/media\/100942"}],"wp:attachment":[{"href":"https:\/\/www.europesays.com\/fr\/wp-json\/wp\/v2\/media?parent=100941"}],"wp:term":[{"taxonomy":"category","embeddable":true,"href":"https:\/\/www.europesays.com\/fr\/wp-json\/wp\/v2\/categories?post=100941"},{"taxonomy":"post_tag","embeddable":true,"href":"https:\/\/www.europesays.com\/fr\/wp-json\/wp\/v2\/tags?post=100941"}],"curies":[{"name":"wp","href":"https:\/\/api.w.org\/{rel}","templated":true}]}}