{"id":100943,"date":"2025-05-15T03:25:09","date_gmt":"2025-05-15T03:25:09","guid":{"rendered":"https:\/\/www.europesays.com\/fr\/100943\/"},"modified":"2025-05-15T03:25:09","modified_gmt":"2025-05-15T03:25:09","slug":"mbappe-et-le-real-madrid-evitent-le-naufrage-contre-majorque-sacre-retarde-pour-le-fc-barcelone","status":"publish","type":"post","link":"https:\/\/www.europesays.com\/fr\/100943\/","title":{"rendered":"Mbapp\u00e9 et le Real Madrid \u00e9vitent le naufrage contre Majorque, sacre retard\u00e9 pour le FC Barcelone"},"content":{"rendered":"<p>Les Merengue, priv\u00e9s de nombreux joueurs, ont arrach\u00e9 la victoire, ce mercredi \u00e0 Santiago-Bernabeu, contre les Majorquins (2-1). Le Bar\u00e7a devra attendre pour \u00eatre officiellement champion d\u2019Espagne.<\/p>\n<p class=\"fig-paragraph\">Le\u00a0<a href=\"http:\/\/www.lefigaro.fr\/sports\/football\/espagne\/liga-vinicius-jr-et-lucas-vazquez-blesses-l-hecatombe-se-poursuit-au-real-madrid-20250512\" data-fig-type=\"NewsFlash\" data-gtm-custom-categorie=\"navigation\" data-gtm-custom-action=\"crossclick\" data-gtm-custom-label=\"Contextuel\" data-gtm-event=\"customEventSPE\" data-fig-domain=\"LEFIGARO\" target=\"_blank\" rel=\"noopener\">Real Madrid<\/a>\u00a0a arrach\u00e9 la victoire in extremis, ce mercredi \u00e0 Santiago-Bernabeu, contre Majorque (2-1), pour le compte de la 36e journ\u00e9e de Liga. Valjent avait rapidement ouvert le score pour les visiteurs (11e), mais\u00a0<a href=\"http:\/\/www.lefigaro.fr\/sports\/football\/espagne\/des-buts-un-record-mais-aucun-trophee-pour-mbappe-une-premiere-saison-amere-au-real-madrid-20250512\" data-fig-type=\"NewsFlash\" data-gtm-custom-categorie=\"navigation\" data-gtm-custom-action=\"crossclick\" data-gtm-custom-label=\"Contextuel\" data-gtm-event=\"customEventSPE\" data-fig-domain=\"LEFIGARO\" target=\"_blank\" rel=\"noopener\">Kylian Mbapp\u00e9<\/a>\u00a0a sauv\u00e9 les siens d\u2019une d\u00e9faite \u00e0 domicile en marquant \u00e0 la 68e minute. Son 40e but de la saison. Les Madril\u00e8nes ont ensuite pouss\u00e9 et multipli\u00e9 les occasions, avant de doubler la mise par Jacobo Ramon (90e+5).<\/p>\n<p class=\"fig-paragraph\">Avec trois matches encore \u00e0 disputer,\u00a0<a href=\"http:\/\/www.lefigaro.fr\/flash-sport\/fc-barcelone-real-madrid-yamal-et-raphinha-couverts-d-or-mbappe-dans-l-histoire-le-calvaire-de-tchouameni-les-tops-flops-d-un-clasico-a-couper-le-souffle-20250511\" data-fig-type=\"NewsFlash\" data-gtm-custom-categorie=\"navigation\" data-gtm-custom-action=\"crossclick\" data-gtm-custom-label=\"Contextuel\" data-gtm-event=\"customEventSPE\" data-fig-domain=\"LEFIGARO\" target=\"_blank\" rel=\"noopener\">le Bar\u00e7a<\/a>\u00a0(1er, 82 points) devra attendre pour \u00eatre officiellement champion d\u2019Espagne et n\u2019aura besoin que de trois points et d\u2019une victoire, jeudi face \u00e0 l\u2019Espanyol Barcelone, pour \u00eatre sacr\u00e9 devant son dauphin madril\u00e8ne (2e, 78 points) qu\u2019il a battu lors des deux confrontations en Liga.<\/p>\n<p class=\"fig-paragraph\">Autant dire qu\u2019il n\u2019y a pas beaucoup de suspense. Mais le Real et sa recrue star Kylan vont finir la saison sans titre avec une \u00e9limination en quarts de finale de Ligue des champions contre Arsenal et des d\u00e9faites en finale de Coupe et de Supercoupe face \u00e0 Barcelone. Triste fin de cycle pour\u00a0<a href=\"http:\/\/www.lefigaro.fr\/sports\/football\/foot-les-nombreuses-missions-de-carlo-ancelotti-pour-relancer-le-bresil-20250514\" data-fig-type=\"NewsFlash\" data-gtm-custom-categorie=\"navigation\" data-gtm-custom-action=\"crossclick\" data-gtm-custom-label=\"Contextuel\" data-gtm-event=\"customEventSPE\" data-fig-domain=\"LEFIGARO\" target=\"_blank\" rel=\"noopener\">Carlo Ancelotti<\/a>\u00a0en partance pour la Sele\u00e7ao.<\/p>\n<p>Ancelotti priv\u00e9 de 12 joueurs<\/p>\n<p class=\"fig-paragraph\">Sur la pelouse d\u2019un stade Santiago Bernab\u00e9u clairsem\u00e9, le g\u00e9ant espagnol, champion d\u2019Espagne et d\u2019Europe en titre, a longtemps but\u00e9 sur une d\u00e9fense adverse compacte et le gardien rempla\u00e7ant des visiteurs, Leo Roman, auteur de dix parades d\u00e9cisives. Il a fallu un nouvel \u00e9clair de Mbapp\u00e9, son 28e de la saison en championnat, pour r\u00e9veiller une \u00e9quipe madril\u00e8ne d\u00e9cim\u00e9e par les blessures et qui comptait pas moins de douze absents mercredi\u00a0: Dani Carvajal, Eder Militao, Antonio R\u00fcdiger, Vinicius Junior, Rodrygo, David Alaba, Lucas Vazquez, Andriy Lunin, Brahim Diaz et les Fran\u00e7ais Ferland Mendy et Eduardo Camavinga, tous bless\u00e9s, ainsi qu\u2019Aur\u00e9lien Tchouam\u00e9ni, suspendu.<\/p>\n<p class=\"fig-paragraph\">C\u2019est ensuite le jeune d\u00e9fenseur Jacobo Ramon, 20 ans, titularis\u00e9 pour la premi\u00e8re fois de sa carri\u00e8re en Liga, qui a offert la victoire et un (tr\u00e8s) mince espoir de conserver son titre \u00e0 la Maison Blanche, plus proche cependant d\u2019une saison sans troph\u00e9e majeur, hormis la Supercoupe d\u2019Europe et la Coupe intercontinentale.<\/p>\n<p class=\"fig-paragraph\">Dans les autres rencontres de cette 36e journ\u00e9e, la victoire d\u2019Alav\u00e9s (17e, 38 points) contre Valence (11e, 45 points), 1-0, et celle de Villarreal (5e, 64 points), vainqueur 3-0 face \u00e0 Legan\u00e9s (18e, 34 points), ont condamn\u00e9 Las Palmas (19e, 32 points) officiellement rel\u00e9gu\u00e9 en deuxi\u00e8me division, avec Valladolid (20e, 16 points). Elles permettent en revanche \u00e0 G\u00e9rone (13e, 34 points), surprenant troisi\u00e8me l\u2019an pass\u00e9, d\u2019assurer son maintien, malgr\u00e9 une saison rat\u00e9e.<\/p>\n","protected":false},"excerpt":{"rendered":"Les Merengue, priv\u00e9s de nombreux joueurs, ont arrach\u00e9 la victoire, ce mercredi \u00e0 Santiago-Bernabeu, contre les Majorquins (2-1).&hellip;\n","protected":false},"author":2,"featured_media":100944,"comment_status":"","ping_status":"","sticky":false,"template":"","format":"standard","meta":{"footnotes":""},"categories":[9],"tags":[15007,525,3233,1981,15006,814,123,5695,15008,2257,63,1011,27,453,955,15009,4790,1980,60],"class_list":{"0":"post-100943","1":"post","2":"type-post","3":"status-publish","4":"format-standard","5":"has-post-thumbnail","7":"category-sports","8":"tag-atletico","9":"tag-calendrier","10":"tag-championnat","11":"tag-classement","12":"tag-coupe-du-roi","13":"tag-direct","14":"tag-espagne","15":"tag-fc-barcelone","16":"tag-fc-valence","17":"tag-foot","18":"tag-football","19":"tag-fr","20":"tag-france","21":"tag-liga","22":"tag-match","23":"tag-messi","24":"tag-real-madrid","25":"tag-resultats","26":"tag-sports"},"share_on_mastodon":{"url":"https:\/\/pubeurope.com\/@fr\/114509717527012567","error":""},"_links":{"self":[{"href":"https:\/\/www.europesays.com\/fr\/wp-json\/wp\/v2\/posts\/100943","targetHints":{"allow":["GET"]}}],"collection":[{"href":"https:\/\/www.europesays.com\/fr\/wp-json\/wp\/v2\/posts"}],"about":[{"href":"https:\/\/www.europesays.com\/fr\/wp-json\/wp\/v2\/types\/post"}],"author":[{"embeddable":true,"href":"https:\/\/www.europesays.com\/fr\/wp-json\/wp\/v2\/users\/2"}],"replies":[{"embeddable":true,"href":"https:\/\/www.europesays.com\/fr\/wp-json\/wp\/v2\/comments?post=100943"}],"version-history":[{"count":0,"href":"https:\/\/www.europesays.com\/fr\/wp-json\/wp\/v2\/posts\/100943\/revisions"}],"wp:featuredmedia":[{"embeddable":true,"href":"https:\/\/www.europesays.com\/fr\/wp-json\/wp\/v2\/media\/100944"}],"wp:attachment":[{"href":"https:\/\/www.europesays.com\/fr\/wp-json\/wp\/v2\/media?parent=100943"}],"wp:term":[{"taxonomy":"category","embeddable":true,"href":"https:\/\/www.europesays.com\/fr\/wp-json\/wp\/v2\/categories?post=100943"},{"taxonomy":"post_tag","embeddable":true,"href":"https:\/\/www.europesays.com\/fr\/wp-json\/wp\/v2\/tags?post=100943"}],"curies":[{"name":"wp","href":"https:\/\/api.w.org\/{rel}","templated":true}]}}