{"id":100945,"date":"2025-05-15T03:26:13","date_gmt":"2025-05-15T03:26:13","guid":{"rendered":"https:\/\/www.europesays.com\/fr\/100945\/"},"modified":"2025-05-15T03:26:13","modified_gmt":"2025-05-15T03:26:13","slug":"cannes-2025-eva-longoria-a-deux-doigts-de-laccident-sa-robe-interdite-a-fait-des-siennes","status":"publish","type":"post","link":"https:\/\/www.europesays.com\/fr\/100945\/","title":{"rendered":"CANNES 2025. Eva Longoria \u00e0 deux doigts de l\u2019accident : sa robe interdite a fait des siennes"},"content":{"rendered":"<p>La Croisette bouillonne d\u2019effervescence ! Depuis le coup d\u2019envoi<br \/>\nde la 78e \u00e9dition du <a href=\"https:\/\/www.closermag.fr\/people\/cannes-2025-bhl-totalement-perdu-sur-le-tapis-rouge-arielle-dombasle-tente-de-sauver-la-face-3544611\" target=\"_blank\" rel=\"noopener\"><br \/>\nFestival de Cannes<\/a>, des stars internationales soigneusement<br \/>\ninvit\u00e9es ont converg\u00e9 vers le sud de la France.<\/p>\n<p>Ce rendez-vous incontournable du cin\u00e9ma est suivi de pr\u00e8s. Il<br \/>\nravit toujours les passionn\u00e9s du grand \u00e9cran que les amoureux de<br \/>\nlooks spectaculaires.<\/p>\n<p>La confidence de l&rsquo;actrice pour \u00e9viter les faux pas au Festival<br \/>\nde Cannes<\/p>\n<p>Dans un sujet diffus\u00e9 par Quotidien sur les coulisses<br \/>\ndu Festival de Cannes, Eva Longoria s\u2019est confi\u00e9e avec humour sur<br \/>\nses nombreuses mont\u00e9es des marches. Au fil de l\u2019\u00e9change, elle a<br \/>\npartag\u00e9 un petit conseil mode. Souffl\u00e9 par son amie <a href=\"https:\/\/www.closermag.fr\/people\/david-et-victoria-beckham-four-en-pierre-et-piscine-a-quoi-ressemble-leur-maison-chic-et-rustique-dans-un-decor-de-carte-postale-3517289\" target=\"_blank\" rel=\"noopener\"><br \/>\nVictoria Beckham<\/a> : \u00ab\u00a0Arr\u00eate de poser les mains sur tes<br \/>\n<strong>hanches<\/strong> !\u00a0\u00bb.<\/p>\n<p>Une remarque inattendue pour l\u2019actrice, qui avait toujours vu<br \/>\ncette pose comme un <strong>classique<\/strong> incontournable. Avec<br \/>\ndu recul, elle admet que ce geste tant de fois r\u00e9p\u00e9t\u00e9 sur les tapis<br \/>\nrouges commence \u00e0 sembler un peu d\u00e9pass\u00e9.<\/p>\n<p>Eva Longoria \u00e0 deux doigts de tomber<br \/>\nmais toujours aussi ravissante<\/p>\n<p>V\u00eatue d\u2019une robe longue vert profond enti\u00e8rement recouverte de<br \/>\n<strong>sequins scintillants<\/strong>, <a href=\"https:\/\/www.closermag.fr\/people\/cannes-2025-eva-longoria-apercue-dejeunant-a-la-terrasse-du-martinez-et-un-detail-nous-chiffonne-beaucoup-3544779\" target=\"_blank\" rel=\"noopener\"><br \/>\nEva Longoria<\/a> a fait sensation. Maintenue par une fine bretelle<br \/>\nnou\u00e9e derri\u00e8re la nuque, cette coupe mettait en valeur sa<br \/>\nsilhouette avec \u00e9l\u00e9gance \u2014 un choix \u00e0 la fois<br \/>\n<strong>audacieux<\/strong> et flatteur pour une femme rayonnante \u00e0<br \/>\nplus de 50 ans.<\/p>\n<p>Pour compl\u00e9ter ce look, elle avait mis\u00e9 sur des<br \/>\n<strong>escarpins<\/strong> ouverts parfaitement assortis \u00e0 sa<br \/>\ntenue, combinant \u00e9l\u00e9gance et confort. C\u00f4t\u00e9 accessoires, de sublimes<br \/>\nboucles orn\u00e9es d\u2019\u00e9meraudes ajoutaient une touche pr\u00e9cieuse. Juste<br \/>\nce qu\u2019il fallait pour briller sur le tapis rouge sans en faire<br \/>\ntrop. Malgr\u00e9 le dress code du Festival interdisant les tra\u00eenes, Eva<br \/>\nLongoria a brav\u00e9 les consignes avec sa robe longue. R\u00e9sultat ? Elle<br \/>\nmanque de <strong>tr\u00e9bucher<\/strong> de justesse en montant les<br \/>\nmarches.<\/p>\n<p>Diaporama<br \/>\n<img decoding=\"async\" class=\"diapo_img img-responsive lazy-load\" loading=\"lazy\" src=\"https:\/\/www.europesays.com\/fr\/wp-content\/uploads\/2025\/05\/bestimage_00706480_000006-273x410.jpg\"\/><\/p>\n<p>JACOVIDES-MOREAU \/ BESTIMAGE<\/p>\n<p>1\/5 Les c\u00e9l\u00e9brit\u00e9s dans le hall de l&rsquo;h\u00f4tel<br \/>\nMartinez lors du 78\u00e8me Festival International du Film de<br \/>\nCannes<\/p>\n<p>Eva Longoria tient sa robe, elle a failli chuter en direct du<br \/>\nFestival de Cannes \u00a9 JACOVIDES-MOREAU \/ BESTIMAGE<\/p>\n<p><img decoding=\"async\" class=\"diapo_img img-responsive lazy-load\" loading=\"lazy\" src=\"https:\/\/www.europesays.com\/fr\/wp-content\/uploads\/2025\/05\/bestimage_00706474_000072-615x410.jpg\"\/><\/p>\n<p>JACOVIDES-MOREAU \/ BESTIMAGE<\/p>\n<p>2\/5 00706474_000072<\/p>\n<p>Eva Longoria et sa robe \u00e0 la traine vertigineuse ! \u00a0\u00a9<br \/>\nJacovides-Moreau \/ Bestimage<\/p>\n<p><img decoding=\"async\" class=\"diapo_img img-responsive lazy-load\" loading=\"lazy\" src=\"https:\/\/www.europesays.com\/fr\/wp-content\/uploads\/2025\/05\/bestimage_00706474_000004-615x410.jpg\"\/><\/p>\n<p>JACOVIDES-MOREAU \/ BESTIMAGE<\/p>\n<p>3\/5 00706474_000004<\/p>\n<p>Eva Longoria avec sa robe de sir\u00e8ne pour la pr\u00e9sentation du film<br \/>\n\u00ab Mission Impossible : The Final Reckoning \u00bb \u00a9 Jacovides-Moreau \/<br \/>\nBestimage<\/p>\n<p><img decoding=\"async\" class=\"diapo_img img-responsive lazy-load\" loading=\"lazy\" src=\"https:\/\/www.europesays.com\/fr\/wp-content\/uploads\/2025\/05\/bestimage_00706480_000003-273x410.jpg\"\/><\/p>\n<p>JACOVIDES-MOREAU \/ BESTIMAGE<\/p>\n<p>4\/5 Les c\u00e9l\u00e9brit\u00e9s dans le hall de l&rsquo;h\u00f4tel<br \/>\nMartinez lors du 78\u00e8me Festival International du Film de<br \/>\nCannes<\/p>\n<p>La star Eva Longoria n&rsquo;a pas respect\u00e9 les nouvelles restrictions<br \/>\ndu Festival de Cannes \u00a9 JACOVIDES-MOREAU \/ BESTIMAGE<\/p>\n<p><img decoding=\"async\" class=\"diapo_img img-responsive lazy-load\" loading=\"lazy\" src=\"https:\/\/www.europesays.com\/fr\/wp-content\/uploads\/2025\/05\/bestimage_00706480_000005-273x410.jpg\"\/><\/p>\n<p>JACOVIDES-MOREAU \/ BESTIMAGE<\/p>\n<p>5\/5 Les c\u00e9l\u00e9brit\u00e9s dans le hall de l&rsquo;h\u00f4tel<br \/>\nMartinez lors du 78\u00e8me Festival International du Film de<br \/>\nCannes<\/p>\n<p>Eva Longoria pique la vedette avec son look \u00e9lectrisant<br \/>\n!\u00a0<\/p>\n","protected":false},"excerpt":{"rendered":"La Croisette bouillonne d\u2019effervescence ! Depuis le coup d\u2019envoi de la 78e \u00e9dition du Festival de Cannes, des&hellip;\n","protected":false},"author":2,"featured_media":100946,"comment_status":"","ping_status":"","sticky":false,"template":"","format":"standard","meta":{"footnotes":""},"categories":[8],"tags":[58,59,6724,5634,1011,27,1638],"class_list":{"0":"post-100945","1":"post","2":"type-post","3":"status-publish","4":"format-standard","5":"has-post-thumbnail","7":"category-divertissement","8":"tag-divertissement","9":"tag-entertainment","10":"tag-eva-longoria","11":"tag-festival-de-cannes","12":"tag-fr","13":"tag-france","14":"tag-has_diapo"},"share_on_mastodon":{"url":"https:\/\/pubeurope.com\/@fr\/114509721394779896","error":""},"_links":{"self":[{"href":"https:\/\/www.europesays.com\/fr\/wp-json\/wp\/v2\/posts\/100945","targetHints":{"allow":["GET"]}}],"collection":[{"href":"https:\/\/www.europesays.com\/fr\/wp-json\/wp\/v2\/posts"}],"about":[{"href":"https:\/\/www.europesays.com\/fr\/wp-json\/wp\/v2\/types\/post"}],"author":[{"embeddable":true,"href":"https:\/\/www.europesays.com\/fr\/wp-json\/wp\/v2\/users\/2"}],"replies":[{"embeddable":true,"href":"https:\/\/www.europesays.com\/fr\/wp-json\/wp\/v2\/comments?post=100945"}],"version-history":[{"count":0,"href":"https:\/\/www.europesays.com\/fr\/wp-json\/wp\/v2\/posts\/100945\/revisions"}],"wp:featuredmedia":[{"embeddable":true,"href":"https:\/\/www.europesays.com\/fr\/wp-json\/wp\/v2\/media\/100946"}],"wp:attachment":[{"href":"https:\/\/www.europesays.com\/fr\/wp-json\/wp\/v2\/media?parent=100945"}],"wp:term":[{"taxonomy":"category","embeddable":true,"href":"https:\/\/www.europesays.com\/fr\/wp-json\/wp\/v2\/categories?post=100945"},{"taxonomy":"post_tag","embeddable":true,"href":"https:\/\/www.europesays.com\/fr\/wp-json\/wp\/v2\/tags?post=100945"}],"curies":[{"name":"wp","href":"https:\/\/api.w.org\/{rel}","templated":true}]}}