{"id":100949,"date":"2025-05-15T03:28:10","date_gmt":"2025-05-15T03:28:10","guid":{"rendered":"https:\/\/www.europesays.com\/fr\/100949\/"},"modified":"2025-05-15T03:28:10","modified_gmt":"2025-05-15T03:28:10","slug":"les-reseaux-de-fibre-optique-en-danger","status":"publish","type":"post","link":"https:\/\/www.europesays.com\/fr\/100949\/","title":{"rendered":"les r\u00e9seaux de fibre optique en danger"},"content":{"rendered":"<p>\u00ab Le prochain pas, on saute \u00bb. Il est de bon ton d&rsquo;ordinaire de se f\u00e9liciter de la r\u00e9ussite du <a href=\"https:\/\/www.latribune.fr\/technos-medias\/telecoms\/fibre-le-plan-france-tres-haut-debit-a-bien-permis-de-reduire-la-fracture-numerique-947576.html\" rel=\"nofollow noopener\" target=\"_blank\">Plan France Tr\u00e8s Haut D\u00e9bit<\/a> qui a permis de g\u00e9n\u00e9raliser la <a href=\"https:\/\/www.latribune.fr\/technos-medias\/internet\/fibre-optique-cette-aide-qui-risque-de-rater-sa-cible-1024083.html\" rel=\"nofollow noopener\" target=\"_blank\">fibre optique<\/a> en France. Le s\u00e9nateur Patrick Chaize a donc douch\u00e9 tout le monde en dressant ce constat aux accents tragiques, \u00e0 l&rsquo;ouverture cette semaine de la conf\u00e9rence de printemps de l&rsquo;Association des villes et collectivit\u00e9s pour les communications \u00e9lectroniques et l&rsquo;audiovisuel (Avicca), qu&rsquo;il pr\u00e9side.<\/p>\n<p>Certes, la fibre couvre aujourd&rsquo;hui plus de 90% du territoire. Et les r\u00e9seaux d&rsquo;initiative publique (RIP), aid\u00e9s par l&rsquo;Etat et les collectivit\u00e9s territoriales, ont permis d&rsquo;apporter cette technologie dans les zones rurales qui n&rsquo;\u00e9taient pas assez attractives pour que des op\u00e9rateurs priv\u00e9s prennent totalement en charge les investissements. Mais la p\u00e9rennit\u00e9 \u00e9conomique de ces structures se pose aujourd&rsquo;hui, alors que le d\u00e9ploiement est presque termin\u00e9 et que la phase d&rsquo;exploitation commence. Certains RIP sont m\u00eame d\u00e9j\u00e0 en p\u00e9ril, comme dans le d\u00e9partement de la Charente.<\/p>\n","protected":false},"excerpt":{"rendered":"\u00ab Le prochain pas, on saute \u00bb. Il est de bon ton d&rsquo;ordinaire de se f\u00e9liciter de la&hellip;\n","protected":false},"author":2,"featured_media":100950,"comment_status":"","ping_status":"","sticky":false,"template":"","format":"standard","meta":{"footnotes":""},"categories":[6],"tags":[17,3944,35,33,34,932,583,1011,27,21637,151,21638,19436,1807],"class_list":{"0":"post-100949","1":"post","2":"type-post","3":"status-publish","4":"format-standard","5":"has-post-thumbnail","7":"category-economie","8":"tag-17","9":"tag-bord","10":"tag-business","11":"tag-economie","12":"tag-economy","13":"tag-est","14":"tag-fibre","15":"tag-fr","16":"tag-france","17":"tag-gouffre","18":"tag-les","19":"tag-optique","20":"tag-reseaux","21":"tag-technos-medias"},"share_on_mastodon":{"url":"https:\/\/pubeurope.com\/@fr\/114509729359462142","error":""},"_links":{"self":[{"href":"https:\/\/www.europesays.com\/fr\/wp-json\/wp\/v2\/posts\/100949","targetHints":{"allow":["GET"]}}],"collection":[{"href":"https:\/\/www.europesays.com\/fr\/wp-json\/wp\/v2\/posts"}],"about":[{"href":"https:\/\/www.europesays.com\/fr\/wp-json\/wp\/v2\/types\/post"}],"author":[{"embeddable":true,"href":"https:\/\/www.europesays.com\/fr\/wp-json\/wp\/v2\/users\/2"}],"replies":[{"embeddable":true,"href":"https:\/\/www.europesays.com\/fr\/wp-json\/wp\/v2\/comments?post=100949"}],"version-history":[{"count":0,"href":"https:\/\/www.europesays.com\/fr\/wp-json\/wp\/v2\/posts\/100949\/revisions"}],"wp:featuredmedia":[{"embeddable":true,"href":"https:\/\/www.europesays.com\/fr\/wp-json\/wp\/v2\/media\/100950"}],"wp:attachment":[{"href":"https:\/\/www.europesays.com\/fr\/wp-json\/wp\/v2\/media?parent=100949"}],"wp:term":[{"taxonomy":"category","embeddable":true,"href":"https:\/\/www.europesays.com\/fr\/wp-json\/wp\/v2\/categories?post=100949"},{"taxonomy":"post_tag","embeddable":true,"href":"https:\/\/www.europesays.com\/fr\/wp-json\/wp\/v2\/tags?post=100949"}],"curies":[{"name":"wp","href":"https:\/\/api.w.org\/{rel}","templated":true}]}}