{"id":10095,"date":"2025-04-08T11:40:10","date_gmt":"2025-04-08T11:40:10","guid":{"rendered":"https:\/\/www.europesays.com\/fr\/10095\/"},"modified":"2025-04-08T11:40:10","modified_gmt":"2025-04-08T11:40:10","slug":"atp-monte-carlo-novak-djokovic-si-mon-100e-titre-en-carriere-coincide-avec-un-25e-titre-du-grand-chelem-je-ne-pense-pas-que-je-marreterais-mais-on-ne-sait-jamais","status":"publish","type":"post","link":"https:\/\/www.europesays.com\/fr\/10095\/","title":{"rendered":"ATP &#8211; Monte Carlo > Novak Djokovic : \u00ab\u00a0Si mon 100e titre en carri\u00e8re co\u00efncide avec un 25e titre du Grand Chelem, je ne pense pas que je m&rsquo;arr\u00eaterais, mais on ne sait jamais\u00a0\u00bb"},"content":{"rendered":"<p>Dans des propos rapport\u00e9s par <a href=\"https:\/\/www.lequipe.fr\/Tennis\/Actualites\/Novak-djokovic-avant-son-entree-en-lice-a-monte-carlo-je-peux-encore-jouer-a-tres-haut-niveau\/1552136\" data-wpel-link=\"external\" target=\"_blank\" rel=\"nofollow external noopener\">L\u2019Equipe<\/a> \u00e0 Monte\u2010Carlo, <a href=\"https:\/\/www.welovetennis.fr\/atp\/atp-monte-carlo\/djokovic-connait-son-adversaire-et-il-a-une-revanche-a-prendre#google_vignette\" data-wpel-link=\"internal\" target=\"_blank\" rel=\"noopener\">o\u00f9 il va affronter Alejandro Tabilo pour son entr\u00e9e en lice au deuxi\u00e8me tour<\/a>, Novak Djokovic a presque rejet\u00e9 la possi\u00adbi\u00adlit\u00e9 de mettre un terme \u00e0 sa carri\u00e8re si son 100e titre en carri\u00e8re (il en compte 99 depuis les Jeux Olympiques de Paris) corres\u00adpon\u00addait \u00e0 un 25e titre du Grand Chelem.\u00a0<\/p>\n<p><strong>\u00ab\u202fJe ne pense pas mais on ne sait jamais\u00a0(sourires). Je pense toujours que j\u2019ai encore assez d\u2019es\u00adsence dans le moteur. Comme je l\u2019ai prouv\u00e9 en Australie et \u00e0 Miami, je peux encore jouer \u00e0 tr\u00e8s haut niveau. La comp\u00e9\u00adti\u00adtion me donne encore de la satis\u00adfac\u00adtion. Un certain nombre de gens pensent que je devrais quitter le tennis sur une note haute. Ce que je comprends. D\u2019autres pensent que j\u2019au\u00adrais d\u00fb arr\u00eater apr\u00e8s ma m\u00e9daille d\u2019or aux Jeux. Voyons ce que l\u2019avenir r\u00e9serve. Si vous me dites que je gagnerai mon 100e titre sur un Grand Chelem, je signe imm\u00e9\u00addia\u00adte\u00adment. Mais c\u2019est une grosse montagne \u00e0 gravir. Il faut \u00eatre humble \u00e0 ce\u00a0sujet.\u202f\u00bb<\/strong><\/p>\n<p class=\"post-published-date\" style=\"color: silver; font-size: 75%; text-align: left;\">Publi\u00e9 le lundi 7 avril 2025 \u00e0 18:52<\/p>\n","protected":false},"excerpt":{"rendered":"Dans des propos rapport\u00e9s par L\u2019Equipe \u00e0 Monte\u2010Carlo, o\u00f9 il va affronter Alejandro Tabilo pour son entr\u00e9e en&hellip;\n","protected":false},"author":2,"featured_media":10096,"comment_status":"","ping_status":"","sticky":false,"template":"","format":"standard","meta":{"footnotes":""},"categories":[1415],"tags":[105,1011,27,60,1467],"class_list":{"0":"post-10095","1":"post","2":"type-post","3":"status-publish","4":"format-standard","5":"has-post-thumbnail","7":"category-tennis","8":"tag-djokovic","9":"tag-fr","10":"tag-france","11":"tag-sports","12":"tag-tennis"},"share_on_mastodon":{"url":"https:\/\/pubeurope.com\/@fr\/114302158301381682","error":""},"_links":{"self":[{"href":"https:\/\/www.europesays.com\/fr\/wp-json\/wp\/v2\/posts\/10095","targetHints":{"allow":["GET"]}}],"collection":[{"href":"https:\/\/www.europesays.com\/fr\/wp-json\/wp\/v2\/posts"}],"about":[{"href":"https:\/\/www.europesays.com\/fr\/wp-json\/wp\/v2\/types\/post"}],"author":[{"embeddable":true,"href":"https:\/\/www.europesays.com\/fr\/wp-json\/wp\/v2\/users\/2"}],"replies":[{"embeddable":true,"href":"https:\/\/www.europesays.com\/fr\/wp-json\/wp\/v2\/comments?post=10095"}],"version-history":[{"count":0,"href":"https:\/\/www.europesays.com\/fr\/wp-json\/wp\/v2\/posts\/10095\/revisions"}],"wp:featuredmedia":[{"embeddable":true,"href":"https:\/\/www.europesays.com\/fr\/wp-json\/wp\/v2\/media\/10096"}],"wp:attachment":[{"href":"https:\/\/www.europesays.com\/fr\/wp-json\/wp\/v2\/media?parent=10095"}],"wp:term":[{"taxonomy":"category","embeddable":true,"href":"https:\/\/www.europesays.com\/fr\/wp-json\/wp\/v2\/categories?post=10095"},{"taxonomy":"post_tag","embeddable":true,"href":"https:\/\/www.europesays.com\/fr\/wp-json\/wp\/v2\/tags?post=10095"}],"curies":[{"name":"wp","href":"https:\/\/api.w.org\/{rel}","templated":true}]}}