{"id":1009507,"date":"2026-06-19T01:57:41","date_gmt":"2026-06-19T01:57:41","guid":{"rendered":"https:\/\/www.europesays.com\/fr\/1009507\/"},"modified":"2026-06-19T01:57:41","modified_gmt":"2026-06-19T01:57:41","slug":"top-14-racing-92-fickou-titulaire-pour-defier-toulouse-en-demi-finale","status":"publish","type":"post","link":"https:\/\/www.europesays.com\/fr\/1009507\/","title":{"rendered":"Top 14 : Racing 92, Fickou titulaire pour d\u00e9fier Toulouse en demi-finale"},"content":{"rendered":"<p>\n    Patrice Collazo a titularis\u00e9 le centre des Bleus. Il sera associ\u00e9 au surpuissant Fidjien Tuisova.<\/p>\n<p class=\"fig-paragraph\">Pour tenter de faire chuter le Stade Toulousain,\u00a0<a href=\"http:\/\/www.lefigaro.fr\/sports\/rugby\/top-14\/top-14-je-n-ai-pas-la-pretention-de-dire-que-toulouse-est-moins-bon-balaie-collazo-avant-la-demi-finale-du-racing-92-20260618\" data-fig-type=\"NewsFlash\" data-gtm-custom-categorie=\"navigation\" data-gtm-custom-action=\"crossclick\" data-gtm-custom-label=\"Contextuel\" data-gtm-event=\"customEventSPE\" data-fig-domain=\"LEFIGARO\" rel=\"nofollow noopener\" target=\"_blank\">le manager du Racing 92<\/a>\u00a0aligne une paire de centres de haut vol, avec le Fidjien Joshua Tuisova et le Bleu aux 98 s\u00e9lections Ga\u00ebl Fickou, tous deux rempla\u00e7ants la semaine derni\u00e8re pour le barrage face \u00e0 la Section Paloise. \u00c0 noter le forfait de Habosi.<\/p>\n<p class=\"fig-paragraph\">La charni\u00e8re Gibert-Carbonneau, ind\u00e9boulonnable depuis deux mois. est reconduite pour guider un pack surpuissant. Nathan Hugues effectue son retour au centre de la troisi\u00e8me ligne.<\/p>\n<p>                                            <a class=\"fig-a11y-skip\" href=\"#fig-a11y-skip-main-inarticle\" is=\"fig-a11y-skip\" data-trigger-mode=\"visible-once\"><br \/>\n    Passer la publicit\u00e9<br \/>\n<\/a>            <\/p>\n<p class=\"fig-paragraph\"><strong>Le XV de d\u00e9part du Racing 92<\/strong>\u00a0: 15. James\u2005- 14. Manu, 13. Fickou, 12. Tuisova, 11. Spring\u2005- 10. Gibert, 9. Carbonneau\u2005; 8. Hughes, 7. Manyarara, 6. Baudonne &#8211; 5. R. Taofifenua (cap.), 4. Hill\u2005- 3. Bamba, 2. Tarrit, 1. Gogichashvili.<br \/>Rempla\u00e7ants\u00a0: 16. Escobar, 17. Jabea, 18. Tagitagivalu , 19. Lainault, 20. Joseph, 21. Seunes, 22. Ravutaumada, 23. Tupou.<\/p>\n","protected":false},"excerpt":{"rendered":"Patrice Collazo a titularis\u00e9 le centre des Bleus. Il sera associ\u00e9 au surpuissant Fidjien Tuisova. Pour tenter de&hellip;\n","protected":false},"author":2,"featured_media":1009508,"comment_status":"","ping_status":"","sticky":false,"template":"","format":"standard","meta":{"footnotes":"","_share_on_mastodon":"0"},"categories":[2816],"tags":[1111,11,525,4590,1981,2313,814,1777,674,1011,27,955,12,2680,4589,2311,25,1980,479,2259,478,2310,2312],"class_list":["post-1009507","post","type-post","status-publish","format-standard","has-post-thumbnail","category-toulouse","tag-actu","tag-actualites","tag-calendrier","tag-championnat-france","tag-classement","tag-clermont","tag-direct","tag-eu","tag-europe","tag-fr","tag-france","tag-match","tag-news","tag-occitanie","tag-phase-finale","tag-racing","tag-republique-francaise","tag-resultats","tag-rugby","tag-score","tag-top-14","tag-toulon","tag-toulouse"],"share_on_mastodon":{"url":"https:\/\/pubeurope.com\/@fr\/116774295702327606","error":""},"_links":{"self":[{"href":"https:\/\/www.europesays.com\/fr\/wp-json\/wp\/v2\/posts\/1009507","targetHints":{"allow":["GET"]}}],"collection":[{"href":"https:\/\/www.europesays.com\/fr\/wp-json\/wp\/v2\/posts"}],"about":[{"href":"https:\/\/www.europesays.com\/fr\/wp-json\/wp\/v2\/types\/post"}],"author":[{"embeddable":true,"href":"https:\/\/www.europesays.com\/fr\/wp-json\/wp\/v2\/users\/2"}],"replies":[{"embeddable":true,"href":"https:\/\/www.europesays.com\/fr\/wp-json\/wp\/v2\/comments?post=1009507"}],"version-history":[{"count":0,"href":"https:\/\/www.europesays.com\/fr\/wp-json\/wp\/v2\/posts\/1009507\/revisions"}],"wp:featuredmedia":[{"embeddable":true,"href":"https:\/\/www.europesays.com\/fr\/wp-json\/wp\/v2\/media\/1009508"}],"wp:attachment":[{"href":"https:\/\/www.europesays.com\/fr\/wp-json\/wp\/v2\/media?parent=1009507"}],"wp:term":[{"taxonomy":"category","embeddable":true,"href":"https:\/\/www.europesays.com\/fr\/wp-json\/wp\/v2\/categories?post=1009507"},{"taxonomy":"post_tag","embeddable":true,"href":"https:\/\/www.europesays.com\/fr\/wp-json\/wp\/v2\/tags?post=1009507"}],"curies":[{"name":"wp","href":"https:\/\/api.w.org\/{rel}","templated":true}]}}