{"id":100953,"date":"2025-05-15T03:30:07","date_gmt":"2025-05-15T03:30:07","guid":{"rendered":"https:\/\/www.europesays.com\/fr\/100953\/"},"modified":"2025-05-15T03:30:07","modified_gmt":"2025-05-15T03:30:07","slug":"la-maire-de-bourg-les-valence-refuse-de-marier-un-tunisien-suspectant-un-mariage-arrange","status":"publish","type":"post","link":"https:\/\/www.europesays.com\/fr\/100953\/","title":{"rendered":"la maire de Bourg-l\u00e8s-Valence refuse de marier un Tunisien, suspectant un mariage arrang\u00e9"},"content":{"rendered":"<p>Une Fran\u00e7aise et un Tunisien, \u00aben situation irr\u00e9guli\u00e8re\u00bb selon la pr\u00e9fecture, doivent se marier samedi. Pour l\u2019\u00e9dile Marl\u00e8ne Mourier, il s\u2019agit \u00abmanifestement d\u2019un mariage de complaisance\u00bb et \u00abinsinc\u00e8re\u00bb.<\/p>\n<p class=\"fig-paragraph\">La maire de Bourg-l\u00e8s-Valence, dans la Dr\u00f4me, a annonc\u00e9 mercredi qu&rsquo;elle refusera de marier \u00e0 une Fran\u00e7aise ce week-end un Tunisien en situation irr\u00e9guli\u00e8re parce qu&rsquo;elle suspecte une union \u00abde complaisance\u00bb, alors que le parquet lui impose de le c\u00e9l\u00e9brer.\u00a0<a href=\"http:\/\/www.lefigaro.fr\/actualite-france\/au-lendemain-de-son-emission-decriee-emmanuel-macron-tente-un-retour-sur-le-terrain-regalien-20250514\" target=\"_blank\" data-fig-type=\"Article\" rel=\"noopener\" data-gtm-custom-categorie=\"navigation\" data-gtm-custom-action=\"crossclick\" data-gtm-custom-label=\"Contextuel\" data-gtm-event=\"customEventSPE\" data-fig-domain=\"LEFIGARO\">Mardi soir, le pr\u00e9sident Emmanuel Macron a dit sur TF1<\/a>\u00a0souhaiter l&rsquo;examen par le Parlement d&rsquo;une proposition de loi visant \u00e0 interdire le mariage d&rsquo;\u00e9trangers en situation irr\u00e9guli\u00e8re, qualifiant d&rsquo;\u00abubuesque\u00bb la situation \u00e0 laquelle sont confront\u00e9s les maires.<\/p>\n<p class=\"fig-paragraph\">Samedi, doivent se marier en mairie de Bourg-l\u00e8s-Valence une Fran\u00e7aise et un Tunisien dont la pr\u00e9fecture confirme \u00e0 l&rsquo;AFP qu&rsquo;il est \u00aben situation irr\u00e9guli\u00e8re\u00bb. \u00abLe mariage ne sera pas c\u00e9l\u00e9br\u00e9\u00bb parce qu&rsquo;il s&rsquo;agit \u00abmanifestement d&rsquo;un mariage de complaisance\u00bb et \u00abinsinc\u00e8re\u00bb, a d\u00e9clar\u00e9 lors d&rsquo;une conf\u00e9rence de presse la maire Marl\u00e8ne Mourier (LR). Selon elle, la mairie avait assur\u00e9 d\u00e9but novembre 2024 au procureur de Valence que l&rsquo;homme avait \u00abavou\u00e9\u00bb lors d&rsquo;un entretien pr\u00e9alable, qu&rsquo;il \u00abveut se marier pour les papiers\u00bb.<\/p>\n<p>\u00abUne libert\u00e9 constitutionnelle\u00bb<\/p>\n<p class=\"fig-paragraph\">Le parquet lui a r\u00e9pondu le 4 f\u00e9vrier que l&rsquo;enqu\u00eate de police n&rsquo;ayant pas permis de d\u00e9montrer l&rsquo;insinc\u00e9rit\u00e9 de ce mariage, il ne pouvait s&rsquo;y opposer, invoquant \u00abla libert\u00e9 de se marier qui est reconnue comme une libert\u00e9 fondamentale\u00bb constitutionnelle. \u00abIl n&rsquo;y a pas eu d&rsquo;enqu\u00eate de police\u00bb ou alors \u00abb\u00e2cl\u00e9e\u00bb, a pest\u00e9 Marl\u00e8ne Mourier, ajoutant: \u00aben le c\u00e9l\u00e9brant, je me rendrais complice de violation d&rsquo;une r\u00e8gle de droit et de manipulation de l&rsquo;institution du mariage\u00bb. \u00abLe procureur m&rsquo;a dit que si je ne les mariais pas, je serais poursuivie\u00bb en justice, \u00abqu&rsquo;il poursuive\u00a0!\u00bb, a lanc\u00e9 l&rsquo;\u00e9dile, qui risque cinq ans de prison et l&rsquo;in\u00e9ligibilit\u00e9, en concluant: \u00abOn ira s&rsquo;expliquer devant les tribunaux, il faut que \u00e7a permette de lib\u00e9rer la parole d&rsquo;autres maires\u00bb.<\/p>\n<p class=\"fig-paragraph\">Mardi soir, interrog\u00e9\u00a0<a href=\"http:\/\/www.lefigaro.fr\/actualite-france\/refus-de-celebrer-un-mariage-avec-la-politisation-de-certains-juges-je-ne-sais-pas-comment-ca-va-finir-s-inquiete-robert-menard-20250218\" target=\"_blank\" data-fig-type=\"NewsFlash\" rel=\"noopener\" data-gtm-custom-categorie=\"navigation\" data-gtm-custom-action=\"crossclick\" data-gtm-custom-label=\"Contextuel\" data-gtm-event=\"customEventSPE\" data-fig-domain=\"LEFIGARO\">par le maire de B\u00e9ziers, Robert M\u00e9nard<\/a>, qui va \u00eatre jug\u00e9 en correctionnelle pour avoir refus\u00e9 un mariage \u00e0 un Alg\u00e9rien sous obligation de quitter le territoire fran\u00e7ais (OQTF), Emmanuel Macron a jug\u00e9 que ce cas \u00e9tait \u00abubuesque parce que le droit est mal fait\u00bb. Le droit ne permet \u00e0 un maire de s&rsquo;opposer \u00e0 un mariage que \u00abs&rsquo;il y a une suspicion de mariage blanc\u00bb, a rappel\u00e9 Emmanuel Macron. \u00abApr\u00e8s, on ne reconna\u00eet que la libert\u00e9 de se marier\u00bb, \u00abune libert\u00e9 constitutionnelle, mais on ne prot\u00e8ge pas le maire\u00bb, selon le pr\u00e9sident. \u00abNous sommes dans la situation de deux personnes qui s&rsquo;aiment, on a plein de projets, on est super heureux\u00bb, a assur\u00e9 \u00e0 l&rsquo;AFP la future mari\u00e9e.<\/p>\n","protected":false},"excerpt":{"rendered":"Une Fran\u00e7aise et un Tunisien, \u00aben situation irr\u00e9guli\u00e8re\u00bb selon la pr\u00e9fecture, doivent se marier samedi. Pour l\u2019\u00e9dile Marl\u00e8ne&hellip;\n","protected":false},"author":2,"featured_media":100954,"comment_status":"","ping_status":"","sticky":false,"template":"","format":"standard","meta":{"footnotes":""},"categories":[4],"tags":[47,1058,1054,1059,1060,1055,11,2730,1057,118,1011,27,1061,303,1930,12,1062,25,656,104,1056,809],"class_list":{"0":"post-100953","1":"post","2":"type-post","3":"status-publish","4":"format-standard","5":"has-post-thumbnail","7":"category-france","8":"tag-actualite","9":"tag-actualite-education","10":"tag-actualite-france","11":"tag-actualite-justice","12":"tag-actualite-securite","13":"tag-actualite-societe","14":"tag-actualites","15":"tag-drome","16":"tag-education","17":"tag-faits-divers","18":"tag-fr","19":"tag-france","20":"tag-immigration","21":"tag-justice","22":"tag-mariage","23":"tag-news","24":"tag-polemique","25":"tag-republique-francaise","26":"tag-securite","27":"tag-societe","28":"tag-societe-francaise","29":"tag-violence"},"share_on_mastodon":{"url":"https:\/\/pubeurope.com\/@fr\/114509737088658991","error":""},"_links":{"self":[{"href":"https:\/\/www.europesays.com\/fr\/wp-json\/wp\/v2\/posts\/100953","targetHints":{"allow":["GET"]}}],"collection":[{"href":"https:\/\/www.europesays.com\/fr\/wp-json\/wp\/v2\/posts"}],"about":[{"href":"https:\/\/www.europesays.com\/fr\/wp-json\/wp\/v2\/types\/post"}],"author":[{"embeddable":true,"href":"https:\/\/www.europesays.com\/fr\/wp-json\/wp\/v2\/users\/2"}],"replies":[{"embeddable":true,"href":"https:\/\/www.europesays.com\/fr\/wp-json\/wp\/v2\/comments?post=100953"}],"version-history":[{"count":0,"href":"https:\/\/www.europesays.com\/fr\/wp-json\/wp\/v2\/posts\/100953\/revisions"}],"wp:featuredmedia":[{"embeddable":true,"href":"https:\/\/www.europesays.com\/fr\/wp-json\/wp\/v2\/media\/100954"}],"wp:attachment":[{"href":"https:\/\/www.europesays.com\/fr\/wp-json\/wp\/v2\/media?parent=100953"}],"wp:term":[{"taxonomy":"category","embeddable":true,"href":"https:\/\/www.europesays.com\/fr\/wp-json\/wp\/v2\/categories?post=100953"},{"taxonomy":"post_tag","embeddable":true,"href":"https:\/\/www.europesays.com\/fr\/wp-json\/wp\/v2\/tags?post=100953"}],"curies":[{"name":"wp","href":"https:\/\/api.w.org\/{rel}","templated":true}]}}