{"id":100961,"date":"2025-05-15T03:34:10","date_gmt":"2025-05-15T03:34:10","guid":{"rendered":"https:\/\/www.europesays.com\/fr\/100961\/"},"modified":"2025-05-15T03:34:10","modified_gmt":"2025-05-15T03:34:10","slug":"vos-adresses-preferees-selon-vous-ou-trouve-t-on-le-meilleur-kebab-de-nancy","status":"publish","type":"post","link":"https:\/\/www.europesays.com\/fr\/100961\/","title":{"rendered":"Vos adresses pr\u00e9f\u00e9r\u00e9es. Selon vous, o\u00f9 trouve-t-on le meilleur kebab de Nancy ?"},"content":{"rendered":"<p data-start=\"857\" data-end=\"1173\">Du snack discret \u00e0 la star locale affichant complet, chaque kebab a ses adeptes et ses secrets. <br \/>Certains ne jurent que par la sauce blanche maison, d\u2019autres par les galettes croustillantes \u00ab comme \u00e0 Istanbul \u00bb, ou la tendresse de la viande marin\u00e9e pendant des heures. Pour d&rsquo;autres encore, ce sont des\u00a0 souvenirs, une ambiance ou un lieu propice \u00e0 la discussion. <br \/>Kebab du samedi soir apr\u00e8s un match entre amis ou pause rapide du temps de midi entre deux r\u00e9unions \u00a0; version \u00e9tudiant, actif un brin press\u00e9 ou simple gourmand&#8230; Le kebab ne laisse personne indiff\u00e9rent. <br \/>Que vous soyez l&rsquo;un ou l&rsquo;autre, dites-nous quel est, selon vous, le meilleur kebab de Nancy ? <\/p>\n","protected":false},"excerpt":{"rendered":"Du snack discret \u00e0 la star locale affichant complet, chaque kebab a ses adeptes et ses secrets. Certains&hellip;\n","protected":false},"author":2,"featured_media":100962,"comment_status":"","ping_status":"","sticky":false,"template":"","format":"standard","meta":{"footnotes":""},"categories":[9635],"tags":[1111,11,1704,1777,674,107,1011,27,775,3457,1702,12,3456,25,273,21639,21640],"class_list":{"0":"post-100961","1":"post","2":"type-post","3":"status-publish","4":"format-standard","5":"has-post-thumbnail","7":"category-nancy","8":"tag-actu","9":"tag-actualites","10":"tag-edition-nancy-et-agglomeration","11":"tag-eu","12":"tag-europe","13":"tag-fil-info","14":"tag-fr","15":"tag-france","16":"tag-grand-est","17":"tag-meurthe-et-moselle","18":"tag-nancy","19":"tag-news","20":"tag-region-lorraine","21":"tag-republique-francaise","22":"tag-selection-de-la-redaction","23":"tag-vos-adresses-preferees","24":"tag-votre-journal-et-vous"},"share_on_mastodon":{"url":"https:\/\/pubeurope.com\/@fr\/114509752780334943","error":""},"_links":{"self":[{"href":"https:\/\/www.europesays.com\/fr\/wp-json\/wp\/v2\/posts\/100961","targetHints":{"allow":["GET"]}}],"collection":[{"href":"https:\/\/www.europesays.com\/fr\/wp-json\/wp\/v2\/posts"}],"about":[{"href":"https:\/\/www.europesays.com\/fr\/wp-json\/wp\/v2\/types\/post"}],"author":[{"embeddable":true,"href":"https:\/\/www.europesays.com\/fr\/wp-json\/wp\/v2\/users\/2"}],"replies":[{"embeddable":true,"href":"https:\/\/www.europesays.com\/fr\/wp-json\/wp\/v2\/comments?post=100961"}],"version-history":[{"count":0,"href":"https:\/\/www.europesays.com\/fr\/wp-json\/wp\/v2\/posts\/100961\/revisions"}],"wp:featuredmedia":[{"embeddable":true,"href":"https:\/\/www.europesays.com\/fr\/wp-json\/wp\/v2\/media\/100962"}],"wp:attachment":[{"href":"https:\/\/www.europesays.com\/fr\/wp-json\/wp\/v2\/media?parent=100961"}],"wp:term":[{"taxonomy":"category","embeddable":true,"href":"https:\/\/www.europesays.com\/fr\/wp-json\/wp\/v2\/categories?post=100961"},{"taxonomy":"post_tag","embeddable":true,"href":"https:\/\/www.europesays.com\/fr\/wp-json\/wp\/v2\/tags?post=100961"}],"curies":[{"name":"wp","href":"https:\/\/api.w.org\/{rel}","templated":true}]}}