{"id":100977,"date":"2025-05-15T03:45:08","date_gmt":"2025-05-15T03:45:08","guid":{"rendered":"https:\/\/www.europesays.com\/fr\/100977\/"},"modified":"2025-05-15T03:45:08","modified_gmt":"2025-05-15T03:45:08","slug":"om-rennes-a-quelle-heure-et-sur-quelle-chaine-tv-voir-le-match-de-la-34e-journee-de-ligue-1","status":"publish","type":"post","link":"https:\/\/www.europesays.com\/fr\/100977\/","title":{"rendered":"OM &#8211; Rennes\u00a0: \u00e0 quelle heure et sur quelle cha\u00eene TV voir le match de la 34e journ\u00e9e de Ligue\u00a01"},"content":{"rendered":"<p>OM &#8211; Stade Rennais, ce samedi (21 h)<\/p>\n<p>Onzi\u00e8me du classement, le Stade Rennais n\u2019a plus rien \u00e0 jouer sur cette derni\u00e8re journ\u00e9e de Ligue 1 <a href=\"https:\/\/www.letelegramme.fr\/sports\/football\/stade-rennais\/rennes-nice-le-resume-de-la-victoire-des-rouge-et-noir-6814666.php\" target=\"_blank\" rel=\"nofollow noopener\">malgr\u00e9 la victoire contre Nice<\/a>. Les joueurs d\u2019Habib Beye, dont l\u2019avenir est incertain, se d\u00e9placent \u00e0 Marseille, dauphin du PSG et qui aimerait conserver sa place au classement.<\/p>\n<p>Sur quelle cha\u00eene voir le match ?<\/p>\n<p>Le match se jouera ce samedi \u00e0 21 h et sera diffus\u00e9 sur en prime time sur beIN Sports 1. Il sera aussi comment\u00e9 en direct sur le site du T\u00e9l\u00e9gramme (<a href=\"https:\/\/www.letelegramme.fr\/sports\/\" target=\"_blank\" rel=\"nofollow noopener\">www.letelegramme.fr<\/a>).<\/p>\n","protected":false},"excerpt":{"rendered":"OM &#8211; Stade Rennais, ce samedi (21 h) Onzi\u00e8me du classement, le Stade Rennais n\u2019a plus rien \u00e0&hellip;\n","protected":false},"author":2,"featured_media":100978,"comment_status":"","ping_status":"","sticky":false,"template":"","format":"standard","meta":{"footnotes":""},"categories":[2821],"tags":[1111,11,829,1777,674,63,1011,27,66,12,584,25,60,3087],"class_list":{"0":"post-100977","1":"post","2":"type-post","3":"status-publish","4":"format-standard","5":"has-post-thumbnail","7":"category-rennes","8":"tag-actu","9":"tag-actualites","10":"tag-bretagne","11":"tag-eu","12":"tag-europe","13":"tag-football","14":"tag-fr","15":"tag-france","16":"tag-ligue-1","17":"tag-news","18":"tag-rennes","19":"tag-republique-francaise","20":"tag-sports","21":"tag-stade-rennais"},"share_on_mastodon":{"url":"https:\/\/pubeurope.com\/@fr\/114509796145149604","error":""},"_links":{"self":[{"href":"https:\/\/www.europesays.com\/fr\/wp-json\/wp\/v2\/posts\/100977","targetHints":{"allow":["GET"]}}],"collection":[{"href":"https:\/\/www.europesays.com\/fr\/wp-json\/wp\/v2\/posts"}],"about":[{"href":"https:\/\/www.europesays.com\/fr\/wp-json\/wp\/v2\/types\/post"}],"author":[{"embeddable":true,"href":"https:\/\/www.europesays.com\/fr\/wp-json\/wp\/v2\/users\/2"}],"replies":[{"embeddable":true,"href":"https:\/\/www.europesays.com\/fr\/wp-json\/wp\/v2\/comments?post=100977"}],"version-history":[{"count":0,"href":"https:\/\/www.europesays.com\/fr\/wp-json\/wp\/v2\/posts\/100977\/revisions"}],"wp:featuredmedia":[{"embeddable":true,"href":"https:\/\/www.europesays.com\/fr\/wp-json\/wp\/v2\/media\/100978"}],"wp:attachment":[{"href":"https:\/\/www.europesays.com\/fr\/wp-json\/wp\/v2\/media?parent=100977"}],"wp:term":[{"taxonomy":"category","embeddable":true,"href":"https:\/\/www.europesays.com\/fr\/wp-json\/wp\/v2\/categories?post=100977"},{"taxonomy":"post_tag","embeddable":true,"href":"https:\/\/www.europesays.com\/fr\/wp-json\/wp\/v2\/tags?post=100977"}],"curies":[{"name":"wp","href":"https:\/\/api.w.org\/{rel}","templated":true}]}}