{"id":1009819,"date":"2026-06-19T05:35:22","date_gmt":"2026-06-19T05:35:22","guid":{"rendered":"https:\/\/www.europesays.com\/fr\/1009819\/"},"modified":"2026-06-19T05:35:22","modified_gmt":"2026-06-19T05:35:22","slug":"rive-gauche-a-rouen-des-foyers-sans-internet-pendant-plusieurs-jours-a-cause-des-rats","status":"publish","type":"post","link":"https:\/\/www.europesays.com\/fr\/1009819\/","title":{"rendered":"Rive gauche \u00e0 Rouen, des foyers sans internet pendant plusieurs jours \u00e0 cause des rats"},"content":{"rendered":"<p>                    Par<br \/>\n        <strong><br \/>\n            <a href=\"https:\/\/actu.fr\/auteur\/fmass\" title=\"Consulter tous les articles de Fabien Massin\" rel=\"nofollow noopener\" target=\"_blank\">Fabien Massin<\/a><br \/>\n                    <\/strong><\/p>\n<p>        Publi\u00e9 le<\/p>\n<p>            19 juin 2026 \u00e0 6h32        <\/p>\n<p><strong>Des rats bien incommodants<\/strong>. En septembre 2024, Hamed, un habitant de la place Joffre \u00e0 <a href=\"https:\/\/actu.fr\/normandie\/rouen_76540\" rel=\"nofollow noopener\" target=\"_blank\">Rouen (Seine-Maritime)<\/a> alertait 76actu <a href=\"https:\/\/actu.fr\/normandie\/rouen_76540\/a-rouen-il-soupconne-les-rats-d-avoir-detruit-le-moteur-de-sa-voiture_61546862.html\" rel=\"nofollow noopener\" target=\"_blank\">sur la pr\u00e9sence de rats dans son parking<\/a>. Des rats retrouv\u00e9s dans le moteur de sa voiture, qui avant de succomber avaient grignot\u00e9 des c\u00e2bles, causant des dommages et surtout des pannes.\u00a0<\/p>\n<p>Panne d\u2019internet pendant plusieurs jours<\/p>\n<p class=\" wall-content\">D\u00e9but juin 2026, la pr\u00e9sence de rats vient \u00e0 nouveau enquiquiner le quotidien de cet habitant de la rive gauche, mais d\u2019une autre mani\u00e8re, en le privant d\u2019internet, lui et d\u2019autres locataires de son immeuble.\u00a0<\/p>\n<p class=\" wall-content\">\u00ab\u00a0Je suis client chez Free, quand un technicien est venu il m\u2019a dit que des c\u00e2bles avaient \u00e9t\u00e9 rong\u00e9s, <strong>mais qu\u2019il ne pouvait pas intervenir<\/strong> car ils utilisent le r\u00e9seau d\u2019Orange\u00a0\u00bb, raconte Hamed. Le locataire se tourne \u00e9galement vers le bailleur social en charge de la r\u00e9sidence, <strong>ICF Habitat.<\/strong><\/p>\n<p class=\" wall-content\">Interrog\u00e9 par 76actu, voici les \u00e9l\u00e9ments apport\u00e9s par ICF sur la situation :\u00a0<\/p>\n<ul class=\" wall-content\">\n<li>\u00ab\u00a0ICF a \u00e9t\u00e9 inform\u00e9 par le locataire de difficult\u00e9s d\u2019acc\u00e8s \u00e0 Internet le 3 juin dernier. D\u00e8s r\u00e9ception de cette alerte, un contr\u00f4le des parties communes, notamment des caves, a \u00e9t\u00e9 r\u00e9alis\u00e9 par les \u00e9quipes.<\/li>\n<li>En parall\u00e8le, ICF a sollicit\u00e9 l\u2019entreprise NGAN, charg\u00e9e de la d\u00e9ratisation du site. Une commande avait d\u2019ailleurs \u00e9t\u00e9 renouvel\u00e9e le 26 mai pour quatre interventions de traitement des espaces ext\u00e9rieurs de la r\u00e9sidence. Apr\u00e8s v\u00e9rifications, l\u2019entreprise a confirm\u00e9 l\u2019absence de pr\u00e9sence de rats dans les caves de l\u2019immeuble. Les \u00e9quipes d\u2019Orange sont parvenues \u00e0 la m\u00eame conclusion.<\/li>\n<li>Les investigations men\u00e9es ont par ailleurs permis de confirmer que le coffret desservant les r\u00e9seaux t\u00e9l\u00e9phonique et Internet est situ\u00e9 \u00e0 l\u2019ext\u00e9rieur du b\u00e2timent, sous la vo\u00fbte de la place Joffre. Les \u00e9quipes d\u2019ICF ont observ\u00e9 que ce coffret reste r\u00e9guli\u00e8rement ouvert.<\/li>\n<li>Les \u00e9quipes sur place ont constat\u00e9 l\u2019intervention de techniciens Orange sur site ainsi que la r\u00e9alisation des travaux le 10 juin permettant le r\u00e9tablissement du service.\u00a0\u00bb<\/li>\n<\/ul>\n<p class=\" wall-content\">Et c\u2019est donc bien Orange qui est finalement venu \u00e0 bout du probl\u00e8me, <strong>confirmant bien la pr\u00e9sence de rongeurs friands de c\u00e2bles dans le secteur<\/strong>.<\/p>\n<p>Des c\u00e2bles internet endommag\u00e9s par des rongeurs\u00a0<\/p>\n<p class=\" wall-content\">\u00a0\u00ab\u00a0Apr\u00e8s constat sur place et pr\u00e9paration du chantier, Orange fut mobilis\u00e9 le 8 juin pour r\u00e9parer son r\u00e9seau d\u2019infrastructure endommag\u00e9 dans un immeuble situ\u00e9 16, place Joffre \u00e0 Rouen, rapporte le service communication d\u2019Orange. Nos techniciens ont remplac\u00e9 51 m\u00e8tres de fibre situ\u00e9s en souterrain et install\u00e9 un nouveau boitier. <strong>Les c\u00e2bles furent endommag\u00e9s par des rongeurs<\/strong>. Le chantier \u00e9tait finalis\u00e9 dans la journ\u00e9e.\u00a0\u00bb<\/p>\n<blockquote class=\"ac-article-quote wall-content\">\n<p>Si les deux abonn\u00e9s concern\u00e9s sont toujours en panne, ils doivent se rapprochent de leur op\u00e9rateur commercial afin de leur demander de v\u00e9rifier l&rsquo;\u00e9tat de leur ligne raccord\u00e9e sur notre r\u00e9seau. Orange, ici op\u00e9rateur d&rsquo;infrastructure, ne r\u00e9pare pas la partie raccordement commercial qui ne lui appartient pas \u2014 la fibre reliant le r\u00e9seau d\u2019infrastructure \u00e0 leur box et qui est d\u00e9ploy\u00e9e par l\u2019op\u00e9rateur commercial.<\/p>\n<p>    <strong>Service communication d&rsquo;Orange<\/strong>\n            <\/p><\/blockquote>\n<p>    <img   decoding=\"async\" loading=\"lazy\" src=\"https:\/\/www.europesays.com\/fr\/wp-content\/uploads\/2026\/06\/rats-immeuble-joffre-rouen-internet-coupure-960x640.jpg\" alt=\"Hamed, habitant de la place Joffre \u00e0 Rouen (Seine-Maritime), a connu une nouvelle m\u00e9saventure \u00e0 cause des rats. \" width=\"960\" height=\"640\"\/><br \/>\n    Hamed, habitant de la place Joffre \u00e0 Rouen (Seine-Maritime), a connu une nouvelle m\u00e9saventure \u00e0 cause des rats : une panne d\u2019internet. (\u00a9FM\/76actu)Suivez l\u2019actualit\u00e9 de Rouen sur notre <a href=\"https:\/\/www.whatsapp.com\/channel\/0029VaKfnf99hXF2ddApFB1D\" rel=\"nofollow noopener\" target=\"_blank\">cha\u00eene WhatsApp<\/a> et sur notre <a href=\"https:\/\/www.tiktok.com\/@76actu.fr?lang=fr\" rel=\"nofollow noopener\" target=\"_blank\">compte TikTok<\/a><\/p>\n<p class=\" wall-content\">Personnalisez votre actualit\u00e9 en ajoutant vos villes et m\u00e9dias en favori avec <a href=\"https:\/\/moncompte.actu.fr\" title=\"D\u00e9couvez Mon Actu\" rel=\"nofollow noopener\" data-trk=\"{&quot;cta&quot;:{&quot;action&quot;:&quot;https:\\\/\\\/moncompte.actu.fr&quot;,&quot;category&quot;:&quot;mon compte&quot;,&quot;from&quot;:&quot;article footer&quot;,&quot;name&quot;:&quot;Mon actu&quot;,&quot;type&quot;:&quot;cta&quot;}}\" target=\"_blank\">Mon Actu<\/a>.<\/p>\n<p>                    <script async src=\"\/\/www.tiktok.com\/embed.js\"><\/script><\/p>\n","protected":false},"excerpt":{"rendered":"Par Fabien Massin Publi\u00e9 le 19 juin 2026 \u00e0 6h32 Des rats bien incommodants. En septembre 2024, Hamed,&hellip;\n","protected":false},"author":2,"featured_media":1009820,"comment_status":"","ping_status":"","sticky":false,"template":"","format":"standard","meta":{"footnotes":"","_share_on_mastodon":"0"},"categories":[9587],"tags":[1111,11,1777,674,960,1011,27,1908,12,5161,25,9590,104],"class_list":["post-1009819","post","type-post","status-publish","format-standard","has-post-thumbnail","category-rouen","tag-actu","tag-actualites","tag-eu","tag-europe","tag-fibre-optique","tag-fr","tag-france","tag-logement","tag-news","tag-normandie","tag-republique-francaise","tag-rouen","tag-societe"],"share_on_mastodon":{"url":"https:\/\/pubeurope.com\/@fr\/116775154343494323","error":""},"_links":{"self":[{"href":"https:\/\/www.europesays.com\/fr\/wp-json\/wp\/v2\/posts\/1009819","targetHints":{"allow":["GET"]}}],"collection":[{"href":"https:\/\/www.europesays.com\/fr\/wp-json\/wp\/v2\/posts"}],"about":[{"href":"https:\/\/www.europesays.com\/fr\/wp-json\/wp\/v2\/types\/post"}],"author":[{"embeddable":true,"href":"https:\/\/www.europesays.com\/fr\/wp-json\/wp\/v2\/users\/2"}],"replies":[{"embeddable":true,"href":"https:\/\/www.europesays.com\/fr\/wp-json\/wp\/v2\/comments?post=1009819"}],"version-history":[{"count":0,"href":"https:\/\/www.europesays.com\/fr\/wp-json\/wp\/v2\/posts\/1009819\/revisions"}],"wp:featuredmedia":[{"embeddable":true,"href":"https:\/\/www.europesays.com\/fr\/wp-json\/wp\/v2\/media\/1009820"}],"wp:attachment":[{"href":"https:\/\/www.europesays.com\/fr\/wp-json\/wp\/v2\/media?parent=1009819"}],"wp:term":[{"taxonomy":"category","embeddable":true,"href":"https:\/\/www.europesays.com\/fr\/wp-json\/wp\/v2\/categories?post=1009819"},{"taxonomy":"post_tag","embeddable":true,"href":"https:\/\/www.europesays.com\/fr\/wp-json\/wp\/v2\/tags?post=1009819"}],"curies":[{"name":"wp","href":"https:\/\/api.w.org\/{rel}","templated":true}]}}