{"id":1009907,"date":"2026-06-19T06:29:32","date_gmt":"2026-06-19T06:29:32","guid":{"rendered":"https:\/\/www.europesays.com\/fr\/1009907\/"},"modified":"2026-06-19T06:29:32","modified_gmt":"2026-06-19T06:29:32","slug":"peste-ces-tombes-revelent-une-epidemie-plus-ancienne-et-plus-terrible-quimagine","status":"publish","type":"post","link":"https:\/\/www.europesays.com\/fr\/1009907\/","title":{"rendered":"Peste : ces tombes r\u00e9v\u00e8lent une \u00e9pid\u00e9mie plus ancienne et plus terrible qu\u2019imagin\u00e9"},"content":{"rendered":"<p>Quand on pense \u00e0 la peste, on imagine des villes du <a href=\"https:\/\/www.futura-sciences.com\/sante\/actualites\/peste-noire-peste-noire-document-exceptionnel-moyen-age-revele-survivait-temps-durait-maladie-134548\/\" title=\"Peste noire : un document exceptionnel du Moyen \u00c2ge r\u00e9v\u00e8le qui survivait\u2026 et combien de temps durait la maladie\" rel=\"nofollow noopener\" target=\"_blank\">Moyen \u00c2ge<\/a> d\u00e9cim\u00e9es par des <a href=\"https:\/\/www.futura-sciences.com\/sciences\/actualites\/homme-peste-noire-incroyable-chaine-evenements-derriere-pandemie-historique-128223\/\" title=\"Peste noire : l\u2019incroyable cha\u00eene d\u2019\u00e9v\u00e9nements derri\u00e8re la pand\u00e9mie historique\" rel=\"nofollow noopener\" target=\"_blank\">pand\u00e9mies<\/a> mortelles faisant des millions de morts. Pourtant, la peste affecte l&rsquo;humanit\u00e9 depuis bien plus longtemps.<\/p>\n<p>De pr\u00e9c\u00e9dentes \u00e9tudes ont ainsi r\u00e9v\u00e9l\u00e9 que cette maladie circulait d\u00e9j\u00e0 au sein des populations humaines du N\u00e9olithique, il y a environ 5\u202f000 ans. L&rsquo;ADN de la bact\u00e9rie <a href=\"https:\/\/www.futura-sciences.com\/sante\/definitions\/medecine-bacille-yersin-7819\/\" rel=\"nofollow noopener\" target=\"_blank\">Yersinia pestis<\/a> a en effet \u00e9t\u00e9 retrouv\u00e9 dans les os de plusieurs individus au Danemark et en Su\u00e8de, montrant que ces personnes \u00e9taient infect\u00e9es au moment de leur mort.<\/p>\n<p>\n            <img decoding=\"async\" data-imgid=\"sm\" src=\"https:\/\/www.europesays.com\/fr\/wp-content\/uploads\/2026\/06\/Yersinia-pestis-peste-bacterie.jpeg\" width=\"320\" height=\"320\" alt=\"Bact\u00e9rie\u00a0Yersinia Pestis, responsable de la peste, illustration en 3D.\u00a0\u00a9 Dr_Microbe, Adobe Stock\" loading=\"lazy\"\/><br \/>\n        <a href=\"https:\/\/www.futura-sciences.com\/sante\/actualites\/epidemie-chercheurs-ont-retrouve-bacterie-provoque-premiere-pandemie-histoire-125021\/\" class=\"article-link article-title\" target=\"_blank\" rel=\"nofollow noopener\">Des chercheurs ont retrouv\u00e9 la bact\u00e9rie qui a provoqu\u00e9 la premi\u00e8re pand\u00e9mie de l&rsquo;histoire<\/a><\/p>\n<p class=\"article-synopsis\">\n        Il y a 1 500 ans, l&rsquo;Europe et le Moyen-Orient affrontaient ce qui est reconnu comme la premi\u00e8re pand\u00e9mie de son histoire : 200 ans de peste qui a ravag\u00e9 le bassin m\u00e9diterran\u00e9en et pour laquelle un coupable a enfin \u00e9t\u00e9 r\u00e9v\u00e9l\u00e9&#8230;. Lire la suite\n    <\/p>\n<\/p>\n<p>Toutefois, la l\u00e9talit\u00e9 de ces premi\u00e8res souches de peste reste d\u00e9battue. Pouvaient-elles produire des \u00e9pid\u00e9mies comme l&rsquo;Europe en a connu au Moyen \u00c2ge\u00a0? Si certains chercheurs consid\u00e8rent cela comme possible et vont jusqu&rsquo;\u00e0 corr\u00e9ler le d\u00e9clin d\u00e9mographique observ\u00e9 en Scandinavie \u00e0 la fin <a href=\"https:\/\/www.futura-sciences.com\/sciences\/actualites\/homme-ce-ces-dents-plus-10-000-ans-nous-revelent-comportements-sociaux-neolithique-126311\/\" title=\"Ce que ces dents de plus de 10\u202f000 ans nous r\u00e9v\u00e8lent sur les comportements sociaux du N\u00e9olithique\" rel=\"nofollow noopener\" target=\"_blank\">du N\u00e9olithique<\/a> \u00e0 des \u00e9pid\u00e9mies de peste, cette interpr\u00e9tation est encore discut\u00e9e.<\/p>\n<p>En effet, l&rsquo;analyse du g\u00e9nome des souches anciennes de Yersinia pestis montre que cette bact\u00e9rie ne poss\u00e9dait pas encore les traits <a href=\"https:\/\/www.futura-sciences.com\/sante\/definitions\/genetique-genetique-152\/\" rel=\"nofollow noopener\" target=\"_blank\">g\u00e9n\u00e9tiques<\/a> caract\u00e9ristiques de la <a href=\"https:\/\/www.futura-sciences.com\/sante\/definitions\/medecine-peste-bubonique-7873\/\" rel=\"nofollow noopener\" target=\"_blank\">peste bubonique<\/a> lui permettant de se propager tr\u00e8s rapidement via les puces. Les premi\u00e8res \u00e9pid\u00e9mies auraient donc pu \u00eatre moins s\u00e9v\u00e8res que celles du Moyen \u00c2ge.<\/p>\n<p class=\"fs-media\">\n<p><img decoding=\"async\" data-imgid=\"full\" src=\"https:\/\/www.europesays.com\/fr\/wp-content\/uploads\/2026\/06\/Louis Duveau-La peste dElliant.jpg\" width=\"1080\" height=\"1917\" alt=\"\" loading=\"lazy\"\/><br \/>\nTableau repr\u00e9sentant une \u00e9pid\u00e9mie de peste au Moyen \u00c2ge. \u00a9 Louis Duveau, Wikimedia Commons, domaine public<\/p>\n<p>La peste d\u00e9j\u00e0 pr\u00e9sente dans les communaut\u00e9s humaines il y a 5\u202f500 ans<\/p>\n<p>Une nouvelle \u00e9tude vient cependant apporter des \u00e9l\u00e9ments qui permettent de mieux caract\u00e9riser l&rsquo;origine de cette maladie bact\u00e9rienne mortelle.<\/p>\n<p>L&rsquo;analyse d&rsquo;ADN humain retrouv\u00e9 dans quatre cimeti\u00e8res n\u00e9olithiques dans la r\u00e9gion du Lac Baikal, en Sib\u00e9rie, a en effet permis de mettre en \u00e9vidence la plus ancienne infection de peste. L&rsquo;ADN de la bact\u00e9rie a ici \u00e9t\u00e9 retrouv\u00e9e au sein d&rsquo;une population de <a href=\"https:\/\/www.futura-sciences.com\/sciences\/definitions\/ethnologie-chasseur-cueilleur-15437\/\" rel=\"nofollow noopener\" target=\"_blank\">chasseurs-cueilleurs<\/a> datant de 5\u202f500 ans. Ces r\u00e9sultats, publi\u00e9s dans la revue <a href=\"https:\/\/dx.doi.org\/10.1038\/s41586-026-10540-5\" title=\"Lethal plague outbreaks in Lake Baikal hunter-gatherers 5,500 years ago\" rel=\"nofollow noopener\" target=\"_blank\">Nature<\/a>, r\u00e9v\u00e8lent que sur les 48 individus test\u00e9s, 18 (dont de nombreux enfants) \u00e9taient porteurs de la bact\u00e9rie au moment de leur mort, ce qui repr\u00e9sente 40\u202f% de cet \u00e9chantillon. Un taux relativement fort, qui laisse penser que cette souche ancienne de peste \u00e9tait hautement l\u00e9tale.<\/p>\n<p>\n            <img decoding=\"async\" data-imgid=\"sm\" src=\"https:\/\/www.europesays.com\/fr\/wp-content\/uploads\/2026\/06\/fermiers-contre-chasseurs-ceuilleurs.jpg\" width=\"320\" height=\"320\" alt=\"La rencontre entre les chasseurs-cueilleurs et les premiers agriculteurs a mal tourn\u00e9 ! \u00a9 XD, Futura avec DALL-E\" loading=\"lazy\"\/><br \/>\n        <a href=\"https:\/\/www.futura-sciences.com\/sciences\/actualites\/homme-etude-revele-chasseurs-cueilleurs-ont-eu-fin-violente-europe-voici-6-000-ans-111504\/\" class=\"article-link article-title\" target=\"_blank\" rel=\"nofollow noopener\">Une \u00e9tude r\u00e9v\u00e8le que les chasseurs-cueilleurs ont eu une fin violente en Europe voici 6 000 ans<\/a><\/p>\n<p class=\"article-synopsis\">\n        Une \u00e9tude portant sur le g\u00e9nome des populations de l\u2019\u00e2ge de pierre au Danemark r\u00e9v\u00e8le que l\u2019arriv\u00e9e des premi\u00e8res communaut\u00e9s d\u2019agriculteurs a \u00e9t\u00e9 fatale aux populations locales de chasseurs-cueilleurs. Loin d\u2019avoir \u00e9t\u00e9 paisible, cette transition entre deux modes de vie s\u2019est sold\u00e9e par l\u2019\u00e9radication de toute une population&#8230;. Lire la suite\n    <\/p>\n<p>\u00a0<\/p>\n<p>\u00ab\u00a0En combinant l&rsquo;ADN de la bact\u00e9rie, les liens de parent\u00e9 entre les victimes, les donn\u00e9es arch\u00e9ologiques et les datations au radiocarbone, nous avons pu reconstituer avec une pr\u00e9cision in\u00e9dite le d\u00e9roulement de ces \u00e9pid\u00e9mies pr\u00e9historiques\u00a0\u00bb, explique Ruairidh Macleod, auteur principal de l&rsquo;\u00e9tude.<\/p>\n<p class=\"fs-media\">\n<p><img decoding=\"async\" data-imgid=\"full\" src=\"https:\/\/www.europesays.com\/fr\/wp-content\/uploads\/2026\/06\/peste.jpeg\" width=\"1080\" height=\"1619\" alt=\"\" loading=\"lazy\"\/><br \/>\nSi la peste est une maladie embl\u00e9matique du Moyen \u00c2ge, cette maladie mortelle frappait d\u00e9j\u00e0 au N\u00e9olithique. \u00a9 Rawpixel.com,\u00a0Adobe Stock<\/p>\n<p>Une peste plus virulente qu\u2019on ne l\u2019aurait pens\u00e9<\/p>\n<p>Les datations par radiocarbone ont ainsi permis de r\u00e9v\u00e9ler que les d\u00e9c\u00e8s se sont produits dans un intervalle de temps tr\u00e8s court, une information qui corrobore l&rsquo;id\u00e9e d&rsquo;une \u00e9pid\u00e9mie mortelle. D&rsquo;ailleurs, plusieurs tombes renferment des membres d&rsquo;une m\u00eame famille, fr\u00e8res et s\u0153urs, parents et enfants, semblent ainsi avoir \u00e9t\u00e9 infect\u00e9s simultan\u00e9ment.<\/p>\n<p>Mais la d\u00e9couverte la plus importante r\u00e9side dans l&rsquo;analyse d\u00e9taill\u00e9e du g\u00e9nome de la bact\u00e9rie. Cette souche ancienne poss\u00e9dait en effet un superantig\u00e8ne unique. Une caract\u00e9ristique qui n&rsquo;a jamais \u00e9t\u00e9 observ\u00e9e dans les souches historiques. Or, les superantig\u00e8nes sont connus pour d\u00e9clencher des r\u00e9actions immunitaires extr\u00eames et sont associ\u00e9s \u00e0 de graves complications inflammatoires.<\/p>\n<p>Pour les chercheurs, cette r\u00e9action immunitaire disproportionn\u00e9e aurait pu aggraver la l\u00e9talit\u00e9 de la maladie, m\u00eame si sa propagation n&rsquo;\u00e9tait pas encore aussi efficace que celle des souches du Moyen \u00c2ge.<\/p>\n<p>Cette forme de <a href=\"https:\/\/www.futura-sciences.com\/planete\/actualites\/changement-climatique-arrivee-peste-liee-changements-climatiques-majeurs-111141\/\" title=\"L&#039;arriv\u00e9e de la peste est li\u00e9e \u00e0 des changements climatiques majeurs\" rel=\"nofollow noopener\" target=\"_blank\">peste<\/a> ancienne pourrait donc avoir \u00e9t\u00e9 particuli\u00e8rement mortelle, notamment pour les enfants. En ce qui concerne la <a href=\"https:\/\/www.futura-sciences.com\/tech\/definitions\/logiciels-transmission-27634\/\" rel=\"nofollow noopener\" target=\"_blank\">transmission<\/a>, les auteurs de l&rsquo;\u00e9tude sugg\u00e8rent que la peste, originaire d&rsquo;Asie centrale ou du Nord-Est, se serait propag\u00e9e sur le territoire eurasiatique via les <a href=\"https:\/\/www.futura-sciences.com\/planete\/definitions\/zoologie-rongeur-2402\/\" rel=\"nofollow noopener\" target=\"_blank\">rongeurs<\/a>. Certaines donn\u00e9es arch\u00e9ologiques laissent penser que les communaut\u00e9s de chasseurs-cueilleurs \u00e9tudi\u00e9es ici auraient quant \u00e0 elles \u00e9t\u00e9 infect\u00e9es via un contact proche avec des&#8230; marmottes\u00a0!<\/p>\n<p class=\"fs-media\">\n<p><img decoding=\"async\" data-imgid=\"full\" src=\"https:\/\/www.europesays.com\/fr\/wp-content\/uploads\/2026\/06\/Marmottes_en_Vanoise_(20).JPG\" width=\"1080\" height=\"1783\" alt=\"\" loading=\"lazy\"\/><br \/>\nIl y a 5\u202f500 ans, la peste aurait \u00e9t\u00e9 transmise aux chasseurs-cueilleurs par les marmottes. \u00a9 Ibex73, Wikimedia Commons, CC BY-SA 4.0<\/p>\n<p>Si ces r\u00e9sultats se confirment, ils montrent que la peste \u00e9tait d\u00e9j\u00e0 capable de provoquer des \u00e9pid\u00e9mies meurtri\u00e8res plusieurs mill\u00e9naires avant l&rsquo;apparition des grandes civilisations et bien avant les <a href=\"https:\/\/www.futura-sciences.com\/sante\/definitions\/medecine-pandemie-3838\/\" rel=\"nofollow noopener\" target=\"_blank\">pand\u00e9mies<\/a> qui ont marqu\u00e9 l&rsquo;histoire \u00e9crite.<\/p>\n","protected":false},"excerpt":{"rendered":"Quand on pense \u00e0 la peste, on imagine des villes du Moyen \u00c2ge d\u00e9cim\u00e9es par des pand\u00e9mies mortelles&hellip;\n","protected":false},"author":2,"featured_media":1009908,"comment_status":"","ping_status":"","sticky":false,"template":"","format":"standard","meta":{"footnotes":"","_share_on_mastodon":"0"},"categories":[10],"tags":[730,434,1011,27,72,226,105715,13848,62480,7949,71,27323,105716,105714],"class_list":["post-1009907","post","type-post","status-publish","format-standard","has-post-thumbnail","category-sante","tag-archeologie","tag-epidemie","tag-fr","tag-france","tag-health","tag-maladie","tag-neolithique","tag-peste","tag-peste-noire","tag-prehistoire","tag-sante","tag-siberie","tag-superantigene","tag-yersinia-pestis"],"share_on_mastodon":{"url":"https:\/\/pubeurope.com\/@fr\/116775367462238571","error":""},"_links":{"self":[{"href":"https:\/\/www.europesays.com\/fr\/wp-json\/wp\/v2\/posts\/1009907","targetHints":{"allow":["GET"]}}],"collection":[{"href":"https:\/\/www.europesays.com\/fr\/wp-json\/wp\/v2\/posts"}],"about":[{"href":"https:\/\/www.europesays.com\/fr\/wp-json\/wp\/v2\/types\/post"}],"author":[{"embeddable":true,"href":"https:\/\/www.europesays.com\/fr\/wp-json\/wp\/v2\/users\/2"}],"replies":[{"embeddable":true,"href":"https:\/\/www.europesays.com\/fr\/wp-json\/wp\/v2\/comments?post=1009907"}],"version-history":[{"count":0,"href":"https:\/\/www.europesays.com\/fr\/wp-json\/wp\/v2\/posts\/1009907\/revisions"}],"wp:featuredmedia":[{"embeddable":true,"href":"https:\/\/www.europesays.com\/fr\/wp-json\/wp\/v2\/media\/1009908"}],"wp:attachment":[{"href":"https:\/\/www.europesays.com\/fr\/wp-json\/wp\/v2\/media?parent=1009907"}],"wp:term":[{"taxonomy":"category","embeddable":true,"href":"https:\/\/www.europesays.com\/fr\/wp-json\/wp\/v2\/categories?post=1009907"},{"taxonomy":"post_tag","embeddable":true,"href":"https:\/\/www.europesays.com\/fr\/wp-json\/wp\/v2\/tags?post=1009907"}],"curies":[{"name":"wp","href":"https:\/\/api.w.org\/{rel}","templated":true}]}}