{"id":1009954,"date":"2026-06-19T07:00:18","date_gmt":"2026-06-19T07:00:18","guid":{"rendered":"https:\/\/www.europesays.com\/fr\/1009954\/"},"modified":"2026-06-19T07:00:18","modified_gmt":"2026-06-19T07:00:18","slug":"future-creche-municipale-a-reze-la-ville-nen-avait-pas-construite-depuis-dix-huit","status":"publish","type":"post","link":"https:\/\/www.europesays.com\/fr\/1009954\/","title":{"rendered":"Future cr\u00e8che municipale, \u00e0 Rez\u00e9\u00a0: \u00ab\u00a0La Ville n\u2019en avait pas construite depuis dix-huit"},"content":{"rendered":"<p>Dix-huit ans que la Ville de Rez\u00e9 n\u2019avait pas construit de cr\u00e8che municipale. La derni\u00e8re en date, celle des Ritournelles, quartier Pont-Rousseau, avait ouvert en 2008. Dans l\u2019intervalle, la population a bondi de 15\u00a0%, passant de 38\u00a0000\u00a0\u00e0 43\u00a0500\u00a0habitants. Il \u00e9tait temps, a reconnu la maire divers gauche Agn\u00e8s Bourgeais, jeudi 18\u00a0juin, \u00e0 l\u2019heure de poser la premi\u00e8re pierre d\u2019une cr\u00e8che de 60\u00a0places, sur le parking du stade L\u00e9o-Lagrange, \u00e0 la Trocardi\u00e8re.<\/p>\n<p>Le futur \u00e9quipement, destin\u00e9 aux enfants \u00e2g\u00e9s de 3\u00a0mois \u00e0 3\u00a0ans, ouvrira fin 2027. Il permettra d\u2019att\u00e9nuer la saturation des accueils existants. \u00c0 Rez\u00e9, leur capacit\u00e9 totale s\u2019\u00e9l\u00e8ve \u00e0 966\u00a0enfants\u00a0: 651\u00a0places aupr\u00e8s des assistantes maternelles et 315 en structures collectives. Parmi ces derni\u00e8res, la Ville en totalise 115\u00a0dans ses cinq cr\u00e8ches, ainsi que vingt et une autres qu\u2019elle a d\u00e9cid\u00e9 de r\u00e9server dans des cr\u00e8ches priv\u00e9es depuis le pr\u00e9c\u00e9dent mandat.<\/p>\n<p>Sur 240\u00a0demandes formul\u00e9es l\u2019ann\u00e9e derni\u00e8re au guichet de la Ville, seulement 18\u00a0% ont obtenu une r\u00e9ponse favorable, en incluant les 31\u00a0places propos\u00e9es par les cr\u00e8ches associatives, a soulign\u00e9 Agn\u00e8s Bourgeais. C\u2019est dire l\u2019ampleur des besoins, qui ne seront pas tous combl\u00e9s avec cette sixi\u00e8me cr\u00e8che municipale, m\u00eame avec la tendance baissi\u00e8re des naissances. C\u2019est un projet attendu, utile et profond\u00e9ment structurant. Il r\u00e9pond au constat clair d\u2019une augmentation significative des demandes \u00e0 Rez\u00e9 ces derni\u00e8res ann\u00e9es, a confirm\u00e9 Bruno Babin, vice-pr\u00e9sident de la Caisse des allocations familiales de Loire-Atlantique.<\/p>\n<p>\u00ab\u00a0L\u2019un des investissements les plus importants du mandat\u00a0\u00bb<\/p>\n<p>La maire de Rez\u00e9 a vant\u00e9 un projet d\u2019envergure, d\u2019un co\u00fbt de 5,2\u00a0millions d\u2019euros, l\u2019un des <a href=\"https:\/\/nantes.maville.com\/pays-de-la-loire\/loire-atlantique\/reze\/stade-leo-lagrange-creche-parc-des-mahaudieres-a-reze-trois-grands-projets-se-devoilent-dbb1d806-822a-11ef-91d9-7f562215fe95#:~:text=Ce%20jeudi%203%20octobre%2C%20les,r%C3%A9am%C3%A9nagement%20du%20parc%20des%20Mahaudi%C3%A8res.&amp;text=Sylvain%20Amiotte.\" target=\"_self\" rel=\"nofollow noopener\">investissements les plus importants du mandat<\/a>, avec la Maison de la tranquillit\u00e9 publique et la r\u00e9novation du stade L\u00e9o-Lagrange.<\/p>\n<p>Divis\u00e9e en trois unit\u00e9s ind\u00e9pendantes, avec une salle de vie, trois chambres et un espace repas, la future cr\u00e8che disposera aussi d\u2019une salle de confidentialit\u00e9\u00a0(pour l\u2019allaitement des enfants par leurs mamans), ainsi que de deux salles d\u00e9di\u00e9es \u00e0 la motricit\u00e9 et aux animations. Elle sera con\u00e7ue comme un lieu de vie, avec un grand jardin ouvert sur la nature, insiste Agn\u00e8s Bourgeais.<\/p>\n<p>\u00ab\u00a0Exemplarit\u00e9 environnementale\u00a0\u00bb<\/p>\n<p>Le projet, imagin\u00e9 par Giet Architecture, se veut \u00e9galement exemplaire d\u2019un point de vue environnemental, avec un b\u00e2timent bas carbone allant au-del\u00e0 des normes actuelles, une ventilation naturelle et des panneaux solaires.<\/p>\n<p>Le bruit d\u2019un avion passant juste au-dessus du site, obligeant la maire \u00e0 interrompre son discours, est venu brutalement nuancer ce descriptif d\u2019un havre de paix. Rappelant que la Trocardi\u00e8re se situe sous les trajectoires a\u00e9riennes de Nantes Atlantique.<\/p>\n<p>Mais cet \u00e9pisode n\u2019a pas emp\u00each\u00e9 l\u2019\u00e9dile de manier la truelle pour poser symboliquement <a href=\"https:\/\/nantes.maville.com\/actu\/actudet_-ces-architectes-defendent-le-retour-de-la-terre-crue-pres-de-nantes-_8-6561944_actu.Htm\" target=\"_self\" rel=\"nofollow noopener\">une premi\u00e8re brique de terre crue<\/a>. Un mat\u00e9riau <a href=\"https:\/\/nantes.maville.com\/actu\/actudet_-l-ecole-chateau-sud-de-reze-renovee-et-agrandie-a-des-murs-en-terre-crue-_52716-7193686_actu.Htm?utm_source=troove&amp;utm_medium=site\" target=\"_self\" rel=\"nofollow noopener\">d\u00e9j\u00e0 utilis\u00e9 lors de la r\u00e9novation et de l\u2019agrandissement de l\u2019\u00e9cole Ch\u00e2teau-Sud<\/a> et qui sera mari\u00e9 \u00e0 la paille et au bois dans la future cr\u00e8che.<\/p>\n<p>\t<img decoding=\"async\" src=\"https:\/\/www.europesays.com\/fr\/wp-content\/uploads\/2026\/06\/P35981389D7368471G_px_640_.jpg\" alt=\"photo agn\u00e8s bourgeais, maire de rez\u00e9, a pos\u00e9 une brique de terre crue pour marquer le lancement du chantier de la cr\u00e8che de la trocardi\u00e8re.  \u00a9  ouest-france\" width=\"640\" title=\" Agn\u00e8s Bourgeais, maire de Rez\u00e9, a pos\u00e9 une brique de terre crue pour marquer le lancement du chantier de la cr\u00e8che de la Trocardi\u00e8re.   Ouest-France \" loading=\"lazy\"\/><\/p>\n<p class=\"elmt-legende\"> Agn\u00e8s Bourgeais, maire de Rez\u00e9, a pos\u00e9 une brique de terre crue pour marquer le lancement du chantier de la cr\u00e8che de la Trocardi\u00e8re.   Ouest-France <\/p>\n<p>\u00a0<\/p>\n","protected":false},"excerpt":{"rendered":"Dix-huit ans que la Ville de Rez\u00e9 n\u2019avait pas construit de cr\u00e8che municipale. La derni\u00e8re en date, celle&hellip;\n","protected":false},"author":2,"featured_media":1009955,"comment_status":"","ping_status":"","sticky":false,"template":"","format":"standard","meta":{"footnotes":"","_share_on_mastodon":"0"},"categories":[2818],"tags":[1111,11,1764,12777,2695,35197,1777,674,1011,27,4108,16009,766,12,2636,25,3740,3272,4824],"class_list":["post-1009954","post","type-post","status-publish","format-standard","has-post-thumbnail","category-nantes","tag-actu","tag-actualites","tag-ans","tag-construite","tag-creche","tag-dix-huit","tag-eu","tag-europe","tag-fr","tag-france","tag-future","tag-municipale","tag-nantes","tag-news","tag-pays-de-la-loire","tag-republique-francaise","tag-reze","tag-saint-nazaire","tag-ville"],"share_on_mastodon":{"url":"https:\/\/pubeurope.com\/@fr\/116775488458021292","error":""},"_links":{"self":[{"href":"https:\/\/www.europesays.com\/fr\/wp-json\/wp\/v2\/posts\/1009954","targetHints":{"allow":["GET"]}}],"collection":[{"href":"https:\/\/www.europesays.com\/fr\/wp-json\/wp\/v2\/posts"}],"about":[{"href":"https:\/\/www.europesays.com\/fr\/wp-json\/wp\/v2\/types\/post"}],"author":[{"embeddable":true,"href":"https:\/\/www.europesays.com\/fr\/wp-json\/wp\/v2\/users\/2"}],"replies":[{"embeddable":true,"href":"https:\/\/www.europesays.com\/fr\/wp-json\/wp\/v2\/comments?post=1009954"}],"version-history":[{"count":0,"href":"https:\/\/www.europesays.com\/fr\/wp-json\/wp\/v2\/posts\/1009954\/revisions"}],"wp:featuredmedia":[{"embeddable":true,"href":"https:\/\/www.europesays.com\/fr\/wp-json\/wp\/v2\/media\/1009955"}],"wp:attachment":[{"href":"https:\/\/www.europesays.com\/fr\/wp-json\/wp\/v2\/media?parent=1009954"}],"wp:term":[{"taxonomy":"category","embeddable":true,"href":"https:\/\/www.europesays.com\/fr\/wp-json\/wp\/v2\/categories?post=1009954"},{"taxonomy":"post_tag","embeddable":true,"href":"https:\/\/www.europesays.com\/fr\/wp-json\/wp\/v2\/tags?post=1009954"}],"curies":[{"name":"wp","href":"https:\/\/api.w.org\/{rel}","templated":true}]}}