{"id":101001,"date":"2025-05-15T03:58:15","date_gmt":"2025-05-15T03:58:15","guid":{"rendered":"https:\/\/www.europesays.com\/fr\/101001\/"},"modified":"2025-05-15T03:58:15","modified_gmt":"2025-05-15T03:58:15","slug":"des-marins-pompiers-agresses-en-pleine-intervention-a-marseille","status":"publish","type":"post","link":"https:\/\/www.europesays.com\/fr\/101001\/","title":{"rendered":"Des marins-pompiers agress\u00e9s en pleine intervention \u00e0 Marseille"},"content":{"rendered":"<p>Ils \u00e9taient venus r\u00e9cup\u00e9rer un animal qu&rsquo;on leur avait signal\u00e9 errant. Ils sont repartis avec les oreilles sifflant d&rsquo;insultes et des contusions. Des <strong>marins-pompiers du <a href=\"https:\/\/www.laprovence.com\/article\/faits-divers-justice\/5222651553791614\/marseille-le-bataillon-des-marins-pompiers-un-patrimoine-bien-vivant-au-parc-borely\" target=\"_blank\" rel=\"noopener\">Bataillon marseillais<\/a> ont \u00e9t\u00e9 pris \u00e0 partie, agress\u00e9s verbalement puis physiquement<\/strong> ce mercredi matin 14 mai, \u00e0 proximit\u00e9 du m\u00e9tro Frais Vallon, dans le 13e arrondissement de la cit\u00e9 phoc\u00e9enne.<\/p>\n<p>Les faits se sont produits vers 9h40, alors qu&rsquo;ils s&rsquo;\u00e9taient d\u00e9plac\u00e9s \u00e0 8 personnels et avec deux engins pour capturer <strong>un <a href=\"https:\/\/www.laprovence.com\/article\/region\/78062623563307\/sud-luberon-les-chiens-errants-provoquent-lagacement-dhabitants-a-mirabeau\" target=\"_blank\" rel=\"noopener\">chien errant<\/a> qui aurait pu provoquer un accident de la circulation<\/strong>. Mais au cours de leur intervention, ils ont \u00e9t\u00e9 sollicit\u00e9s par un homme bless\u00e9 au visage qui est venu leur demander de l&rsquo;aide. Ils lui ont alors port\u00e9 secours et l&rsquo;ont abrit\u00e9 dans un de leurs camions pour lui prodiguer des soins. Quelques minutes plus tard, un deuxi\u00e8me individu aurait surgi et tent\u00e9 de frapper le bless\u00e9.\u00a0<\/p>\n<p>C&rsquo;est en voulant s\u00e9parer les deux hommes que les marins-pompiers auraient \u00e9t\u00e9 violemment pris \u00e0 partie par le deuxi\u00e8me individu. Ce dernier aurait bless\u00e9 un marin-pompier et crach\u00e9 sur ses coll\u00e8gues.<\/p>\n<p>Le maire de Marseille <a href=\"https:\/\/www.laprovence.com\/article\/region\/1660501435165215\/en-armenie-le-maire-de-marseille-benoit-payan-prone-la-paix\" target=\"_blank\" rel=\"noopener\">Beno\u00eet Payan<\/a> a aussit\u00f4t r\u00e9agi sur compte X en postant des mots d&rsquo;indignation, mais aussi de soutien aux marins-pompiers de Marseille. \u00ab\u00a0<strong>Je condamne avec fermet\u00e9 l&rsquo;agression de Marins-pompiers de Marseille ce jour<\/strong>, durant une intervention \u00e0 proximit\u00e9 de la station de m\u00e9tro de <a href=\"https:\/\/www.laprovence.com\/article\/region\/2701776798143814\/marseille-a-frais-vallon-se-dessine-le-futur-trace-du-bus-a-haut-niveau-de-service-b4\" target=\"_blank\" rel=\"noopener\">Frais-Vallon<\/a>. J&rsquo;apporte mon soutien total aux victimes et leur souhaite le plus prompt r\u00e9tablissement. Un d\u00e9p\u00f4t de plainte a \u00e9t\u00e9 fait. Les auteurs doivent \u00eatre sanctionn\u00e9s avec la plus grande s\u00e9v\u00e9rit\u00e9\u00a0\u00bb.<\/p>\n<p>Du c\u00f4t\u00e9 de l&rsquo;\u00e9tat-major du Bataillon, le discours est l\u00e0 aussi \u00e0 la plus grande fermet\u00e9. \u00ab\u00a0Le Bataillon met un point d&rsquo;honneur \u00e0 accompagner et encourage les marins-pompiers \u00e0 aller jusqu&rsquo;au bout des d\u00e9marches juridiques en portant plainte lorsqu&rsquo;ils sont victimes d&rsquo;agression. Nous avons \u00e9galement une cellule psychologique qui se tient \u00e0 la disposition des marins-pompiers si ils en expriment le besoin. Dans le cas qui nous occupe, une plainte a d&rsquo;ores et d\u00e9j\u00e0 \u00e9t\u00e9 d\u00e9pos\u00e9e\u00a0\u00bb.<\/p>\n<p>Un \u00e9pisode qui survient moins d&rsquo;une semaine apr\u00e8s celui d&rsquo;un automobiliste de 19 ans, qui a percut\u00e9 un sapeur-pompier lors d&rsquo;un <a href=\"https:\/\/www.laprovence.com\/article\/faits-divers-justice\/1861916673088915\/pompier-blesse-lors-dun-rodeo-urbain-le-conducteur-mis-en-examen-pour-tentative-de-meurtre\" target=\"_blank\" rel=\"noopener\">rod\u00e9o urbain<\/a> \u00e0 Evian-les-Bains, en Haute-Savoie le 10 mai dernier. Mis en examen pour tentative de meurtre, il a \u00e9t\u00e9 plac\u00e9 en d\u00e9tention provisoire.<\/p>\n","protected":false},"excerpt":{"rendered":"Ils \u00e9taient venus r\u00e9cup\u00e9rer un animal qu&rsquo;on leur avait signal\u00e9 errant. Ils sont repartis avec les oreilles sifflant&hellip;\n","protected":false},"author":2,"featured_media":101002,"comment_status":"","ping_status":"","sticky":false,"template":"","format":"standard","meta":{"footnotes":""},"categories":[2814],"tags":[17,1111,11,3874,154,1777,674,274,1011,27,19975,18640,884,12,19940,882,25],"class_list":{"0":"post-101001","1":"post","2":"type-post","3":"status-publish","4":"format-standard","5":"has-post-thumbnail","7":"category-marseille","8":"tag-17","9":"tag-actu","10":"tag-actualites","11":"tag-agresses","12":"tag-des","13":"tag-eu","14":"tag-europe","15":"tag-faits-divers-justice","16":"tag-fr","17":"tag-france","18":"tag-intervention","19":"tag-marins-pompiers","20":"tag-marseille","21":"tag-news","22":"tag-pleine","23":"tag-provence-alpes-cote-dazur","24":"tag-republique-francaise"},"share_on_mastodon":{"url":"https:\/\/pubeurope.com\/@fr\/114509847228828393","error":""},"_links":{"self":[{"href":"https:\/\/www.europesays.com\/fr\/wp-json\/wp\/v2\/posts\/101001","targetHints":{"allow":["GET"]}}],"collection":[{"href":"https:\/\/www.europesays.com\/fr\/wp-json\/wp\/v2\/posts"}],"about":[{"href":"https:\/\/www.europesays.com\/fr\/wp-json\/wp\/v2\/types\/post"}],"author":[{"embeddable":true,"href":"https:\/\/www.europesays.com\/fr\/wp-json\/wp\/v2\/users\/2"}],"replies":[{"embeddable":true,"href":"https:\/\/www.europesays.com\/fr\/wp-json\/wp\/v2\/comments?post=101001"}],"version-history":[{"count":0,"href":"https:\/\/www.europesays.com\/fr\/wp-json\/wp\/v2\/posts\/101001\/revisions"}],"wp:featuredmedia":[{"embeddable":true,"href":"https:\/\/www.europesays.com\/fr\/wp-json\/wp\/v2\/media\/101002"}],"wp:attachment":[{"href":"https:\/\/www.europesays.com\/fr\/wp-json\/wp\/v2\/media?parent=101001"}],"wp:term":[{"taxonomy":"category","embeddable":true,"href":"https:\/\/www.europesays.com\/fr\/wp-json\/wp\/v2\/categories?post=101001"},{"taxonomy":"post_tag","embeddable":true,"href":"https:\/\/www.europesays.com\/fr\/wp-json\/wp\/v2\/tags?post=101001"}],"curies":[{"name":"wp","href":"https:\/\/api.w.org\/{rel}","templated":true}]}}