{"id":101007,"date":"2025-05-15T04:01:18","date_gmt":"2025-05-15T04:01:18","guid":{"rendered":"https:\/\/www.europesays.com\/fr\/101007\/"},"modified":"2025-05-15T04:01:18","modified_gmt":"2025-05-15T04:01:18","slug":"la-plus-grande-velostation-de-france-ouvre-ses-portes-a-la-part-dieu","status":"publish","type":"post","link":"https:\/\/www.europesays.com\/fr\/101007\/","title":{"rendered":"la plus grande v\u00e9lostation de France ouvre ses portes\u00a0\u00e0 la Part-Dieu"},"content":{"rendered":"<p><strong>Inaugur\u00e9 ce matin, le Park V\u00e9lo B\u00e9raudier r\u00e9pond \u00e0 une demande forte des usagers. Le projet fait partie d\u2019un programme de grande envergure destin\u00e9 \u00e0 faciliter l\u2019intermodalit\u00e9 entre le v\u00e9lo et le train.<\/strong>\u00a0<\/p>\n<p>1500. C\u2019est le nombre de places que comporte le Park v\u00e9lo B\u00e9raudier inaugur\u00e9 ce matin par Bruno Bernard, le pr\u00e9sident de la m\u00e9tropole de Lyon. Accompagn\u00e9 de Gr\u00e9gory Doucet et de Fabienne Buccio, pr\u00e9f\u00e8te du Rh\u00f4ne, l\u2019\u00e9lu a formul\u00e9 une nouvelle fois cette volont\u00e9 de favoriser l\u2019interconnexion avec les gares et les stations de m\u00e9tro. Un projet ambitieux au co\u00fbt total de 12 millions d\u2019euros qui fait de cette v\u00e9lostation la plus grande de France, juste devant Nantes (1200 places). Thierry du Crest, coordinateur interminist\u00e9riel pour le d\u00e9veloppement de l\u2019usage du v\u00e9lo a d\u2019ailleurs tenu \u00e0 rappeler l\u2019importance de celui-ci : \u00ab\u00a0Le v\u00e9lo se d\u00e9veloppe, et Lyon en est un bel exemple \u00ab\u00a0. \u00a0<\/p>\n<p><img fetchpriority=\"high\" decoding=\"async\" width=\"1024\" height=\"683\" src=\"https:\/\/www.europesays.com\/fr\/wp-content\/uploads\/2025\/05\/IMG_0144-1024x683.jpg\" alt=\"\u00a9 Clara Chalaye\" class=\"wp-image-111425\"  \/><\/p>\n<p><img loading=\"lazy\" decoding=\"async\" width=\"1024\" height=\"683\" src=\"https:\/\/www.europesays.com\/fr\/wp-content\/uploads\/2025\/05\/IMG_0163-1024x683.jpg\" alt=\"\u00a9 Clara Chalaye\" class=\"wp-image-111431\"  \/><\/p>\n<p><strong>L\u2019intermodalit\u00e9, une combinaison gagnante pour le futur<\/strong>\u00a0<\/p>\n<p>Si cet espace est situ\u00e9 non loin de la gare de part-dieu, ce n\u2019est pas un hasard. En effet, L\u2019intermodalit\u00e9 v\u00e9lo train est une des cl\u00e9s de la r\u00e9ussite du transport en mobilit\u00e9 douce. Plus qu\u2019une v\u00e9ritable alternative, le v\u00e9lo s\u2019avance comme \u201cl\u2019un des piliers de demain\u201d pour citer Fabienne Buccio. Dans l\u2019optique de faciliter les trajets du quotidien, l\u2019Etat a d\u00e9j\u00e0 investi 71 millions d\u2019euros pour l\u2019am\u00e9nagement cyclable, et ce uniquement dans la r\u00e9gion Auvergne Rh\u00f4ne-Alpes. Preuve que l\u2019enjeu est pris au s\u00e9rieux par les institutions. Un mod\u00e8le en grande partie calqu\u00e9 sur les Pays Bas o\u00f9 50% des N\u00e9erlandais arrivent \u00e0 la gare \u00e0 v\u00e9lo. Miser sur ce genre de structure s\u2019est donc d\u00e9j\u00e0 montr\u00e9 b\u00e9n\u00e9fique, un exemple que la M\u00e9tropole compte bien suivre. En effet, l\u2019objectif est de proposer 90.000 places de stationnement v\u00e9lo dans quelques ann\u00e9es alors qu\u2019il y en avait seulement 30.000 en 2025. \u00a0<\/p>\n<p><strong>Une carte Oura ou TCL <\/strong><\/p>\n<p>Le Park v\u00e9lo B\u00e9raudier, autre appellation de cette v\u00e9lostation, souhaite \u00e9galement r\u00e9pondre \u00e0 des besoins de confort et de s\u00e9curit\u00e9 pour les usagers. Une priorit\u00e9 pour <strong>Fabienne Buccio<\/strong> : \u201cIl fallait que l\u2019\u00e9quipement r\u00e9ponde \u00e0 certaines conditions notamment \u00e0 la s\u00e9curit\u00e9 de ce lieu. On a travaill\u00e9 dessus de fa\u00e7on intelligente au b\u00e9n\u00e9fice des habitants\u201d, explique la pr\u00e9f\u00e8te du Rh\u00f4ne. L\u2019espace a \u00e9t\u00e9 \u00e9quip\u00e9 d\u2019un syst\u00e8me de surveillance n\u00e9cessaire pour assurer la s\u00e9curit\u00e9 des usagers. Pour en profiter, Il suffira de s\u2019inscrire sur Ipa.fr et de poss\u00e9der une carte Oura ou TCL. D\u00e8s la fin de l\u2019ann\u00e9e, les paiements bancaires \u00e0 titres occasionnels seront possibles. <\/p>\n<p>Alors que le v\u00e9lo est en pleine expansion, le Park B\u00e9raudier devrait \u00eatre extr\u00eamement utilis\u00e9.\u00a0A titre de comparaison le Park v\u00e9lo Villette inaugur\u00e9 en 2024, compte 2100 inscrits pour une occupation moyenne de 80 %. Cette v\u00e9lostation s\u2019inscrit dans un plan de grande envergure destin\u00e9 \u00e0 favoriser les d\u00e9placements quotidiens alors que 47.000 places de stationnements sont d\u00e9j\u00e0 pr\u00e9vues \u00e0 cet effet dans la m\u00e9tropole lyonnaise.\u00a0<\/p>\n","protected":false},"excerpt":{"rendered":"Inaugur\u00e9 ce matin, le Park V\u00e9lo B\u00e9raudier r\u00e9pond \u00e0 une demande forte des usagers. Le projet fait partie&hellip;\n","protected":false},"author":2,"featured_media":101008,"comment_status":"","ping_status":"","sticky":false,"template":"","format":"standard","meta":{"footnotes":""},"categories":[1889],"tags":[1111,11,2430,1777,674,1011,27,2428,12,25,21642],"class_list":{"0":"post-101007","1":"post","2":"type-post","3":"status-publish","4":"format-standard","5":"has-post-thumbnail","7":"category-lyon","8":"tag-actu","9":"tag-actualites","10":"tag-auvergne-rhone-alpes","11":"tag-eu","12":"tag-europe","13":"tag-fr","14":"tag-france","15":"tag-lyon","16":"tag-news","17":"tag-republique-francaise","18":"tag-velostation"},"share_on_mastodon":{"url":"https:\/\/pubeurope.com\/@fr\/114509858956098275","error":""},"_links":{"self":[{"href":"https:\/\/www.europesays.com\/fr\/wp-json\/wp\/v2\/posts\/101007","targetHints":{"allow":["GET"]}}],"collection":[{"href":"https:\/\/www.europesays.com\/fr\/wp-json\/wp\/v2\/posts"}],"about":[{"href":"https:\/\/www.europesays.com\/fr\/wp-json\/wp\/v2\/types\/post"}],"author":[{"embeddable":true,"href":"https:\/\/www.europesays.com\/fr\/wp-json\/wp\/v2\/users\/2"}],"replies":[{"embeddable":true,"href":"https:\/\/www.europesays.com\/fr\/wp-json\/wp\/v2\/comments?post=101007"}],"version-history":[{"count":0,"href":"https:\/\/www.europesays.com\/fr\/wp-json\/wp\/v2\/posts\/101007\/revisions"}],"wp:featuredmedia":[{"embeddable":true,"href":"https:\/\/www.europesays.com\/fr\/wp-json\/wp\/v2\/media\/101008"}],"wp:attachment":[{"href":"https:\/\/www.europesays.com\/fr\/wp-json\/wp\/v2\/media?parent=101007"}],"wp:term":[{"taxonomy":"category","embeddable":true,"href":"https:\/\/www.europesays.com\/fr\/wp-json\/wp\/v2\/categories?post=101007"},{"taxonomy":"post_tag","embeddable":true,"href":"https:\/\/www.europesays.com\/fr\/wp-json\/wp\/v2\/tags?post=101007"}],"curies":[{"name":"wp","href":"https:\/\/api.w.org\/{rel}","templated":true}]}}