{"id":1010086,"date":"2026-06-19T08:22:22","date_gmt":"2026-06-19T08:22:22","guid":{"rendered":"https:\/\/www.europesays.com\/fr\/1010086\/"},"modified":"2026-06-19T08:22:22","modified_gmt":"2026-06-19T08:22:22","slug":"toute-lactualite-du-vendredi-19-juin-2026-a-lyon","status":"publish","type":"post","link":"https:\/\/www.europesays.com\/fr\/1010086\/","title":{"rendered":"Toute l&rsquo;actualit\u00e9 du vendredi 19 juin 2026 \u00e0 Lyon"},"content":{"rendered":"<p>Retrouvez aussi le Quart d\u2019Heure Lyonnais de Lyon Demain sur les antennes de Radio Pluriel (Lyon). Radio Salam (Lyon, Saint-Etienne et Bourg) et Radio Arm\u00e9nie (Lyon et Vienne)<\/p>\n<p>\t\t\t\t<img decoding=\"async\" src=\"https:\/\/www.europesays.com\/fr\/wp-content\/uploads\/2026\/04\/1775097623_133_2-150x150.png\" alt=\"Le Quart d'heure Lyonnais\" title=\"Le Quart d'heure Lyonnais\"\/><\/p>\n<p>\n\t\t\t\t\t\tLe Quart d&rsquo;heure Lyonnais\t\t\t\t\t<\/p>\n<p>Toute l&rsquo;actualit\u00e9 du vendredi 19 juin 2026 \u00e0 Lyon<\/p>\n<p>\t\t\t\t\t\t\tPlay Episode<\/p>\n<p>\t\t\t\t\t\t\tPause Episode<\/p>\n<p>\t\t\t\t\t\t<img decoding=\"async\" src=\"https:\/\/www.lyondemain.fr\/wp-content\/plugins\/seriously-simple-podcasting\/assets\/css\/images\/player\/images\/icon-loader.svg\" alt=\"Loading\" class=\"ssp-loader hide\"\/><\/p>\n<p>\t\t\t\t\t\t\t\t\t\t\t\t\tSubscribe<br \/>\n\t\t\t\t\t\t\t\t\t\t\t\t\t\t\t\t\t\t\tShare<\/p>\n<p>A la une de l\u2019info \u00e0 Lyon : fermeture de la gare de Perrache ce week-end, retour de la pollution dans la r\u00e9gion lyonnaise en raison des fortes chaleurs, V\u00e9nissieux : le nouveau centre aquatique Auguste-Delaune pris d\u2019assaut, un accident de trottinette et des cyclistes qui roulent toujours trop vite mont\u00e9e du Chemin Neuf, une expo photo D\u00c9\/S\/RIVES \u00e0 l\u2019Orangerie du Parc\u2026<\/p>\n<p class=\"wp-block-paragraph\">ECOUTEZ LE 1\/4H LYONNAIS\u2026 Toute l\u2019actualit\u00e9 du vendredi 19 juin 2026<\/p>\n<p>LE 1\/4H LYONNAIS | vendredi 19 juin 2026<\/p>\n<p class=\"wp-block-paragraph\">Deuxi\u00e8me acte pour le grand chantier de la <strong>gare de Perrache<\/strong>.\u00a0D\u00e8s ce vendredi soir, 22 h 30, et jusqu\u2019\u00e0 lundi matin, 5 h 30, aucun train ne circulera. SNCF R\u00e9seau profite de ce week-end pour renouveler en continu les rails, les traverses et le ballast.<\/p>\n<p class=\"wp-block-paragraph\">Coup de chaud et retour de la <strong>pollution dans la r\u00e9gion lyonnaise<\/strong>.\u00a0Avec des temp\u00e9ratures qui s\u2019envolent jusqu\u2019\u00e0 40 degr\u00e9s, l\u2019<strong>ozone<\/strong> est de retour dans le bassin lyonnais,\u00a0le Nord-Is\u00e8re et les C\u00f4teaux. Cons\u00e9quence directe : le pr\u00e9fet du Rh\u00f4ne a d\u00e9clench\u00e9 le <strong>niveau information-recommandation<\/strong>.<\/p>\n<p class=\"wp-block-paragraph\">Quarante degr\u00e9s au thermom\u00e8tre et une seule obsession : trouver de l\u2019ombre\u2026 ou de l\u2019eau.\u00a0\u00c0 <strong>V\u00e9nissieux<\/strong>, le tout nouveau <strong>centre aquatique Auguste-Delaune<\/strong> a \u00e9t\u00e9 pris d\u2019assaut hier.\u00a0Pour faire face \u00e0 la canicule \u00e9touffante, la municipalit\u00e9 a d\u00e9cr\u00e9t\u00e9 la gratuit\u00e9 de l\u2019\u00e9tablissement.\u00a0<\/p>\n<p class=\"wp-block-paragraph\">Un drame s\u2019est nou\u00e9 mercredi, en fin d\u2019apr\u00e8s-midi, dans le 9e arrondissement.\u00a0Un homme de 43 ans qui circulait \u00e0 trottinette sur la piste cyclable de l\u2019avenue du\u00a025e-R\u00e9giment-de-Tirailleurs-S\u00e9n\u00e9galais a \u00e9t\u00e9 mortellement percut\u00e9 par une voiture.\u00a0La police recherche des t\u00e9moins\u2026<\/p>\n<p class=\"wp-block-paragraph\">Malgr\u00e9 de r\u00e9cents am\u00e9nagements, la descente de la <strong>mont\u00e9e du Chemin-Neuf<\/strong> reste un point noir. Des cyclistes intercept\u00e9s \u00e0 55 km\/h, dans cette zone pourtant\u00a0limit\u00e9e \u00e0 30.\u00a0<\/p>\n<p class=\"wp-block-paragraph\">Ecoutez aussi : <a href=\"https:\/\/www.lyondemain.fr\/canicule-et-animaux-des-precautions-indispensables\/\" type=\"link\" id=\"https:\/\/www.lyondemain.fr\/canicule-et-animaux-des-precautions-indispensables\/\" target=\"_blank\" rel=\"noreferrer noopener nofollow\">Canicule et animaux : des pr\u00e9cautions indispensables\u2026<\/a><\/p>\n<p>Egalement dans l\u2019actualit\u00e9 du vendredi 19 juin<\/p>\n<p class=\"wp-block-paragraph\">L\u2019<strong>Orangerie du Parc de la T\u00eate d\u2019Or <\/strong>abrite chaque hiver les plantes tropicales du <strong>jardin botanique<\/strong>. Mais lors de la p\u00e9riode estivale, les 500 m2 de l\u2019Orangerie sont confi\u00e9s \u00e0 plusieurs artistes\u00a0qui se succ\u00e8dent. Dans le cadre du festival Entre Rh\u00f4ne et Sa\u00f4ne, c\u2019est une expo photo<strong> D\u00c9\/S\/RIVES<\/strong> qui explore le fleuve et ses affluents comme des espaces vivants,\u00a0mouvants, travers\u00e9s de r\u00e9cits.\u00a0<\/p>\n<p class=\"wp-block-paragraph\"><strong>Lo\u00efc Xavier<\/strong> et <strong>Chlo\u00e9 Colin<\/strong>, tous les deux photographes, sont nos invit\u00e9s<\/p>\n<blockquote class=\"instagram-media\" data-instgrm-captioned=\"\" data-instgrm-permalink=\"https:\/\/www.instagram.com\/p\/DZplcXGjJsL\/?utm_source=ig_embed&amp;utm_campaign=loading\" data-instgrm-version=\"14\" style=\" background:#FFF; border:0; border-radius:3px; box-shadow:0 0 1px 0 rgba(0,0,0,0.5),0 1px 10px 0 rgba(0,0,0,0.15); margin: 1px; max-width:540px; min-width:326px; padding:0; width:99.375%; width:-webkit-calc(100% - 2px); width:calc(100% - 2px);\"\/>\n<p class=\"wp-block-paragraph\"><strong>Les fr\u00e8res Coen<\/strong>, Jo\u00ebl et Ethan, seront les laur\u00e9ats du <strong>18e prix Lumi\u00e8re <\/strong>qui leur sera attribu\u00e9\u00a0au mois d\u2019octobre \u00e0 Lyon, lors du festival \u00e9ponyme<\/p>\n<p class=\"wp-block-paragraph\">Ecoutez aussi : <a href=\"https:\/\/www.lyondemain.fr\/actualite-du-jeudi-18-juin-programme-marguerite-ebeniste-velo-cargo\/\" type=\"link\" id=\"https:\/\/www.lyondemain.fr\/actualite-du-jeudi-18-juin-programme-marguerite-ebeniste-velo-cargo\/\" target=\"_blank\" rel=\"noreferrer noopener nofollow\">Toute l\u2019actualit\u00e9 du jeudi 18 juin 2026 \u00e0 Lyon<\/a><\/p>\n<p><img loading=\"lazy\" decoding=\"async\" width=\"1200\" height=\"675\" src=\"https:\/\/www.europesays.com\/fr\/wp-content\/uploads\/2026\/06\/actualite-de-ce-vendredi-19-juin-2026.jpg\" alt=\"actualit\u00e9 de ce vendredi 19 juin 2026\" class=\"wp-image-254742\"  \/>Retrouvez aussi le Quart d\u2019Heure Lyonnais de Lyon Demain sur les antennes de Radio Pluriel (Lyon). Radio Salam (Lyon, Saint-Etienne et Bourg) et Radio Arm\u00e9nie (Lyon et Vienne)<br \/>\n\t<script async src=\"\/\/www.instagram.com\/embed.js\"><\/script><\/p>\n","protected":false},"excerpt":{"rendered":"Retrouvez aussi le Quart d\u2019Heure Lyonnais de Lyon Demain sur les antennes de Radio Pluriel (Lyon). Radio Salam&hellip;\n","protected":false},"author":2,"featured_media":1010087,"comment_status":"","ping_status":"","sticky":false,"template":"","format":"standard","meta":{"footnotes":"","_share_on_mastodon":"0"},"categories":[1889],"tags":[105728,1111,11,2430,6698,99916,82026,10628,1777,674,40446,34975,1011,27,105729,2428,12,105730,13760,5922,105731,32029,5735,25,25737,4375],"class_list":["post-1010086","post","type-post","status-publish","format-standard","has-post-thumbnail","category-lyon","tag-accident-de-trottinette","tag-actu","tag-actualites","tag-auvergne-rhone-alpes","tag-canicule","tag-centre-nautique","tag-chemin-neuf","tag-cyclistes","tag-eu","tag-europe","tag-expo-photo","tag-festival-entre-rhone-et-saone","tag-fr","tag-france","tag-gare-lyon-perrache","tag-lyon","tag-news","tag-orangerie-du-parc","tag-parc-de-la-tete-dor","tag-piscine","tag-pollution-a-lozone","tag-protection-de-leau","tag-protection-de-lenvironnement","tag-republique-francaise","tag-securite-a-velo","tag-venissieux"],"share_on_mastodon":{"url":"https:\/\/pubeurope.com\/@fr\/116775811070637776","error":""},"_links":{"self":[{"href":"https:\/\/www.europesays.com\/fr\/wp-json\/wp\/v2\/posts\/1010086","targetHints":{"allow":["GET"]}}],"collection":[{"href":"https:\/\/www.europesays.com\/fr\/wp-json\/wp\/v2\/posts"}],"about":[{"href":"https:\/\/www.europesays.com\/fr\/wp-json\/wp\/v2\/types\/post"}],"author":[{"embeddable":true,"href":"https:\/\/www.europesays.com\/fr\/wp-json\/wp\/v2\/users\/2"}],"replies":[{"embeddable":true,"href":"https:\/\/www.europesays.com\/fr\/wp-json\/wp\/v2\/comments?post=1010086"}],"version-history":[{"count":0,"href":"https:\/\/www.europesays.com\/fr\/wp-json\/wp\/v2\/posts\/1010086\/revisions"}],"wp:featuredmedia":[{"embeddable":true,"href":"https:\/\/www.europesays.com\/fr\/wp-json\/wp\/v2\/media\/1010087"}],"wp:attachment":[{"href":"https:\/\/www.europesays.com\/fr\/wp-json\/wp\/v2\/media?parent=1010086"}],"wp:term":[{"taxonomy":"category","embeddable":true,"href":"https:\/\/www.europesays.com\/fr\/wp-json\/wp\/v2\/categories?post=1010086"},{"taxonomy":"post_tag","embeddable":true,"href":"https:\/\/www.europesays.com\/fr\/wp-json\/wp\/v2\/tags?post=1010086"}],"curies":[{"name":"wp","href":"https:\/\/api.w.org\/{rel}","templated":true}]}}