{"id":101011,"date":"2025-05-15T04:04:08","date_gmt":"2025-05-15T04:04:08","guid":{"rendered":"https:\/\/www.europesays.com\/fr\/101011\/"},"modified":"2025-05-15T04:04:08","modified_gmt":"2025-05-15T04:04:08","slug":"terminus-police-pour-cette-voyageuse-a-montparnasse","status":"publish","type":"post","link":"https:\/\/www.europesays.com\/fr\/101011\/","title":{"rendered":"terminus police pour cette voyageuse \u00e0 Montparnasse"},"content":{"rendered":"<p>            Par<br \/>\n        <strong><br \/>\n            <a href=\"https:\/\/actu.fr\/auteur\/redaction-paris\" title=\"Consulter tous les articles de R\u00e9daction Paris\" target=\"_blank\" rel=\"noopener\">R\u00e9daction Paris<\/a><br \/>\n        <\/strong><\/p>\n<p>        Publi\u00e9 le<\/p>\n<p>            14 mai 2025 \u00e0 12h05        <\/p>\n<p>C\u2019est l\u2019odeur de cannabis qui les a attir\u00e9s \u00e0 elle. Lundi 12\u00a0mai 2025, alors qu\u2019elle se trouvait en <a href=\"https:\/\/actu.fr\/tag\/gare-montparnasse\" target=\"_blank\" rel=\"noopener\">gare de Montparnasse<\/a> \u00e0 Paris, une <strong>femme a \u00e9t\u00e9 interpell\u00e9e<\/strong> par les <a href=\"https:\/\/actu.fr\/tag\/police\" target=\"_blank\" rel=\"noopener\">policiers<\/a> de la Brigade des R\u00e9seaux Franciliens (BRF). Ils pensaient trouver de la <a href=\"https:\/\/actu.fr\/tag\/drogue\" target=\"_blank\" rel=\"noopener\">drogue<\/a>. Ils ont d\u00e9couvert bien plus que \u00e7a.<\/p>\n<p>\u00ab\u2009227 faux billets de 50\u00a0euros\u2009\u00bb<\/p>\n<p class=\" wall-content\">La voyageuse, interpell\u00e9e en raison d\u2019une <strong>\u00ab\u2009forte odeur de cannabis\u2009\u00bb<\/strong> qui \u00e9manait de ses affaires, a \u00e9t\u00e9 fouill\u00e9e par les forces de l\u2019ordre. Ils ont d\u00e9couvert\u2009: \u00ab\u2009deux pochons d\u2019herbe de cannabis, une arme de poing et 91 cartouches, 227 faux billets de 50\u00a0euros et trente ch\u00e8ques-cadeaux d\u2019une valeur de 900\u00a0euros\u2009\u00bb, \u00e9num\u00e8re la <a href=\"https:\/\/actu.fr\/tag\/prefecture-de-police-de-paris\" target=\"_blank\" rel=\"noopener\">pr\u00e9fecture de police<\/a> sur X.<\/p>\n<p class=\" wall-content\">\n<p class=\" wall-content\">Ce n\u2019est pas la premi\u00e8re fois que des individus sont <a href=\"https:\/\/actu.fr\/ile-de-france\/paris_75056\/gare-montparnasse-a-paris-le-comportement-suspect-d-un-voyageur-attire-l-oeil-de-la-police-sa-valise-aussi_62500264.html\" target=\"_blank\" rel=\"noopener\">interpell\u00e9s dans la gare parisienne<\/a> en raison d\u2019une odeur de cannabis. Au d\u00e9but de l\u2019ann\u00e9e, en janvier\u00a02025, m\u00eame sc\u00e9nario\u2009: \u00ab\u2009odeur stup\u00e9fiante\u2009\u00bb avait conduit les forces de l\u2019ordre \u00e0 interpeller un homme qui transportait plus de<strong> 22 kilos de cannabis<\/strong> dans sa valise.<\/p>\n<p class=\" wall-content\">Suivez toute l\u2019actualit\u00e9 de vos villes et m\u00e9dias favoris en vous inscrivant \u00e0 <a href=\"https:\/\/moncompte.actu.fr\" title=\"D\u00e9couvez Mon Actu\" rel=\"nofollow noopener\" data-trk=\"{&quot;cta&quot;:{&quot;action&quot;:&quot;https:\\\/\\\/moncompte.actu.fr&quot;,&quot;category&quot;:&quot;mon compte&quot;,&quot;from&quot;:&quot;article footer&quot;,&quot;name&quot;:&quot;Mon actu&quot;,&quot;type&quot;:&quot;cta&quot;}}\" target=\"_blank\">Mon Actu<\/a>.<\/p>\n","protected":false},"excerpt":{"rendered":"Par R\u00e9daction Paris Publi\u00e9 le 14 mai 2025 \u00e0 12h05 C\u2019est l\u2019odeur de cannabis qui les a attir\u00e9s&hellip;\n","protected":false},"author":2,"featured_media":101012,"comment_status":"","ping_status":"","sticky":false,"template":"","format":"standard","meta":{"footnotes":""},"categories":[1888],"tags":[1111,1928,11,1927,3675,1777,674,118,1011,27,8037,12,1926,626,1925,1931,25],"class_list":{"0":"post-101011","1":"post","2":"type-post","3":"status-publish","4":"format-standard","5":"has-post-thumbnail","7":"category-paris","8":"tag-actu","9":"tag-actu-paris","10":"tag-actualites","11":"tag-actualites-paris","12":"tag-cannabis","13":"tag-eu","14":"tag-europe","15":"tag-faits-divers","16":"tag-fr","17":"tag-france","18":"tag-gare-montparnasse","19":"tag-news","20":"tag-news-paris","21":"tag-paris","22":"tag-paris-news","23":"tag-prefecture-de-police-de-paris","24":"tag-republique-francaise"},"share_on_mastodon":{"url":"https:\/\/pubeurope.com\/@fr\/114509870902160673","error":""},"_links":{"self":[{"href":"https:\/\/www.europesays.com\/fr\/wp-json\/wp\/v2\/posts\/101011","targetHints":{"allow":["GET"]}}],"collection":[{"href":"https:\/\/www.europesays.com\/fr\/wp-json\/wp\/v2\/posts"}],"about":[{"href":"https:\/\/www.europesays.com\/fr\/wp-json\/wp\/v2\/types\/post"}],"author":[{"embeddable":true,"href":"https:\/\/www.europesays.com\/fr\/wp-json\/wp\/v2\/users\/2"}],"replies":[{"embeddable":true,"href":"https:\/\/www.europesays.com\/fr\/wp-json\/wp\/v2\/comments?post=101011"}],"version-history":[{"count":0,"href":"https:\/\/www.europesays.com\/fr\/wp-json\/wp\/v2\/posts\/101011\/revisions"}],"wp:featuredmedia":[{"embeddable":true,"href":"https:\/\/www.europesays.com\/fr\/wp-json\/wp\/v2\/media\/101012"}],"wp:attachment":[{"href":"https:\/\/www.europesays.com\/fr\/wp-json\/wp\/v2\/media?parent=101011"}],"wp:term":[{"taxonomy":"category","embeddable":true,"href":"https:\/\/www.europesays.com\/fr\/wp-json\/wp\/v2\/categories?post=101011"},{"taxonomy":"post_tag","embeddable":true,"href":"https:\/\/www.europesays.com\/fr\/wp-json\/wp\/v2\/tags?post=101011"}],"curies":[{"name":"wp","href":"https:\/\/api.w.org\/{rel}","templated":true}]}}