{"id":1010208,"date":"2026-06-19T09:47:16","date_gmt":"2026-06-19T09:47:16","guid":{"rendered":"https:\/\/www.europesays.com\/fr\/1010208\/"},"modified":"2026-06-19T09:47:16","modified_gmt":"2026-06-19T09:47:16","slug":"avec-le-jean-tranape-paris-renforce-ses-capacites-militaires-en-nouvelle-caledonie-actualites","status":"publish","type":"post","link":"https:\/\/www.europesays.com\/fr\/1010208\/","title":{"rendered":"Avec le Jean-Tranape, Paris renforce ses capacit\u00e9s militaires en Nouvelle-Cal\u00e9donie : Actualit\u00e9s"},"content":{"rendered":"<p class=\"lead \">Avec le patrouilleur de la Marine nationale Jean-Tranape, Paris ach\u00e8ve la modernisation de sa flotte bas\u00e9e en Nouvelle-Cal\u00e9donie, territoire vu comme un pivot de la strat\u00e9gie fran\u00e7aise dans la zone Asie-Pacifique.<\/p>\n<p class=\"lead \">Parti de Brest le 16 avril, le navire est arriv\u00e9 jeudi \u00e0 Noum\u00e9a. Parade maritime, \u00e9cran g\u00e9ant pour le public mass\u00e9 le long de la c\u00f4te et survol de la flottille par avion: l&rsquo;arriv\u00e9e du dernier-n\u00e9 de la classe des patrouilleurs outre-mer (POM), qui porte le nom d&rsquo;un Cal\u00e9donien Compagnon de la Lib\u00e9ration, s&rsquo;est faite symboliquement le 18 juin, date du 86e anniversaire de l&rsquo;appel du g\u00e9n\u00e9ral De Gaulle. <\/p>\n<p class=\"lead \">Le navire sera totalement op\u00e9rationnel \u00e0 partir de septembre. Il effectuera principalement \u00ab\u00a0des missions de surveillance maritime\u00a0\u00bb, explique son commandant, le capitaine de corvette Romain Montevil.<\/p>\n<p class=\"lead \">Long de 80 m\u00e8tres, le Jean-Tranape peut embarquer pr\u00e8s d&rsquo;une soixantaine de marins et dispose d&rsquo;une autonomie de 30 jours. Il est pr\u00e9vu pour accueillir des drones d&rsquo;un poids pouvant atteindre 200 tonnes.<\/p>\n<p class=\"lead \">Le navire est le quatri\u00e8me des six patrouilleurs outre-mer command\u00e9s par la France pour assurer sa souverainet\u00e9 maritime dans l&rsquo;oc\u00e9an Indien et le Pacifique. Le premier, l&rsquo;Auguste-Benebig, est arriv\u00e9 \u00e0 Noum\u00e9a en 2023.<\/p>\n<p class=\"lead \">Avec le Jean-Tranape, la base navale de Noum\u00e9a dispose d&rsquo;une flotte enti\u00e8rement renouvel\u00e9e, compos\u00e9e de deux patrouilleurs, d\u2019une fr\u00e9gate, le Vend\u00e9miaire, et d&rsquo;un b\u00e2timent de soutien et d&rsquo;assistance outre-mer (BSAOM). D&rsquo;ici 2030, l&rsquo;actuel Falcon 200 Gardian sera lui aussi remplac\u00e9 par un nouvel avion de surveillance.<\/p>\n<p class=\"lead \">Ces moyens sont destin\u00e9s \u00e0 assurer la souverainet\u00e9 fran\u00e7aise sur l&rsquo;immense zone \u00e9conomique exclusive (ZEE) de la Nouvelle-Cal\u00e9donie. Celle-ci s&rsquo;\u00e9tend sur pr\u00e8s de 1,5 million de kilom\u00e8tres carr\u00e9s, soit environ 13% de la ZEE fran\u00e7aise.<\/p>\n<p class=\"lead \">&#8211; Nation r\u00e9sidente &#8211;<\/p>\n<p class=\"lead \">Ces derni\u00e8res ann\u00e9es, une nouvelle menace est apparue, aux c\u00f4t\u00e9s de la p\u00eache ill\u00e9gale: le trafic de coca\u00efne et de m\u00e9thamph\u00e9tamine \u00e0 destination de l&rsquo;Australie et de la Nouvelle-Z\u00e9lande. Le 25 juin 2025, les forces arm\u00e9es en Nouvelle-Cal\u00e9donie (FANC) avaient intercept\u00e9 le SM Dante dans les eaux internationales \u00e0 proximit\u00e9 des eaux fran\u00e7aises: ce navire en provenance du P\u00e9rou transportait 2,5 tonnes de coca\u00efne.<\/p>\n<p class=\"lead \">Au-del\u00e0 de la lutte contre le trafic illicite et de l&rsquo;affirmation de la souverainet\u00e9 fran\u00e7aise sur sa zone maritime, la modernisation de la base navale de Noum\u00e9a s&rsquo;inscrit dans la strat\u00e9gie fran\u00e7aise en zone Asie-Pacifique.<\/p>\n<p class=\"lead \">\u00ab\u00a0La Nouvelle-Cal\u00e9donie est le pivot de cette strat\u00e9gie\u00a0\u00bb, estime Pierre-Christophe Pantz, docteur en g\u00e9opolitique. Le 5 mai 2018 \u00e0 Noum\u00e9a, Emmanuel Macron avait utilis\u00e9 le terme \u00ab\u00a0Indopacifique\u00a0\u00bb \u00e0 22 reprises dans un discours prononc\u00e9 \u00e0 quelques mois du r\u00e9f\u00e9rendum sur l&rsquo;autod\u00e9termination de l&rsquo;archipel. A travers la Nouvelle-Cal\u00e9donie, la France revendique le fait d&rsquo;\u00eatre une nation r\u00e9sidente du Pacifique et de faire jeu \u00e9gal avec les autres puissances de la zone.<\/p>\n<p class=\"lead \">Apr\u00e8s la modernisation des capacit\u00e9s maritimes \u00e0 Noum\u00e9a, ce sont les moyens de l&rsquo;arm\u00e9e de l&rsquo;air qui vont \u00eatre renouvel\u00e9s. D&rsquo;ici au mois de juillet, deux h\u00e9licopt\u00e8res Caracal doivent remplacer ses Puma.<\/p>\n<p class=\"lead \">Des travaux sont \u00e9galement en cours \u00e0 la base a\u00e9rienne de La Tontouta pour permettre le stationnement en Nouvelle-Cal\u00e9donie d&rsquo;un Airbus A400 \u00e0 l&rsquo;horizon 2030.<\/p>\n<p class=\"small font-weight-bold text-gray3 \"> publi\u00e9 le 19 juin \u00e0 11h43, AFP<\/p>\n<p>                             Partager<\/p>\n","protected":false},"excerpt":{"rendered":"Avec le patrouilleur de la Marine nationale Jean-Tranape, Paris ach\u00e8ve la modernisation de sa flotte bas\u00e9e en Nouvelle-Cal\u00e9donie,&hellip;\n","protected":false},"author":2,"featured_media":1010209,"comment_status":"","ping_status":"","sticky":false,"template":"","format":"standard","meta":{"footnotes":"","_share_on_mastodon":"0"},"categories":[1888],"tags":[1111,1928,11,1927,10268,6060,19711,1777,674,1011,27,693,12,1926,105746,4166,11308,626,1925,25],"class_list":["post-1010208","post","type-post","status-publish","format-standard","has-post-thumbnail","category-paris","tag-actu","tag-actu-paris","tag-actualites","tag-actualites-paris","tag-arme","tag-asie","tag-dfense","tag-eu","tag-europe","tag-fr","tag-france","tag-industrie","tag-news","tag-news-paris","tag-nouvelle-caldonie","tag-outre-mer","tag-pacifique","tag-paris","tag-paris-news","tag-republique-francaise"],"share_on_mastodon":{"url":"https:\/\/pubeurope.com\/@fr\/116776143882720696","error":""},"_links":{"self":[{"href":"https:\/\/www.europesays.com\/fr\/wp-json\/wp\/v2\/posts\/1010208","targetHints":{"allow":["GET"]}}],"collection":[{"href":"https:\/\/www.europesays.com\/fr\/wp-json\/wp\/v2\/posts"}],"about":[{"href":"https:\/\/www.europesays.com\/fr\/wp-json\/wp\/v2\/types\/post"}],"author":[{"embeddable":true,"href":"https:\/\/www.europesays.com\/fr\/wp-json\/wp\/v2\/users\/2"}],"replies":[{"embeddable":true,"href":"https:\/\/www.europesays.com\/fr\/wp-json\/wp\/v2\/comments?post=1010208"}],"version-history":[{"count":0,"href":"https:\/\/www.europesays.com\/fr\/wp-json\/wp\/v2\/posts\/1010208\/revisions"}],"wp:featuredmedia":[{"embeddable":true,"href":"https:\/\/www.europesays.com\/fr\/wp-json\/wp\/v2\/media\/1010209"}],"wp:attachment":[{"href":"https:\/\/www.europesays.com\/fr\/wp-json\/wp\/v2\/media?parent=1010208"}],"wp:term":[{"taxonomy":"category","embeddable":true,"href":"https:\/\/www.europesays.com\/fr\/wp-json\/wp\/v2\/categories?post=1010208"},{"taxonomy":"post_tag","embeddable":true,"href":"https:\/\/www.europesays.com\/fr\/wp-json\/wp\/v2\/tags?post=1010208"}],"curies":[{"name":"wp","href":"https:\/\/api.w.org\/{rel}","templated":true}]}}