{"id":101023,"date":"2025-05-15T04:10:15","date_gmt":"2025-05-15T04:10:15","guid":{"rendered":"https:\/\/www.europesays.com\/fr\/101023\/"},"modified":"2025-05-15T04:10:15","modified_gmt":"2025-05-15T04:10:15","slug":"asile-et-migration-venezuela-une-fillette-de-deux-ans-retrouve-sa-mere-deportee-sans-elle-par-les-usa","status":"publish","type":"post","link":"https:\/\/www.europesays.com\/fr\/101023\/","title":{"rendered":"Asile et migration &#8211; Venezuela: une fillette de deux ans retrouve sa m\u00e8re d\u00e9port\u00e9e sans elle par les USA"},"content":{"rendered":"<p class=\"ap-StoryElement ap-StoryElement--mb ap-StoryText\">Le m\u00e9dia am\u00e9ricain ABC News avait rapport\u00e9 que les parents de l&rsquo;enfant \u00e9taient entr\u00e9s ill\u00e9galement aux USA, il y a un an, avant d&rsquo;y \u00eatre d\u00e9tenus et d\u00e9port\u00e9s, suspect\u00e9s d&rsquo;avoir des liens avec le gang v\u00e9n\u00e9zu\u00e9lien Tren de Aragua, consid\u00e9r\u00e9 comme une organisation terroriste par l&rsquo;administration am\u00e9ricaine.<\/p>\n<p class=\"ap-StoryElement ap-StoryElement--mb ap-StoryText\">Selon le d\u00e9partement de la s\u00e9curit\u00e9 int\u00e9rieurs am\u00e9ricain, le p\u00e8re est suspect\u00e9 d&rsquo;avoir \u00e9t\u00e9 impliqu\u00e9 dans des crimes graves, dont un homicide, du trafic de drogue et des activit\u00e9s criminelles. La m\u00e8re est aussi accus\u00e9e d&rsquo;avoir recrut\u00e9 des femmes pour mener des activit\u00e9s criminelles.<\/p>\n<p class=\"ap-StoryElement ap-StoryElement--mb ap-StoryText\">Selon des informations de presse, le p\u00e8re a \u00e9t\u00e9 transf\u00e9r\u00e9 dans une prison de haute s\u00e9curit\u00e9 au Salvador avant la d\u00e9portation de la m\u00e8re.<\/p>\n<p class=\"ap-StoryElement ap-StoryElement--mb ap-StoryText\">Le gouvernement v\u00e9n\u00e9zu\u00e9lien a qualifi\u00e9 les retrouvailles entre la m\u00e8re et la fille de \u00ab\u00a0victoire\u00a0\u00bb contre la politique migratoire am\u00e9ricaine, qualifi\u00e9e d&rsquo;inhumaine, et le pr\u00e9sident Donald Trump.<\/p>\n","protected":false},"excerpt":{"rendered":"Le m\u00e9dia am\u00e9ricain ABC News avait rapport\u00e9 que les parents de l&rsquo;enfant \u00e9taient entr\u00e9s ill\u00e9galement aux USA, il&hellip;\n","protected":false},"author":2,"featured_media":25030,"comment_status":"","ping_status":"","sticky":false,"template":"","format":"standard","meta":{"footnotes":""},"categories":[1589],"tags":[11,73,1866,12,1864,1865,1863,308,337],"class_list":{"0":"post-101023","1":"post","2":"type-post","3":"status-publish","4":"format-standard","5":"has-post-thumbnail","7":"category-etats-unis","8":"tag-actualites","9":"tag-etats-unis","10":"tag-etats-unis-damerique","11":"tag-news","12":"tag-united-states","13":"tag-united-states-of-america","14":"tag-us","15":"tag-usa","16":"tag-venezuela"},"share_on_mastodon":{"url":"https:\/\/pubeurope.com\/@fr\/114509894459472045","error":""},"_links":{"self":[{"href":"https:\/\/www.europesays.com\/fr\/wp-json\/wp\/v2\/posts\/101023","targetHints":{"allow":["GET"]}}],"collection":[{"href":"https:\/\/www.europesays.com\/fr\/wp-json\/wp\/v2\/posts"}],"about":[{"href":"https:\/\/www.europesays.com\/fr\/wp-json\/wp\/v2\/types\/post"}],"author":[{"embeddable":true,"href":"https:\/\/www.europesays.com\/fr\/wp-json\/wp\/v2\/users\/2"}],"replies":[{"embeddable":true,"href":"https:\/\/www.europesays.com\/fr\/wp-json\/wp\/v2\/comments?post=101023"}],"version-history":[{"count":0,"href":"https:\/\/www.europesays.com\/fr\/wp-json\/wp\/v2\/posts\/101023\/revisions"}],"wp:featuredmedia":[{"embeddable":true,"href":"https:\/\/www.europesays.com\/fr\/wp-json\/wp\/v2\/media\/25030"}],"wp:attachment":[{"href":"https:\/\/www.europesays.com\/fr\/wp-json\/wp\/v2\/media?parent=101023"}],"wp:term":[{"taxonomy":"category","embeddable":true,"href":"https:\/\/www.europesays.com\/fr\/wp-json\/wp\/v2\/categories?post=101023"},{"taxonomy":"post_tag","embeddable":true,"href":"https:\/\/www.europesays.com\/fr\/wp-json\/wp\/v2\/tags?post=101023"}],"curies":[{"name":"wp","href":"https:\/\/api.w.org\/{rel}","templated":true}]}}