{"id":1010504,"date":"2026-06-19T12:43:15","date_gmt":"2026-06-19T12:43:15","guid":{"rendered":"https:\/\/www.europesays.com\/fr\/1010504\/"},"modified":"2026-06-19T12:43:15","modified_gmt":"2026-06-19T12:43:15","slug":"violee-baillonnee-adn-du-suspect-retrouve-sur-le-corps-ce-que-revele-lautopsie-de-la-jeune-lyhanna","status":"publish","type":"post","link":"https:\/\/www.europesays.com\/fr\/1010504\/","title":{"rendered":"Viol\u00e9e, b\u00e2illonn\u00e9e, ADN du suspect retrouv\u00e9 sur le corps&#8230; Ce que r\u00e9v\u00e8le l\u2019autopsie de la jeune Lyhanna"},"content":{"rendered":"<p>\n    Trois semaines apr\u00e8s la d\u00e9couverte du corps de la coll\u00e9gienne dans un silo agricole du Gers, les analyses scientifiques livrent des \u00e9l\u00e9ments accablants contre J\u00e9r\u00f4me Barella, dont les poursuites pourraient \u00eatre \u00e9largies.<\/p>\n<p class=\"fig-paragraph\"><a href=\"http:\/\/www.lefigaro.fr\/faits-divers\/meurtre-de-lyhanna-les-resultats-complets-d-autopsie-ne-sont-toujours-pas-disponibles-20260616\" data-fig-type=\"NewsFlash\" data-gtm-custom-categorie=\"navigation\" data-gtm-custom-action=\"crossclick\" data-gtm-custom-label=\"Contextuel\" data-gtm-event=\"customEventSPE\" data-fig-domain=\"LEFIGARO\" rel=\"nofollow noopener\" target=\"_blank\">L\u2019autopsie<\/a>\u00a0commence \u00e0 livrer ses r\u00e9ponses.\u00a0<a href=\"http:\/\/www.lefigaro.fr\/faits-divers\/dossier\/disparition-de-lyhanna\" data-fig-type=\"Topic\" data-gtm-custom-categorie=\"navigation\" data-gtm-custom-action=\"crossclick\" data-gtm-custom-label=\"Contextuel\" data-gtm-event=\"customEventSPE\" data-fig-domain=\"LEFIGARO\" rel=\"nofollow noopener\" target=\"_blank\">Lyhanna<\/a>, la coll\u00e9gienne de 11 ans retrouv\u00e9e morte le 4 juin dans le Gers, a \u00e9t\u00e9 viol\u00e9e, et l\u2019ADN du principal suspect, J\u00e9r\u00f4me Barella, a \u00e9t\u00e9 retrouv\u00e9 sur son corps, selon une source proche de l\u2019enqu\u00eate. Des \u00e9l\u00e9ments susceptibles d\u2019\u00e9largir les poursuites \u00e0 son encontre.<\/p>\n<p class=\"fig-paragraph\">Confirmant des informations de\u00a0<a href=\"https:\/\/www.bfmtv.com\/police-justice\/info-bfmtv-mort-de-lyhanna-l-autopsie-de-l-enfant-a-revele-qu-elle-a-ete-victime-d-un-viol-le-profil-biologique-de-jerome-barella-retrouve-sur-elle_AN-202606180910.html\" target=\"_blank\" rel=\"nofollow noopener\" data-gtm-custom-categorie=\"navigation\" data-gtm-custom-action=\"crossclick\" data-gtm-custom-label=\"Contextuel\" data-gtm-event=\"customEventSPE\">BFMTV<\/a>, cette m\u00eame source pr\u00e9cise que la fillette &#8211; dont le corps avait \u00e9t\u00e9 d\u00e9couvert dans un silo agricole d\u00e9saffect\u00e9 \u00e0 Puycasquier &#8211; avait \u00e9t\u00e9 b\u00e2illonn\u00e9e avec du scotch et portait des traces d\u2019ecchymoses, notamment sur la tempe gauche. Les causes exactes de la mort restent \u00e0 d\u00e9terminer. Certaines analyses n\u00e9cessitent plusieurs semaines, rappellent les enqu\u00eateurs.<\/p>\n<p>                                            <a class=\"fig-a11y-skip\" href=\"#fig-a11y-skip-main-inarticle\" is=\"fig-a11y-skip\" data-trigger-mode=\"visible-once\"><br \/>\n    Passer la publicit\u00e9<br \/>\n<\/a>            <\/p>\n<p class=\"fig-paragraph\">P\u00e8re de famille de 41 ans, J\u00e9r\u00f4me Barella a \u00e9t\u00e9 mis en examen pour \u00ab enl\u00e8vement\u00a0\u00bb et \u00ab s\u00e9questration de mineure de 15 ans\u00a0\u00bb trois jours apr\u00e8s la disparition de la coll\u00e9gienne. Devant la juge d\u2019instruction, il a gard\u00e9 le silence et a \u00e9t\u00e9 plac\u00e9 en d\u00e9tention provisoire \u00e0 la prison de Mont-de-Marsan, \u00e0 l\u2019isolement.<\/p>\n<p>                                            \u00abCol\u00e8re\u00bb et \u00abd\u00e9go\u00fbt\u00bb<\/p>\n<p class=\"fig-paragraph\">Les r\u00e9v\u00e9lations sur les atteintes sexuelles devraient conduire \u00e0 une requalification des faits par le parquet. Contact\u00e9 par l\u2019AFP, le procureur d\u2019Agen, Olivier Naboulet, n\u2019\u00e9tait pas joignable vendredi \u00e0 la mi-journ\u00e9e. Depuis le 5 juin, son parquet n\u2019a \u00e9mis aucune communication officielle dans cette affaire.<\/p>\n<p class=\"fig-paragraph\">Dans un communiqu\u00e9 diffus\u00e9 jeudi soir, l\u2019avocat des parents de Lyhanna, Fran\u00e7ois Roujou de Boub\u00e9e, a pris acte des nouveaux \u00e9l\u00e9ments scientifiques avant de d\u00e9clarer\u00a0: \u00ab Face au pire pouvant arriver \u00e0 une enfant et \u00e0 des parents, leur col\u00e8re n\u2019a d\u2019\u00e9gal que leur d\u00e9go\u00fbt.\u00a0\u00bb Il a \u00e9galement demand\u00e9 que \u00ab l\u2019intimit\u00e9 et la vie priv\u00e9e\u00a0\u00bb de la famille soient respect\u00e9es.<\/p>\n<p class=\"fig-paragraph\">Ces r\u00e9v\u00e9lations s\u2019inscrivent dans un contexte plus large. Plusieurs plaintes pour viols sur mineures et divers signalements visaient d\u00e9j\u00e0 le suspect, soulevant des questions profondes sur le traitement judiciaire des violences sexistes et sexuelles, et provoquant une vive \u00e9motion lors de nombreux rassemblements \u00e0 travers le pays.<\/p>\n<p>                                            \u00abUn continent cach\u00e9 de violences sexuelles\u00bb<\/p>\n<p class=\"fig-paragraph\">\u00ab Il y avait un continent cach\u00e9 de violences sexuelles, y compris sur des enfants\u00a0\u00bb, a d\u00e9clar\u00e9 Emmanuel Macron sur France 2 jeudi soir, estimant qu\u2019on avait depuis \u00ab lib\u00e9r\u00e9 la parole\u00a0\u00bb sur ce sujet.<\/p>\n<p>                                            <a class=\"fig-a11y-skip\" href=\"#fig-a11y-skip-main-inarticle_mtf\" is=\"fig-a11y-skip\" data-trigger-mode=\"visible-once\"><br \/>\n    Passer la publicit\u00e9<br \/>\n<\/a>            <\/p>\n<p class=\"fig-paragraph\">Malgr\u00e9 des soup\u00e7ons de p\u00e9docriminalit\u00e9, J\u00e9r\u00f4me Barella n\u2019avait jamais \u00e9t\u00e9 entendu par les enqu\u00eateurs avant la disparition de Lyhanna. Selon la procureure d\u2019Auch, Cl\u00e9mence Meyer, il avait fait l\u2019objet de plaintes pour viols sur mineures en 2022 et en 2025. La premi\u00e8re a \u00e9t\u00e9 class\u00e9e sans suite et pourrait \u00eatre \u00ab r\u00e9examin\u00e9e \u00e0 la lumi\u00e8re des \u00e9v\u00e9nements r\u00e9cents\u00a0\u00bb ; la seconde, d\u00e9pos\u00e9e en ao\u00fbt 2025 en Haute-Garonne et transmise au parquet d\u2019Auch apr\u00e8s avoir \u00e9t\u00e9 trait\u00e9e \u00e0 Toulouse, n\u2019avait donn\u00e9 lieu \u00e0 aucune audition du suspect. \u00ab Audrey\u00a0\u00bb, la m\u00e8re de la victime dans ce second dossier, a annonc\u00e9 d\u00e9poser plainte contre l\u2019\u00c9tat et contre le garde des Sceaux, G\u00e9rald Darmanin.<\/p>\n<p class=\"fig-paragraph\">Ces potentielles d\u00e9faillances ont rapidement donn\u00e9 \u00e0 l\u2019affaire une dimension politique. Lundi soir, pour la deuxi\u00e8me semaine cons\u00e9cutive, des milliers de personnes se sont rassembl\u00e9es devant les palais de justice, r\u00e9clamant notamment une \u00ab loi int\u00e9grale\u00a0\u00bb contre les violences sexuelles. Le premier ministre S\u00e9bastien Lecornu a propos\u00e9 plusieurs mesures\u00a0: renforcement des peines pour les violeurs en s\u00e9rie sur mineurs, d\u00e9lai maximal de trois mois pour les actes d\u2019enqu\u00eate sur les crimes contre les enfants, et motivation obligatoire des classements sans suite en mati\u00e8re de crimes sexuels sur mineurs. Les rapports des inspections g\u00e9n\u00e9rales de la gendarmerie et de la Justice doivent, eux, \u00eatre remis au gouvernement le 22 juin.<\/p>\n","protected":false},"excerpt":{"rendered":"Trois semaines apr\u00e8s la d\u00e9couverte du corps de la coll\u00e9gienne dans un silo agricole du Gers, les analyses&hellip;\n","protected":false},"author":2,"featured_media":1010505,"comment_status":"","ping_status":"","sticky":false,"template":"","format":"standard","meta":{"footnotes":"","_share_on_mastodon":"0"},"categories":[4],"tags":[11,10258,1011,27,11328,12,25,1265],"class_list":["post-1010504","post","type-post","status-publish","format-standard","has-post-thumbnail","category-france","tag-actualites","tag-autopsie","tag-fr","tag-france","tag-gers","tag-news","tag-republique-francaise","tag-viol"],"share_on_mastodon":{"url":"https:\/\/pubeurope.com\/@fr\/116776836062076859","error":""},"_links":{"self":[{"href":"https:\/\/www.europesays.com\/fr\/wp-json\/wp\/v2\/posts\/1010504","targetHints":{"allow":["GET"]}}],"collection":[{"href":"https:\/\/www.europesays.com\/fr\/wp-json\/wp\/v2\/posts"}],"about":[{"href":"https:\/\/www.europesays.com\/fr\/wp-json\/wp\/v2\/types\/post"}],"author":[{"embeddable":true,"href":"https:\/\/www.europesays.com\/fr\/wp-json\/wp\/v2\/users\/2"}],"replies":[{"embeddable":true,"href":"https:\/\/www.europesays.com\/fr\/wp-json\/wp\/v2\/comments?post=1010504"}],"version-history":[{"count":0,"href":"https:\/\/www.europesays.com\/fr\/wp-json\/wp\/v2\/posts\/1010504\/revisions"}],"wp:featuredmedia":[{"embeddable":true,"href":"https:\/\/www.europesays.com\/fr\/wp-json\/wp\/v2\/media\/1010505"}],"wp:attachment":[{"href":"https:\/\/www.europesays.com\/fr\/wp-json\/wp\/v2\/media?parent=1010504"}],"wp:term":[{"taxonomy":"category","embeddable":true,"href":"https:\/\/www.europesays.com\/fr\/wp-json\/wp\/v2\/categories?post=1010504"},{"taxonomy":"post_tag","embeddable":true,"href":"https:\/\/www.europesays.com\/fr\/wp-json\/wp\/v2\/tags?post=1010504"}],"curies":[{"name":"wp","href":"https:\/\/api.w.org\/{rel}","templated":true}]}}