{"id":1010589,"date":"2026-06-19T13:33:30","date_gmt":"2026-06-19T13:33:30","guid":{"rendered":"https:\/\/www.europesays.com\/fr\/1010589\/"},"modified":"2026-06-19T13:33:30","modified_gmt":"2026-06-19T13:33:30","slug":"loisirs-fete-des-escargots-30-ans-de-la-poudriere-le-gratin-du-beach-volley-neuf-idees-de-sortie-ce-week-end-en-franche-comte","status":"publish","type":"post","link":"https:\/\/www.europesays.com\/fr\/1010589\/","title":{"rendered":"Loisirs. F\u00eate des escargots, 30 ans de la Poudri\u00e8re, le gratin du beach-volley&#8230; neuf id\u00e9es de sortie ce week-end en Franche-Comt\u00e9"},"content":{"rendered":"<p>  Belfort\u00a0: Un \u00ab\u00a0grand week-end\u00a0\u00bb pour les 30 ans de la Poudri\u00e8re\u00a0<\/p>\n<p>Pour ses <a href=\"https:\/\/www.estrepublicain.fr\/culture-loisirs\/2026\/06\/18\/la-poudriere-fete-ses-30-ans-avec-un-grand-week-end-de-la-musique\" target=\"_blank\" rel=\"nofollow noopener\">30 ans<\/a>, la salle de concert belfortaine de la Poudri\u00e8re organise un \u00ab grand week-end de la musique \u00bb de vendredi \u00e0 dimanche, jour de la F\u00eate de la musique. Plus de 25 concerts et des animations sont pr\u00e9vus en int\u00e9rieur ainsi que sur le parking de l\u2019Arsenal. Un \u00e9v\u00e9nement 100 % gratuit et sans r\u00e9servation.<\/p>\n<p>    &#13;<br \/>\n    &#13;<br \/>\n    &#13;<br \/>\n    <a href=\"https:\/\/cdn-s-www.estrepublicain.fr\/images\/bf83c387-ed74-4813-8c8f-227c579d9715\/NW_raw\/la-poudriere-profite-de-la-fete-de-la-musique-pour-organiser-un-grand-week-end-de-la-musique-a-l-occasion-de-ses-30-ans-photo-d-illustration-michael-desprez-1781789535.jpg\" title=\"La Poudri\u00e8re profite de la F\u00eate de la musique pour organiser un \u00ab grand week-end de la musique \u00bb \u00e0 l\u2019occasion de ses 30 ans. Photo d&#039;illustration Micha\u00ebl Desprez\" class=\"chocolat-image GA-tracking\" data-ga_type=\"click\" data-ga_category=\"D\u00e9tail\" data-ga_action=\"zoomer\" data-ga_label=\"aggrandir image\" rel=\"nofollow noopener\" target=\"_blank\">&#13;<br \/>\n        <img src=\"https:\/\/www.europesays.com\/fr\/wp-content\/uploads\/2026\/06\/la-poudriere-profite-de-la-fete-de-la-musique-pour-organiser-un-grand-week-end-de-la-musique-a-l-occ.jpeg\"   alt=\"La Poudri\u00e8re profite de la F\u00eate de la musique pour organiser un \u00ab grand week-end de la musique \u00bb \u00e0 l\u2019occasion de ses 30 ans. Photo d'illustration Micha\u00ebl Desprez\" fetchpriority=\"high\" decoding=\"async\" data-mobile=\"NW_listA_M|1781789535\" data-base=\"NW_listA|1781789535\"\/>&#13;<br \/>\n    <\/a>&#13;<\/p>\n<p>La Poudri\u00e8re profite de la F\u00eate de la musique pour organiser un \u00ab grand week-end de la musique \u00bb \u00e0 l\u2019occasion de ses 30 ans. Photo d&rsquo;illustration Micha\u00ebl Desprez<\/p>\n<p><strong>Lieu :<\/strong> \u00e0 la Poudri\u00e8re (7, avenue Sarrail) et sur le parking de l\u2019Arsenal \u00e0 Belfort<\/p>\n<p><strong>Date\u00a0: <\/strong>vendredi 19, samedi 20 et dimanche 21 juin<\/p>\n<p><strong>Tarifs :<\/strong>\u00a0vendredi, de 18 h \u00e0 1 h, samedi, de 16 h \u00e0 2 h et dimanche de 14 h \u00e0 22 h 30\u00a0<\/p>\n<p>  M\u00e9lisey\u00a0: Mille pas aux 1000 \u00e9tangs ce dimanche\u00a0<\/p>\n<p>Le festival Mille pas aux 1000 \u00e9tangs se poursuit ce dimanche \u00e0 M\u00e9lisey, avec<a href=\"https:\/\/www.estrepublicain.fr\/culture-loisirs\/2024\/06\/28\/mille-pas-aux-1-000-etangs-1-300-marcheurs-dans-un-petit-coin-de-paradis\" target=\"_blank\" rel=\"nofollow noopener\"> le club des Randonneurs des 1000 \u00e9tangs<\/a>. Au programme trois parcours\u200a: 5, 9 et 18 km. Et par ces fortes chaleurs, les sentiers ombrag\u00e9s devraient \u00eatre appr\u00e9ci\u00e9s. \u00c0 l\u2019arriv\u00e9e, possibilit\u00e9 de se restaurer (r\u00e9servation recommand\u00e9e). Et en ce jour de F\u00eate de la musique, une animation musicale est propos\u00e9e le temps de midi par la chorale Le Drosera.<\/p>\n<p>    &#13;<br \/>\n    &#13;<br \/>\n    &#13;<br \/>\n    <a href=\"https:\/\/cdn-s-www.estrepublicain.fr\/images\/f5bac820-2a4d-49a9-ac08-c4974608ab6f\/NW_raw\/photo-d-illustration-edwige-prompt-1776275984.jpg\" title=\"Photo d&#039;illustration Edwige Prompt\" class=\"chocolat-image GA-tracking\" data-ga_type=\"click\" data-ga_category=\"D\u00e9tail\" data-ga_action=\"zoomer\" data-ga_label=\"aggrandir image\" rel=\"nofollow noopener\" target=\"_blank\">&#13;<br \/>\n        <img src=\"https:\/\/www.europesays.com\/fr\/wp-content\/uploads\/2026\/06\/photo-d-illustration-edwige-prompt-1776275984.jpg\"   alt=\"Photo d'illustration Edwige Prompt\" fetchpriority=\"high\" decoding=\"async\" data-mobile=\"NW_listA_M|1776275984\" data-base=\"NW_listA|1776275984\"\/>&#13;<br \/>\n    <\/a>&#13;<\/p>\n<p>Photo d&rsquo;illustration Edwige Prompt<\/p>\n<p><strong>Lieu\u00a0: <\/strong>d\u00e9part, de la salle de convivialit\u00e9 de M\u00e9lisey\u00a0<\/p>\n<p><strong>Date\u00a0:\u00a0<\/strong>dimanche 21 juin, d\u00e8s 8\u200ah.\u00a0<\/p>\n<p><strong>Tarifs :<\/strong> 2 \u20ac, gratuit (-12 ans). Tel.\u200a06\u200a52\u200a49\u200a00\u200a40.<\/p>\n<p>  Arc-et-Senans\u00a0: une parenth\u00e8se fleurie avec le festival Tempus Floris<\/p>\n<p>La Saline royale d\u2019Arc-et-Senans accueille <a href=\"https:\/\/www.salineroyale.com\/evenement\/tempus-floris-le-temps-de-la-fleur\/\" target=\"_blank\" rel=\"nofollow noopener\">Tempus Floris<\/a>, festival d\u00e9di\u00e9 \u00e0 la cr\u00e9ation florale contemporaine. Sur le th\u00e8me \u00ab\u200aLe Bal des Oiseaux\u200a\u00bb, un parcours sensoriel m\u00eale patrimoine, savoir-faire et \u00e9motions v\u00e9g\u00e9tales. Une vingtaine d\u2019installations florales, imagin\u00e9es par Ga\u00e9tan Jacquet, dialoguent avec l\u2019architecture et les paysages du site pour offrir une exp\u00e9rience po\u00e9tique et immersive.<\/p>\n<p>    &#13;<br \/>\n    &#13;<br \/>\n    &#13;<br \/>\n    <a href=\"https:\/\/cdn-s-www.estrepublicain.fr\/images\/cb8e121d-e0f9-4f39-af9f-8e76a5bd60d3\/NW_raw\/le-concours-d-art-floral-rassemble-10-candidats-autour-de-quatre-epreuves-photo-sebastien-rabany-1781864681.jpg\" title=\"Le concours d\u2019art floral rassemble 10 candidats autour de quatre \u00e9preuves. Photo S\u00e9bastien Rabany\" class=\"chocolat-image GA-tracking\" data-ga_type=\"click\" data-ga_category=\"D\u00e9tail\" data-ga_action=\"zoomer\" data-ga_label=\"aggrandir image\" rel=\"nofollow noopener\" target=\"_blank\">&#13;<br \/>\n        <img src=\"https:\/\/www.europesays.com\/fr\/wp-content\/uploads\/2026\/06\/le-concours-d-art-floral-rassemble-10-candidats-autour-de-quatre-epreuves-photo-sebastien-rabany-178.jpeg\"   alt=\"Le concours d\u2019art floral rassemble 10 candidats autour de quatre \u00e9preuves. Photo S\u00e9bastien Rabany\" fetchpriority=\"high\" decoding=\"async\" data-mobile=\"NW_listA_M|1781864681\" data-base=\"NW_listA|1781864681\"\/>&#13;<br \/>\n    <\/a>&#13;<\/p>\n<p>Le concours d\u2019art floral rassemble 10 candidats autour de quatre \u00e9preuves. Photo S\u00e9bastien Rabany<\/p>\n<p><strong>Lieu\u00a0: <\/strong>\u00e0 la Saline royale d\u2019Arc-et-Senans<\/p>\n<p><strong>Date\u00a0: <\/strong>samedi 20 et dimanche 21 juin, de 9\u200ah \u00e0 18\u200ah<\/p>\n<p><strong>Tarifs :<\/strong> 15 \u20ac, 10 \u20ac (6 \u00e0 15 ans) et gratuit (-6 ans)<\/p>\n<p>  Gonsans\u00a0: la 3\u1d49\u00a0course de caisses \u00e0 savon d\u00e9boule<\/p>\n<p>Le comit\u00e9 des f\u00eates de Gonsans donne rendez-vous au public vers l\u2019\u00e9glise ce dimanche\u00a0 pour sa <a href=\"https:\/\/www.estrepublicain.fr\/culture-loisirs\/2025\/06\/25\/course-de-caisse-a-savon-folklorique-organisee-par-le-comite-des-fetes-gpso\" target=\"_blank\" rel=\"nofollow noopener\">course de caisses \u00e0 savon<\/a>. Cette ann\u00e9e, les participants devront relever de nouveaux d\u00e9fis avec l\u2019installation de chicanes in\u00e9dites et d\u2019obstacles spectaculaires, parmi lesquels un virage relev\u00e9, un passage d\u2019eau et un canon \u00e0 mousse.<\/p>\n<p>    &#13;<br \/>\n    &#13;<br \/>\n    &#13;<br \/>\n    <a href=\"https:\/\/cdn-s-www.estrepublicain.fr\/images\/8f8caa4f-2df5-4ace-9d8b-cc3c9faf6504\/NW_raw\/photo-d-illustration-patrick-bar-1753026128.jpg\" title=\"Photo d&#039;illustration Patrick Bar\" class=\"chocolat-image GA-tracking\" data-ga_type=\"click\" data-ga_category=\"D\u00e9tail\" data-ga_action=\"zoomer\" data-ga_label=\"aggrandir image\" rel=\"nofollow noopener\" target=\"_blank\">&#13;<br \/>\n        <img src=\"https:\/\/www.europesays.com\/fr\/wp-content\/uploads\/2026\/06\/photo-d-illustration-patrick-bar-1753026128.jpg\"   alt=\"Photo d'illustration Patrick Bar\" fetchpriority=\"high\" decoding=\"async\" data-mobile=\"NW_listA_M|1753026128\" data-base=\"NW_listA|1753026128\"\/>&#13;<br \/>\n    <\/a>&#13;<\/p>\n<p>Photo d&rsquo;illustration Patrick Bar<\/p>\n<p><strong>Lieu\u00a0: <\/strong>vers l\u2019\u00e9glise de Gonsans<\/p>\n<p><strong>Date\u00a0: <\/strong>dimanche 21 juin, \u00e0 partir de 10 h,<\/p>\n<p><strong>Tarifs :\u00a0<\/strong>inscriptions pour la course (10 \u20ac par caisse) au 06 35 54 18 19 ou <a href=\"https:\/\/www.estrepublicain.fr\/culture-loisirs\/2026\/06\/19\/mailto:aubry2570@gmail.com\" rel=\"nofollow noopener\" target=\"_blank\">aubry2570@gmail.com<\/a>\u00a0\u00a0<\/p>\n<p>  Montb\u00e9liard\u00a0: Kendji Girac f\u00eate ses dix ans de carri\u00e8re\u00a0<\/p>\n<p>Plus de <a href=\"https:\/\/www.estrepublicain.fr\/edition-belfort-hericourt-montbeliard\/2016\/09\/29\/montbeliard-le-concert-de-kendji-girac-en-images\" target=\"_blank\" rel=\"nofollow noopener\">dix ans<\/a> d\u00e9j\u00e0 que Kendji Girac fait danser la France sur sa musique entra\u00eenante inspir\u00e9e de la culture gitane dont il est originaire. Le natif de P\u00e9rigueux revient ainsi ce vendredi \u00e0 l\u2019Axone dans le cadre de sa tourn\u00e9e anniversaire \u00ab\u200aNos 10 ans\u200a!\u200a\u00bb. R\u00e9v\u00e9l\u00e9 dans l\u2019\u00e9mission The Voice, le chanteur de 29 ans clora cette saison montb\u00e9liardaise.<\/p>\n<p>    &#13;<br \/>\n    &#13;<br \/>\n    &#13;<br \/>\n    <a href=\"https:\/\/cdn-s-www.estrepublicain.fr\/images\/6e4c4a85-4c6d-4859-9da8-ef0133b25db9\/NW_raw\/kendji-girac-etait-deja-passe-a-l-axone-dix-ans-plus-tot-photo-d-archives-lionel-vadam-1475176733.jpg\" title=\"Kendji Girac \u00e9tait d\u00e9j\u00e0 pass\u00e9 \u00e0 l&#039;Axone dix ans plus t\u00f4t.\u00a0Photo d&#039;archives Lionel Vadam\" class=\"chocolat-image GA-tracking\" data-ga_type=\"click\" data-ga_category=\"D\u00e9tail\" data-ga_action=\"zoomer\" data-ga_label=\"aggrandir image\" rel=\"nofollow noopener\" target=\"_blank\">&#13;<br \/>\n        <img src=\"https:\/\/www.europesays.com\/fr\/wp-content\/uploads\/2026\/06\/kendji-girac-etait-deja-passe-a-l-axone-dix-ans-plus-tot-photo-d-archives-lionel-vadam-1743413192.jp.jpeg\"   alt=\"Kendji Girac \u00e9tait d\u00e9j\u00e0 pass\u00e9 \u00e0 l'Axone dix ans plus t\u00f4t.\u00a0Photo d'archives Lionel Vadam\" fetchpriority=\"high\" decoding=\"async\" data-mobile=\"NW_listA_M|1475176733\" data-base=\"NW_listA|1743413192\"\/>&#13;<br \/>\n    <\/a>&#13;<\/p>\n<p>Kendji Girac \u00e9tait d\u00e9j\u00e0 pass\u00e9 \u00e0 l&rsquo;Axone dix ans plus t\u00f4t.\u00a0Photo d&rsquo;archives Lionel Vadam<\/p>\n<p><strong>Lieu\u00a0: <\/strong>\u00e0 l\u2019Axone, 6 rue du Commandant Pierre-Rossel<\/p>\n<p><strong>Date\u00a0: <\/strong>vendredi 19 juin, \u00e0 20 h<\/p>\n<p><strong>Tarifs :<\/strong> d\u00e8s 55 \u20ac\u00a0<\/p>\n<p>  Esprels\u00a0: des v\u00e9hicules \u00e0 foison pour le rassemblement GP Detailing<\/p>\n<p>Pour sa troisi\u00e8me \u00e9dition, le rassemblement automobile de GP Detailing, soci\u00e9t\u00e9 d\u2019esth\u00e9tique automobile, change de cadre. <a href=\"https:\/\/www.estrepublicain.fr\/insolite\/2024\/05\/01\/ferrari-mc-laren-bentley-lamborghini-exposition-de-voitures-anciennes-sportives-et-de-prestige-au-chateau-de-loulans-verchamp\" target=\"_blank\" rel=\"nofollow noopener\">Le ch\u00e2teau de Loulans-Verchamp<\/a> \u00e9tant indisponible cette ann\u00e9e, les passionn\u00e9s de belles m\u00e9caniques se retrouveront au magasin Mourey \u00e0 Esprels, ce samedi. Supercars, voitures de collection, sportives, motos\u2026 \u00ab Entre 600 et 700 v\u00e9hicules d\u2019exception sont attendus \u00bb, annonce l\u2019organisateur Pierre Grangeot.<\/p>\n<p>    &#13;<br \/>\n    &#13;<br \/>\n    &#13;<br \/>\n    <a href=\"https:\/\/cdn-s-www.estrepublicain.fr\/images\/b9e94cfe-2d08-4a15-8bc9-76e11587246b\/NW_raw\/entre-600-et-700-vehicules-sont-attendus-ce-samedi-photo-d-archives-patrick-bar-1714578021.jpg\" title=\"Entre 600 et 700 v\u00e9hicules sont attendus ce samedi. Photo d&#039;archives Patrick Bar\" class=\"chocolat-image GA-tracking\" data-ga_type=\"click\" data-ga_category=\"D\u00e9tail\" data-ga_action=\"zoomer\" data-ga_label=\"aggrandir image\" rel=\"nofollow noopener\" target=\"_blank\">&#13;<br \/>\n        <img src=\"https:\/\/www.europesays.com\/fr\/wp-content\/uploads\/2026\/06\/entre-600-et-700-vehicules-sont-attendus-ce-samedi-photo-d-archives-patrick-bar-1743413192.jpg\"   alt=\"Entre 600 et 700 v\u00e9hicules sont attendus ce samedi. Photo d'archives Patrick Bar\" fetchpriority=\"high\" decoding=\"async\" data-mobile=\"NW_listA_M|1714578021\" data-base=\"NW_listA|1743413192\"\/>&#13;<br \/>\n    <\/a>&#13;<\/p>\n<p>Entre 600 et 700 v\u00e9hicules sont attendus ce samedi. Photo d&rsquo;archives Patrick Bar<\/p>\n<p><strong>Lieu\u00a0: <\/strong>magasin Mourey au\u00a01, rue du Buissenot\u00a0<\/p>\n<p><strong>Date\u00a0: s<\/strong>amedi 20 juin de 10 h \u00e0 20 h<\/p>\n<p><strong>Tarifs :<\/strong>\u00a0entr\u00e9e libre. Buvette et restauration\u00a0<\/p>\n<p>  La Rivi\u00e8re-Drugeon\u00a0: c&rsquo;est parti pour la 49e F\u00eate des escargots\u00a0<\/p>\n<p>La F\u00eate des Escargots est un \u00e9v\u00e9nement familial, champ\u00eatre et authentique, organis\u00e9e par l\u2019association Le Foyer au c\u0153ur du Haut-Doubs durant lequel le village de La Rivi\u00e8re-Drugeon se transforme en v\u00e9ritable temple de la convivialit\u00e9. Au programme, des d\u00e9gustations d\u2019escargots, concerts, bals, des spectacles pour enfants, des structures gonflables et bien \u00e9videmment le c\u00e9l\u00e8bre <a href=\"https:\/\/www.estrepublicain.fr\/culture-loisirs\/2025\/06\/16\/la-riviere-drugeon-le-tierce-des-escargots-un-succes-populaire-qui-ne-s-essoufle-pas\" target=\"_blank\" rel=\"nofollow noopener\">tierc\u00e9 d\u2019escargots<\/a>.\u00a0<\/p>\n<p>    &#13;<br \/>\n    &#13;<br \/>\n    &#13;<br \/>\n    <a href=\"https:\/\/cdn-s-www.estrepublicain.fr\/images\/1773d454-6819-4ecc-be73-4151090a38ec\/NW_raw\/pas-de-fete-des-escargots-a-la-riviere-drugeon-sans-le-celebre-tierce-photo-d-archives-anthony-laurent-1781805698.jpg\" title=\"Pas de f\u00eate des escargots \u00e0 la Rivi\u00e8re-Drugeon sans le c\u00e9l\u00e8bre tierc\u00e9.\u00a0Photo d&#039;archives Anthony Laurent\" class=\"chocolat-image GA-tracking\" data-ga_type=\"click\" data-ga_category=\"D\u00e9tail\" data-ga_action=\"zoomer\" data-ga_label=\"aggrandir image\" rel=\"nofollow noopener\" target=\"_blank\">&#13;<br \/>\n        <img src=\"https:\/\/www.europesays.com\/fr\/wp-content\/uploads\/2026\/06\/pas-de-fete-des-escargots-a-la-riviere-drugeon-sans-le-celebre-tierce-photo-d-archives-anthony-laure.jpeg\"   alt=\"Pas de f\u00eate des escargots \u00e0 la Rivi\u00e8re-Drugeon sans le c\u00e9l\u00e8bre tierc\u00e9.\u00a0Photo d'archives Anthony Laurent\" fetchpriority=\"high\" decoding=\"async\" data-mobile=\"NW_listA_M|1781805698\" data-base=\"NW_listA|1781805698\"\/>&#13;<br \/>\n    <\/a>&#13;<\/p>\n<p>Pas de f\u00eate des escargots \u00e0 la Rivi\u00e8re-Drugeon sans le c\u00e9l\u00e8bre tierc\u00e9.\u00a0Photo d&rsquo;archives Anthony Laurent<\/p>\n<p><strong>Lieu\u00a0: <\/strong>\u00e0 la Rivi\u00e8re-Drugeon et sous chapiteau\u00a0<\/p>\n<p><strong>Date\u00a0: <\/strong>vendredi 19, samedi 20 et dimanche 21 juin<\/p>\n<p><strong>Tarifs :<\/strong>\u00a0vendredi, gratuit \u00a0; samedi, d\u00e8s 21h, 10 \u20ac et dimanche, d\u00e8s 11 h 30 gratuit.\u00a0<\/p>\n<p>  Brognard : l&rsquo;Open PMA de beach-volley s\u2019installe \u00e0 la base de loisirs<\/p>\n<p>Du sable, du soleil et le gratin du beach-volley fran\u00e7ais r\u00e9unis sur un m\u00eame terrain. Voil\u00e0 le combo de la 9e \u00e9dition de <a href=\"https:\/\/www.estrepublicain.fr\/sport\/2026\/06\/15\/40-equipes-de-beach-volley-ont-rendez-vous-sur-le-sable-de-brognard\" target=\"_blank\" rel=\"nofollow noopener\">l\u2019Open PMA de beach-volley<\/a>, organis\u00e9e par le club de l\u2019Entente Volley Beaucourt Sochaux Pays de Montb\u00e9liard en partenariat avec l\u2019Agglo. Vingt \u00e9quipes f\u00e9minines et autant de masculines sont attendues dans ce tournoi int\u00e9gr\u00e9 au circuit national du France Beach-Volley S\u00e9ries qualificatif pour les championnats de France de la discipline.<\/p>\n<p>    &#13;<br \/>\n    &#13;<br \/>\n    &#13;<br \/>\n    <a href=\"https:\/\/cdn-s-www.estrepublicain.fr\/images\/328d6dbe-7ca3-4f08-b2cf-6df5e5f7ff48\/NW_raw\/vingt-equipes-feminines-et-autant-de-masculines-de-toute-la-france-sont-attendues-photo-d-archives-christian-lemontey-1750363655.jpg\" title=\"Vingt \u00e9quipes f\u00e9minines et autant de masculines de toute la France sont attendues.\u00a0Photo d&#039;archives Christian Lemontey\" class=\"chocolat-image GA-tracking\" data-ga_type=\"click\" data-ga_category=\"D\u00e9tail\" data-ga_action=\"zoomer\" data-ga_label=\"aggrandir image\" rel=\"nofollow noopener\" target=\"_blank\">&#13;<br \/>\n        <img src=\"https:\/\/www.europesays.com\/fr\/wp-content\/uploads\/2026\/06\/vingt-equipes-feminines-et-autant-de-masculines-de-toute-la-france-sont-attendues-photo-d-archives-c.jpeg\"   alt=\"Vingt \u00e9quipes f\u00e9minines et autant de masculines de toute la France sont attendues.\u00a0Photo d'archives Christian Lemontey\" fetchpriority=\"high\" decoding=\"async\" data-mobile=\"NW_listA_M|1750363655\" data-base=\"NW_listA|1750363655\"\/>&#13;<br \/>\n    <\/a>&#13;<\/p>\n<p>Vingt \u00e9quipes f\u00e9minines et autant de masculines de toute la France sont attendues.\u00a0Photo d&rsquo;archives Christian Lemontey<\/p>\n<p><strong>Lieu\u00a0: <\/strong>base de loisirs de Brognard<\/p>\n<p><strong>Date\u00a0: <\/strong>samedi 20 et dimanche 21 juin, \u00e0 partir de 9 h\u00a0<\/p>\n<p><strong>Tarifs :<\/strong>\u00a0gratuit\u00a0<\/p>\n<p>  Arbois\u00a0: un ch\u0153ur am\u00e9ricain en guest-star<\/p>\n<p>\u00c0 l\u2019occasion de la F\u00eate de la musique, le ch\u0153ur Opus 39 d\u2019Arbois accueille le Zion Lutheran Church Choir, chorale venue d\u2019Iowa City, dans l\u2019\u00c9tat de l\u2019Iowa aux \u00c9tats-Unis, pour un concert exceptionnel ce dimanche. Les choristes seront sous la direction de Tyler Hagy et \u00e0 l\u2019orgue s\u2019installera Marlys Boote.<\/p>\n<p>    &#13;<br \/>\n    &#13;<br \/>\n    &#13;<br \/>\n    <a href=\"https:\/\/cdn-s-www.estrepublicain.fr\/images\/5454a8c6-d2ac-4429-98cc-5934cfbdafe4\/NW_raw\/photo-fournie-par-le-choeur-39-d-arbois-1781864725.jpg\" title=\"Photo Fournie Par Le Choeur 39 d&#039;Arbois\u00a0\" class=\"chocolat-image GA-tracking\" data-ga_type=\"click\" data-ga_category=\"D\u00e9tail\" data-ga_action=\"zoomer\" data-ga_label=\"aggrandir image\" rel=\"nofollow noopener\" target=\"_blank\">&#13;<br \/>\n        <img src=\"https:\/\/www.europesays.com\/fr\/wp-content\/uploads\/2026\/06\/photo-fournie-par-le-choeur-39-d-arbois-1781864725.jpg\"   alt=\"Photo Fournie Par Le Choeur 39 d'Arbois\u00a0\" fetchpriority=\"high\" decoding=\"async\" data-mobile=\"NW_listA_M|1781864725\" data-base=\"NW_listA|1781864725\"\/>&#13;<br \/>\n    <\/a>&#13;<\/p>\n<p>Photo Fournie Par Le Choeur 39 d&rsquo;Arbois\u00a0<\/p>\n<p><strong>Lieu\u00a0: <\/strong>\u00e0 l\u2019\u00e9glise Saint-Just \u00e0 Arbois<\/p>\n<p><strong>Date\u00a0: <\/strong>dimanche 21 juin<\/p>\n<p><strong>Tarifs :<\/strong>\u00a0gratuit<\/p>\n","protected":false},"excerpt":{"rendered":"Belfort\u00a0: Un \u00ab\u00a0grand week-end\u00a0\u00bb pour les 30 ans de la Poudri\u00e8re\u00a0 Pour ses 30 ans, la salle de&hellip;\n","protected":false},"author":2,"featured_media":1010590,"comment_status":"","ping_status":"","sticky":false,"template":"","format":"standard","meta":{"footnotes":"","_share_on_mastodon":"0"},"categories":[1417],"tags":[105779,22758,105783,1687,8026,10332,14383,14384,8698,105781,107,1011,27,105780,3671,105782,105778,8027,11058,60,55891,1470,1469],"class_list":["post-1010589","post","type-post","status-publish","format-standard","has-post-thumbnail","category-volley","tag-arc-et-senans","tag-belfort","tag-brognard","tag-culture-loisirs","tag-doubs","tag-edition-belfort-hericourt-montbeliard","tag-edition-besancon","tag-edition-pontarlier-haut-doubs","tag-edition-vesoul-haute-saone","tag-esprels","tag-fil-info","tag-fr","tag-france","tag-gonsans","tag-haute-saone","tag-la-riviere-drugeon","tag-melisey","tag-montbeliard","tag-region-franche-comte","tag-sports","tag-territoire-de-belfort","tag-volley","tag-volleyball"],"share_on_mastodon":{"url":"https:\/\/pubeurope.com\/@fr\/116777034436161973","error":""},"_links":{"self":[{"href":"https:\/\/www.europesays.com\/fr\/wp-json\/wp\/v2\/posts\/1010589","targetHints":{"allow":["GET"]}}],"collection":[{"href":"https:\/\/www.europesays.com\/fr\/wp-json\/wp\/v2\/posts"}],"about":[{"href":"https:\/\/www.europesays.com\/fr\/wp-json\/wp\/v2\/types\/post"}],"author":[{"embeddable":true,"href":"https:\/\/www.europesays.com\/fr\/wp-json\/wp\/v2\/users\/2"}],"replies":[{"embeddable":true,"href":"https:\/\/www.europesays.com\/fr\/wp-json\/wp\/v2\/comments?post=1010589"}],"version-history":[{"count":0,"href":"https:\/\/www.europesays.com\/fr\/wp-json\/wp\/v2\/posts\/1010589\/revisions"}],"wp:featuredmedia":[{"embeddable":true,"href":"https:\/\/www.europesays.com\/fr\/wp-json\/wp\/v2\/media\/1010590"}],"wp:attachment":[{"href":"https:\/\/www.europesays.com\/fr\/wp-json\/wp\/v2\/media?parent=1010589"}],"wp:term":[{"taxonomy":"category","embeddable":true,"href":"https:\/\/www.europesays.com\/fr\/wp-json\/wp\/v2\/categories?post=1010589"},{"taxonomy":"post_tag","embeddable":true,"href":"https:\/\/www.europesays.com\/fr\/wp-json\/wp\/v2\/tags?post=1010589"}],"curies":[{"name":"wp","href":"https:\/\/api.w.org\/{rel}","templated":true}]}}