{"id":101066,"date":"2025-05-15T04:36:12","date_gmt":"2025-05-15T04:36:12","guid":{"rendered":"https:\/\/www.europesays.com\/fr\/101066\/"},"modified":"2025-05-15T04:36:12","modified_gmt":"2025-05-15T04:36:12","slug":"la-fin-des-cuisines-equipees-voici-la-nouvelle-tendance","status":"publish","type":"post","link":"https:\/\/www.europesays.com\/fr\/101066\/","title":{"rendered":"La fin des cuisines \u00ab\u00a0\u00e9quip\u00e9es\u00a0\u00bb : voici la nouvelle tendance"},"content":{"rendered":"\n<p data-start=\"1777\" data-end=\"2361\">Les tendances d\u00e9co \u00e9voluent sans cesse, et la cuisine ne fait pas exception ! Si les mod\u00e8les tout \u00e9quip\u00e9s ont domin\u00e9 ces derni\u00e8res ann\u00e9es, un vent de renouveau souffle sur nos int\u00e9rieurs. Selon Homes &amp; Gardens, les cuisines non \u00e9quip\u00e9es font un retour en force, s\u00e9duisant par leur modularit\u00e9, leur authenticit\u00e9 et leur flexibilit\u00e9. Une r\u00e9volution qui risque bien de transformer nos fa\u00e7ons d\u2019am\u00e9nager cet espace central de la maison.<\/p>\n<p>    Pourquoi les cuisines non \u00e9quip\u00e9es font-elles sensation ? <\/p>\n<p data-start=\"1777\" data-end=\"2361\"><a href=\"https:\/\/www.lejournaldelamaison.fr\/le-journal-de-la-maison\/piece-par-piece\/cuisine-salle-a-manger-le-journal-de-la-maison\/cuisine\/je-suis-designer-interieurcomment-amenagerais-cuisine-pire-ennemi-507245.html\" rel=\"nofollow noopener\" target=\"_blank\">La cuisine<\/a> ne se limite plus \u00e0 un espace o\u00f9 l\u2019on pr\u00e9pare les repas. C\u2019est d\u00e9sormais un v\u00e9ritable lieu de vie, o\u00f9 l\u2019on partage des moments en <strong>famille,<\/strong> o\u00f9 l\u2019on <strong>travaille,<\/strong> et o\u00f9 l\u2019on se <strong>d\u00e9tend.<\/strong> Dans ce contexte, la cuisine non \u00e9quip\u00e9e devient une alternative ultra-pratique, permettant d\u2019agencer l\u2019espace \u00e0 sa guise gr\u00e2ce \u00e0 des meubles <strong>ind\u00e9pendants<\/strong> et <strong>modulables.<\/strong><\/p>\n<p data-start=\"1777\" data-end=\"2361\">Fini les am\u00e9nagements fig\u00e9s ! Place<a href=\"https:\/\/www.lejournaldelamaison.fr\/le-journal-de-la-maison\/nouveautes\/produits\/ikea-adieu-ilots-cuisine-imposants-invente-cette-table-mobile-rabat-ultra-deco-504820.html\" rel=\"nofollow noopener\" target=\"_blank\"> aux \u00eelots sur roulettes,<\/a> aux buffets chin\u00e9s, et <strong>aux plans de travail mobiles,<\/strong> qui permettent de cr\u00e9er une ambiance chaleureuse et personnalis\u00e9e. Comme l\u2019explique Helen Parker, directrice cr\u00e9ative chez <strong>deVOL Kitchen<\/strong> : \u00ab\u00a0Les cuisines non \u00e9quip\u00e9es apportent une \u00e2me et une chaleur uniques, bien loin des mod\u00e8les standardis\u00e9s qui enferment la pi\u00e8ce dans un usage rigide.\u00a0\u00bb<\/p>\n<p>    Une cuisine qui s\u2019adapte \u00e0 vos envies et \u00e0 la plan\u00e8te <\/p>\n<p data-start=\"1777\" data-end=\"2361\">L\u2019un des plus grands atouts de cette <strong>tendance<\/strong> ? Son incroyable <strong>flexibilit\u00e9.<\/strong> Contrairement<strong> aux cuisines \u00e9quip\u00e9es,<\/strong> souvent difficiles \u00e0 modifier, une cuisine non \u00e9quip\u00e9e \u00e9volue avec vous. Besoin de plus de <strong>rangement<\/strong> ? Il suffit d\u2019ajouter un meuble. Envie d\u2019un <strong>changement<\/strong> de <strong>d\u00e9co<\/strong> ? Il est facile de d\u00e9placer ou remplacer certains \u00e9l\u00e9ments, sans avoir <a href=\"https:\/\/www.lejournaldelamaison.fr\/le-journal-de-la-maison\/piece-par-piece\/cuisine-salle-a-manger-le-journal-de-la-maison\/cuisine\/actus-cuisine\/avant-renover-votre-cuisine-decouvrez-lunique-conseil-architectes-2025-503791.html\" rel=\"nofollow noopener\" target=\"_blank\">\u00e0 tout r\u00e9nover.<\/a><\/p>\n<p data-start=\"1777\" data-end=\"2361\">Mais ce concept ne s\u00e9duit pas seulement pour son c\u00f4t\u00e9 <strong>pratique.<\/strong> Il s\u2019inscrit aussi dans une d\u00e9marche plus <strong>responsable.<\/strong> Plut\u00f4t que de tout d\u00e9molir pour repartir de z\u00e9ro, on <a href=\"https:\/\/www.lejournaldelamaison.fr\/le-journal-de-la-maison\/nouveautes\/produits\/nouveautes-zara-home-ete-486012.html\" rel=\"nofollow noopener\" target=\"_blank\">r\u00e9utilise, transforme et recycle.<\/a> Comme le souligne Paul Staden, designer <strong>chez Pilgrim House<\/strong> : \u00ab\u00a0Opter pour une cuisine non \u00e9quip\u00e9e, c\u2019est r\u00e9duire le gaspillage et adopter une approche plus durable. Au lieu de jeter une cuisine enti\u00e8re, on peut revendre, r\u00e9cup\u00e9rer ou r\u00e9am\u00e9nager les \u00e9l\u00e9ments existants.\u00a0\u00bb<\/p>\n<blockquote class=\"instagram-media \" style=\"background: #ffffff;border: 0;margin: 1px;width: 100%;padding: 0;max-width: 500px;\" data-instgrm-permalink=\"https:\/\/www.instagram.com\/p\/DGlTy8zMU6R\/\" data-instgrm-version=\"14\"\/><p>\n   Cuisine : des espaces beaucoup plus personnalisables <\/p>\n<p>Vous l\u00a0\u00bbavez vu, les cuisines non \u00e9quip\u00e9es offrent donc une grande libert\u00e9 <strong>et peuvent \u00eatre personnalis\u00e9es<\/strong>. Il vous sera possible, selon vos go\u00fbts, d&rsquo;y ajouter par exemple des meubles anciens ou <a href=\"https:\/\/www.lejournaldelamaison.fr\/le-journal-de-la-maison\/piece-par-piece\/cuisine-salle-a-manger-le-journal-de-la-maison\/cuisine\/adieu-rangements-standards-cuisine-nouvelle-tendance-490892.html\" rel=\"nofollow noopener\" target=\"_blank\">des rangements mobiles<\/a>, afin de cr\u00e9er un espace unique. Cette possibilit\u00e9 vous permet, si vous le souhaitez, de <strong>mixer les diff\u00e9rents styles<\/strong> et de tester bien plus de choses en mati\u00e8re de d\u00e9coration.<\/p>\n<p>Pour ceux qui appr\u00e9cient <strong>la d\u00e9coration int\u00e9rieure<\/strong>, la cuisine devient donc un v\u00e9ritable espace de jeu. <a href=\"https:\/\/www.lejournaldelamaison.fr\/le-journal-de-la-maison\/piece-par-piece\/cuisine-salle-a-manger-le-journal-de-la-maison\/cuisine\/marre-blanc-alors-essaye-couleur-phare-dans-cuisine-504713.html\" rel=\"nofollow noopener\" target=\"_blank\">Une cuisine non \u00e9quip\u00e9e,<\/a> c&rsquo;est avant tout un lieu de vie, dans lequel vous allez bien s\u00fbr pr\u00e9parer vos repas, mais aussi discuter avec vos amis, lire un livre,<strong> passer du temps avec vos enfants<\/strong>\u2026<\/p>\n<p>                <script async src=\"\/\/www.instagram.com\/embed.js\"><\/script><\/p>\n","protected":false},"excerpt":{"rendered":"Les tendances d\u00e9co \u00e9voluent sans cesse, et la cuisine ne fait pas exception ! Si les mod\u00e8les tout&hellip;\n","protected":false},"author":2,"featured_media":101067,"comment_status":"","ping_status":"","sticky":false,"template":"","format":"standard","meta":{"footnotes":""},"categories":[7],"tags":[1011,27,6055,43,40,41,39,42,44],"class_list":{"0":"post-101066","1":"post","2":"type-post","3":"status-publish","4":"format-standard","5":"has-post-thumbnail","7":"category-sciences-et-technologies","8":"tag-fr","9":"tag-france","10":"tag-republishing","11":"tag-science","12":"tag-science-and-technology","13":"tag-sciences","14":"tag-sciences-et-technologies","15":"tag-technologies","16":"tag-technology"},"share_on_mastodon":{"url":"https:\/\/pubeurope.com\/@fr\/114509996588899527","error":""},"_links":{"self":[{"href":"https:\/\/www.europesays.com\/fr\/wp-json\/wp\/v2\/posts\/101066","targetHints":{"allow":["GET"]}}],"collection":[{"href":"https:\/\/www.europesays.com\/fr\/wp-json\/wp\/v2\/posts"}],"about":[{"href":"https:\/\/www.europesays.com\/fr\/wp-json\/wp\/v2\/types\/post"}],"author":[{"embeddable":true,"href":"https:\/\/www.europesays.com\/fr\/wp-json\/wp\/v2\/users\/2"}],"replies":[{"embeddable":true,"href":"https:\/\/www.europesays.com\/fr\/wp-json\/wp\/v2\/comments?post=101066"}],"version-history":[{"count":0,"href":"https:\/\/www.europesays.com\/fr\/wp-json\/wp\/v2\/posts\/101066\/revisions"}],"wp:featuredmedia":[{"embeddable":true,"href":"https:\/\/www.europesays.com\/fr\/wp-json\/wp\/v2\/media\/101067"}],"wp:attachment":[{"href":"https:\/\/www.europesays.com\/fr\/wp-json\/wp\/v2\/media?parent=101066"}],"wp:term":[{"taxonomy":"category","embeddable":true,"href":"https:\/\/www.europesays.com\/fr\/wp-json\/wp\/v2\/categories?post=101066"},{"taxonomy":"post_tag","embeddable":true,"href":"https:\/\/www.europesays.com\/fr\/wp-json\/wp\/v2\/tags?post=101066"}],"curies":[{"name":"wp","href":"https:\/\/api.w.org\/{rel}","templated":true}]}}