{"id":101076,"date":"2025-05-15T04:41:11","date_gmt":"2025-05-15T04:41:11","guid":{"rendered":"https:\/\/www.europesays.com\/fr\/101076\/"},"modified":"2025-05-15T04:41:11","modified_gmt":"2025-05-15T04:41:11","slug":"une-premiere-phase-de-travaux-a-66-millions-deuros","status":"publish","type":"post","link":"https:\/\/www.europesays.com\/fr\/101076\/","title":{"rendered":"une premi\u00e8re phase de travaux \u00e0 6,6\u00a0millions d\u2019euros"},"content":{"rendered":"<p>C\u2019est \u00e0 l\u2019occasion d\u2019une d\u00e9lib\u00e9ration, le num\u00e9ro\u00a016 pr\u00e9cis\u00e9ment, lors du dernier conseil municipal, le 15\u00a0avril, que le dossier de l\u2019am\u00e9nagement des abords nord de Novaci\u00e9ries est revenu sur la table. Rapport\u00e9e par Aline Mouseghian, adjointe en charge de la strat\u00e9gie \u00e9conomique, la d\u00e9lib\u00e9ration portait aussi sur une demande de subvention, dans le cadre du Fond vert, faite par la commune pour financer le projet, au titre du \u00ab\u00a0recyclage des friches\u00a0\u00bb.<\/p>\n<p>\u00ab\u00a0De l\u2019activit\u00e9, du service et du logement\u00a0\u00bb<\/p>\n<p>\u00ab\u00a0Ce projet urbain est un projet majeur en ce qui concerne l\u2019am\u00e9nagement de notre commune, indique en pr\u00e9ambule Aline Mouseghian. Tout d\u2019abord par rapport \u00e0 l\u2019acc\u00e8s \u00e0 notre centre-ville et \u00e0 la ZAC de Novaci\u00e9ries. C\u2019est le lien qui permettra de connecter le centre-ville \u00e0 Novaci\u00e9ries, avec une programmation qui comprendra de l\u2019activit\u00e9, du service et du logement, tout en proposant des am\u00e9nagements urbains de qualit\u00e9.\u00a0\u00bb La d\u00e9lib\u00e9ration pr\u00e9cise que le co\u00fbt pr\u00e9visionnel de la seule phase de&#8230;<\/p>\n","protected":false},"excerpt":{"rendered":"C\u2019est \u00e0 l\u2019occasion d\u2019une d\u00e9lib\u00e9ration, le num\u00e9ro\u00a016 pr\u00e9cis\u00e9ment, lors du dernier conseil municipal, le 15\u00a0avril, que le dossier&hellip;\n","protected":false},"author":2,"featured_media":101077,"comment_status":"","ping_status":"","sticky":false,"template":"","format":"standard","meta":{"footnotes":""},"categories":[9653],"tags":[1111,11,1477,2430,9323,3542,4406,1984,33,7539,436,1777,674,1011,27,1116,3539,6319,1908,8423,12,316,5140,25,9669,9670,4001,104,2803,1631,216],"class_list":{"0":"post-101076","1":"post","2":"type-post","3":"status-publish","4":"format-standard","5":"has-post-thumbnail","7":"category-saint-etienne","8":"tag-actu","9":"tag-actualites","10":"tag-artisanat","11":"tag-auvergne-rhone-alpes","12":"tag-catastrophes","13":"tag-circulation","14":"tag-commerce-et-services","15":"tag-conseil-municipal","16":"tag-economie","17":"tag-edition-loire-sud","18":"tag-environnement","19":"tag-eu","20":"tag-europe","21":"tag-fr","22":"tag-france","23":"tag-immobilier","24":"tag-les-ecologistes","25":"tag-les-republicains","26":"tag-logement","27":"tag-meteorologie-climat","28":"tag-news","29":"tag-politique","30":"tag-rechauffement-climatique","31":"tag-republique-francaise","32":"tag-saint-chamond","33":"tag-saint-chamond-ville","34":"tag-saint-etienne","35":"tag-societe","36":"tag-transport","37":"tag-vie-associative","38":"tag-vie-des-entreprises"},"share_on_mastodon":{"url":"https:\/\/pubeurope.com\/@fr\/114510016221003303","error":""},"_links":{"self":[{"href":"https:\/\/www.europesays.com\/fr\/wp-json\/wp\/v2\/posts\/101076","targetHints":{"allow":["GET"]}}],"collection":[{"href":"https:\/\/www.europesays.com\/fr\/wp-json\/wp\/v2\/posts"}],"about":[{"href":"https:\/\/www.europesays.com\/fr\/wp-json\/wp\/v2\/types\/post"}],"author":[{"embeddable":true,"href":"https:\/\/www.europesays.com\/fr\/wp-json\/wp\/v2\/users\/2"}],"replies":[{"embeddable":true,"href":"https:\/\/www.europesays.com\/fr\/wp-json\/wp\/v2\/comments?post=101076"}],"version-history":[{"count":0,"href":"https:\/\/www.europesays.com\/fr\/wp-json\/wp\/v2\/posts\/101076\/revisions"}],"wp:featuredmedia":[{"embeddable":true,"href":"https:\/\/www.europesays.com\/fr\/wp-json\/wp\/v2\/media\/101077"}],"wp:attachment":[{"href":"https:\/\/www.europesays.com\/fr\/wp-json\/wp\/v2\/media?parent=101076"}],"wp:term":[{"taxonomy":"category","embeddable":true,"href":"https:\/\/www.europesays.com\/fr\/wp-json\/wp\/v2\/categories?post=101076"},{"taxonomy":"post_tag","embeddable":true,"href":"https:\/\/www.europesays.com\/fr\/wp-json\/wp\/v2\/tags?post=101076"}],"curies":[{"name":"wp","href":"https:\/\/api.w.org\/{rel}","templated":true}]}}