{"id":101078,"date":"2025-05-15T04:42:34","date_gmt":"2025-05-15T04:42:34","guid":{"rendered":"https:\/\/www.europesays.com\/fr\/101078\/"},"modified":"2025-05-15T04:42:34","modified_gmt":"2025-05-15T04:42:34","slug":"saint-etienne-le-chaudron-dans-le-top-3-des-meilleurs-stades-de-ligue-1","status":"publish","type":"post","link":"https:\/\/www.europesays.com\/fr\/101078\/","title":{"rendered":"Saint-\u00c9tienne : le Chaudron dans le Top 3 des meilleurs stades de Ligue 1"},"content":{"rendered":"<p>Le stade Geoffroy-Guichard \u00e0 Saint-\u00c9tienne figure parmi les meilleurs stades de France, selon un palmar\u00e8s publi\u00e9 ce mardi 13 mai par le journal L&rsquo;\u00c9quipe.<\/p>\n<p>Le Chaudron sur le podium. Ce mardi 13 mai, le journal L&rsquo;\u00c9quipe a publi\u00e9 le classement des <b>meilleurs stades de France<\/b>. Depuis le mois de mars, huit journalistes du quotidien ont parcouru le pays pour assister aux matchs de championnat de Ligue 1.<\/p>\n<p>Des crit\u00e8res larges<\/p>\n<p>Les Verts n&rsquo;ont pas \u00e0 rougir du r\u00e9sultat : le <b>stade Geoffroy-Guichard<\/b> occupe la troisi\u00e8me place du classement r\u00e9alis\u00e9 par <a class=\"url\" href=\"https:\/\/www.lequipe.fr\/Football\/Actualites\/Notre-avis-sur-le-stade-geoffroy-guichard-a-saint-etienne-toujours-magnetique\/1560939\" target=\"_blank\" rel=\"nofollow noopener\">L&rsquo;\u00c9quipe<\/a>. En t\u00eate du classement, on retrouve le <b>stade V\u00e9lodrome<\/b>, \u00e0 Marseille, suivi de pr\u00e8s par le <b>Parc de Princes<\/b>, \u00e0 Paris.\u00a0<\/p>\n<p>Au total, neuf crit\u00e8res ont \u00e9t\u00e9 retenus pour \u00e9tablir ce palmar\u00e8s, notamment l&rsquo;ambiance, la ferveur, le confort du si\u00e8ge, la propret\u00e9 des lieux, la s\u00e9curit\u00e9, l&rsquo;accessibilit\u00e9 ou encore les efforts environnementaux.\u00a0<\/p>\n<p>Geoffroy-Guichard \u00ab\u00a0magn\u00e9tique\u00a0\u00bb<\/p>\n<p>Les journalistes \u00e0 l&rsquo;origine du palmar\u00e8s soulignent ainsi les bonnes conditions d&rsquo;acc\u00e8s \u00e0 l&rsquo;enceinte du stade. Situ\u00e9 pr\u00e8s du\u00a0<b>centre-ville <\/b>de Saint-\u00c9tienne, les supporters sont d\u00e9pos\u00e9s \u00e0 quelques minutes de marche du stade gr\u00e2ce au tram.<\/p>\n<p>Les tribunes \u00ab\u00a0impressionnent\u00a0\u00bb les auteurs de ce classement qui \u00e9voquent le \u00ab\u00a0confort et cachet\u00a0\u00bb du Chaudron depuis sa <b>r\u00e9novation <\/b>en 2016 \u00e0 l&rsquo;occasion de l&rsquo;Euro. Seul b\u00e9mol, l&rsquo;attente aux buvettes parfois un peu longue lorsque le stade est plein.\u00a0<\/p>\n<p>Dans son article, le journal L&rsquo;\u00c9quipe salue \u00e9galement les efforts entrepris pour l&rsquo;\u00e9cologie, notamment le syst\u00e8me de r\u00e9cup\u00e9ration des<b> eaux de pluie <\/b>pour l&rsquo;arrosage, le raccordement du stade au r\u00e9seau public d&rsquo;\u00e9lectricit\u00e9 et les circuits courts privil\u00e9gi\u00e9s pour la restauration.<\/p>\n<p>Pour conclure, les journalistes, d\u00e9cid\u00e9ment tomb\u00e9s sous le charme du Chaudron, \u00e9voquent une \u00ab\u00a0ambiance absolument exceptionnelle, qu&rsquo;<b>il faut vivre une fois dans sa vie<\/b>\u00ab\u00a0.\u00a0<\/p>\n<p>De quoi galvaniser les supporters des Verts pour le dernier rendez-vous de la saison, ce samedi 17 mai \u00e0 21 heures, avec la r\u00e9ception de <b>Toulouse<\/b>.<\/p>\n<p><img loading=\"lazy\" decoding=\"async\" src=\"https:\/\/www.europesays.com\/fr\/wp-content\/uploads\/2025\/05\/1747284154_629_img\" width=\"350\" height=\"200\" border=\"0\" title=\"Le stade Geoffroy Guichard lors du 126e derby de l'histoire face \u00c3\u00a0 l'OL, ce dimanche 20 avril\"\/><\/p>\n<p>\u25baFootball<\/p>\n<p style=\"font-size: 22px;\"><b>Le match ASSE-Toulouse se jouera \u00e0 guichets ferm\u00e9s au stade Geoffroy Guichard<\/b><\/p>\n<p>L&rsquo;AS Saint-\u00c9tienne jouera son dernier match de&#8230;<\/p>\n<p><\/p>\n","protected":false},"excerpt":{"rendered":"Le stade Geoffroy-Guichard \u00e0 Saint-\u00c9tienne figure parmi les meilleurs stades de France, selon un palmar\u00e8s publi\u00e9 ce mardi&hellip;\n","protected":false},"author":2,"featured_media":101079,"comment_status":"","ping_status":"","sticky":false,"template":"","format":"standard","meta":{"footnotes":""},"categories":[9653],"tags":[21647,1111,11,461,2430,21646,1981,1777,674,63,1011,27,66,955,12,25,4001,2858,10221,11001],"class_list":{"0":"post-101078","1":"post","2":"type-post","3":"status-publish","4":"format-standard","5":"has-post-thumbnail","7":"category-saint-etienne","8":"tag-quipe","9":"tag-actu","10":"tag-actualites","11":"tag-asse","12":"tag-auvergne-rhone-alpes","13":"tag-chaudron","14":"tag-classement","15":"tag-eu","16":"tag-europe","17":"tag-football","18":"tag-fr","19":"tag-france","20":"tag-ligue-1","21":"tag-match","22":"tag-news","23":"tag-republique-francaise","24":"tag-saint-etienne","25":"tag-stade","26":"tag-supporters","27":"tag-verts"},"share_on_mastodon":{"url":"https:\/\/pubeurope.com\/@fr\/114510020274259461","error":""},"_links":{"self":[{"href":"https:\/\/www.europesays.com\/fr\/wp-json\/wp\/v2\/posts\/101078","targetHints":{"allow":["GET"]}}],"collection":[{"href":"https:\/\/www.europesays.com\/fr\/wp-json\/wp\/v2\/posts"}],"about":[{"href":"https:\/\/www.europesays.com\/fr\/wp-json\/wp\/v2\/types\/post"}],"author":[{"embeddable":true,"href":"https:\/\/www.europesays.com\/fr\/wp-json\/wp\/v2\/users\/2"}],"replies":[{"embeddable":true,"href":"https:\/\/www.europesays.com\/fr\/wp-json\/wp\/v2\/comments?post=101078"}],"version-history":[{"count":0,"href":"https:\/\/www.europesays.com\/fr\/wp-json\/wp\/v2\/posts\/101078\/revisions"}],"wp:featuredmedia":[{"embeddable":true,"href":"https:\/\/www.europesays.com\/fr\/wp-json\/wp\/v2\/media\/101079"}],"wp:attachment":[{"href":"https:\/\/www.europesays.com\/fr\/wp-json\/wp\/v2\/media?parent=101078"}],"wp:term":[{"taxonomy":"category","embeddable":true,"href":"https:\/\/www.europesays.com\/fr\/wp-json\/wp\/v2\/categories?post=101078"},{"taxonomy":"post_tag","embeddable":true,"href":"https:\/\/www.europesays.com\/fr\/wp-json\/wp\/v2\/tags?post=101078"}],"curies":[{"name":"wp","href":"https:\/\/api.w.org\/{rel}","templated":true}]}}