{"id":101090,"date":"2025-05-15T04:52:09","date_gmt":"2025-05-15T04:52:09","guid":{"rendered":"https:\/\/www.europesays.com\/fr\/101090\/"},"modified":"2025-05-15T04:52:09","modified_gmt":"2025-05-15T04:52:09","slug":"grenoble-un-violent-incendie-detruit-un-studio-dans-le-centre-ville","status":"publish","type":"post","link":"https:\/\/www.europesays.com\/fr\/101090\/","title":{"rendered":"Grenoble. Un violent incendie d\u00e9truit un studio dans le centre-ville"},"content":{"rendered":"<p>Un incendie s\u2019est d\u00e9clar\u00e9 peu avant 1 heure ce jeudi dans un b\u00e2timent mixe d\u2019habitations et de bureau situ\u00e9 \u00e0 l\u2019angle de la rue Lesdigui\u00e8res et du boulevard Gambetta, dans le centre-ville de Grenoble.<\/p>\n<p>Ce contenu est bloqu\u00e9 car vous n&rsquo;avez pas accept\u00e9 les cookies et autres traceurs.<\/p>\n<p>En cliquant sur \u00ab J\u2019accepte \u00bb, les cookies et autres traceurs seront d\u00e9pos\u00e9s et vous pourrez visualiser les contenus  (<a href=\"\" class=\"consentModule_policy\" target=\"_blank\" title=\"Consulter la politique de protection des donn\u00e9es du fournisseur\">plus d&rsquo;informations<\/a>).<\/p>\n<p>En cliquant sur \u00ab J\u2019accepte tous les cookies \u00bb, vous autorisez des d\u00e9p\u00f4ts de cookies et autres traceurs pour le stockage de vos donn\u00e9es sur nos sites et applications \u00e0 des fins de personnalisation et de ciblage publicitaire.<\/p>\n<p class=\"consentModule_secondaryText\">Vous gardez la possibilit\u00e9 de retirer votre consentement \u00e0 tout moment en consultant notre <a href=\"https:\/\/www.ledauphine.com\/protection-des-donnees\" target=\"_blank\" title=\"Consulter notre politique de protection des donn\u00e9es\" rel=\"nofollow noopener\">politique de protection des donn\u00e9es<\/a>. <br \/>&#13;<br \/>\n            <a href=\"https:\/\/www.ledauphine.com\/faits-divers-justice\/2025\/05\/15\/javascript:Didomi.notice.show()\" class=\"consentModule_cmp\" rel=\"nofollow noopener\" target=\"_blank\">G\u00e9rer mes choix<\/a>&#13;\n        <\/p>\n<p>&#13;<br \/>\n                        J&rsquo;accepte&#13;<br \/>\n            J&rsquo;accepte tous les cookies&#13;\n        <\/p>\n<p>Le feu a pris naissance dans un duplex d\u2019environ 50 m\u00e8tres carr\u00e9s situ\u00e9 au rez-de-chauss\u00e9e de ce b\u00e2timent formant un O, et s\u2019est propag\u00e9 \u00e0 un autre b\u00e2timent d\u2019un \u00e9tage, une discoth\u00e8que d\u00e9saffect\u00e9e situ\u00e9 au centre du O.<\/p>\n<p>Les sapeurs-pompiers ont \u00e9tabli deux lances pour \u00e9teindre le sinistre, une cinquantaine de personnels \u00e9tant mobilis\u00e9s dans la mesure o\u00f9 la configuration des lieux \u00e9tait particuli\u00e8rement complexe.<\/p>\n<p>Le duplex n\u2019\u00e9tant pas occup\u00e9, aucune victime n\u2019est \u00e0 d\u00e9plorer et il n\u2019a pas \u00e9t\u00e9 n\u00e9cessaire d\u2019\u00e9vacuer d\u2019habitants.<\/p>\n","protected":false},"excerpt":{"rendered":"Un incendie s\u2019est d\u00e9clar\u00e9 peu avant 1 heure ce jeudi dans un b\u00e2timent mixe d\u2019habitations et de bureau&hellip;\n","protected":false},"author":2,"featured_media":101091,"comment_status":"","ping_status":"","sticky":false,"template":"","format":"standard","meta":{"footnotes":""},"categories":[9566],"tags":[1111,11,2430,112,1777,674,274,107,1011,27,2731,2732,1310,108,12,25],"class_list":{"0":"post-101090","1":"post","2":"type-post","3":"status-publish","4":"format-standard","5":"has-post-thumbnail","7":"category-grenoble","8":"tag-actu","9":"tag-actualites","10":"tag-auvergne-rhone-alpes","11":"tag-edition-grenoble-agglomeration","12":"tag-eu","13":"tag-europe","14":"tag-faits-divers-justice","15":"tag-fil-info","16":"tag-fr","17":"tag-france","18":"tag-grenoble","19":"tag-grenoble-bassin","20":"tag-incendie","21":"tag-isere","22":"tag-news","23":"tag-republique-francaise"},"share_on_mastodon":{"url":"https:\/\/pubeurope.com\/@fr\/114510059564780736","error":""},"_links":{"self":[{"href":"https:\/\/www.europesays.com\/fr\/wp-json\/wp\/v2\/posts\/101090","targetHints":{"allow":["GET"]}}],"collection":[{"href":"https:\/\/www.europesays.com\/fr\/wp-json\/wp\/v2\/posts"}],"about":[{"href":"https:\/\/www.europesays.com\/fr\/wp-json\/wp\/v2\/types\/post"}],"author":[{"embeddable":true,"href":"https:\/\/www.europesays.com\/fr\/wp-json\/wp\/v2\/users\/2"}],"replies":[{"embeddable":true,"href":"https:\/\/www.europesays.com\/fr\/wp-json\/wp\/v2\/comments?post=101090"}],"version-history":[{"count":0,"href":"https:\/\/www.europesays.com\/fr\/wp-json\/wp\/v2\/posts\/101090\/revisions"}],"wp:featuredmedia":[{"embeddable":true,"href":"https:\/\/www.europesays.com\/fr\/wp-json\/wp\/v2\/media\/101091"}],"wp:attachment":[{"href":"https:\/\/www.europesays.com\/fr\/wp-json\/wp\/v2\/media?parent=101090"}],"wp:term":[{"taxonomy":"category","embeddable":true,"href":"https:\/\/www.europesays.com\/fr\/wp-json\/wp\/v2\/categories?post=101090"},{"taxonomy":"post_tag","embeddable":true,"href":"https:\/\/www.europesays.com\/fr\/wp-json\/wp\/v2\/tags?post=101090"}],"curies":[{"name":"wp","href":"https:\/\/api.w.org\/{rel}","templated":true}]}}