{"id":101094,"date":"2025-05-15T04:54:08","date_gmt":"2025-05-15T04:54:08","guid":{"rendered":"https:\/\/www.europesays.com\/fr\/101094\/"},"modified":"2025-05-15T04:54:08","modified_gmt":"2025-05-15T04:54:08","slug":"plus-de-50-createurs-locaux-reunis-pour-participer-a-un-nouvel-evenement-gratuit","status":"publish","type":"post","link":"https:\/\/www.europesays.com\/fr\/101094\/","title":{"rendered":"plus de 50 cr\u00e9ateurs locaux r\u00e9unis pour participer \u00e0 un nouvel \u00e9v\u00e9nement gratuit"},"content":{"rendered":"<p>            Par<br \/>\n        <strong><br \/>\n            <a href=\"https:\/\/actu.fr\/auteur\/clemence-pays02-actu-fr\" title=\"Consulter tous les articles de Cl\u00e9mence Pays\" rel=\"nofollow noopener\" target=\"_blank\">Cl\u00e9mence Pays<\/a><br \/>\n        <\/strong><\/p>\n<p>        Publi\u00e9 le<\/p>\n<p>            15 mai 2025 \u00e0 6h32        <\/p>\n<p>C\u2019est un tout nouvel \u00e9v\u00e9nement que Ga\u00ebl Simon souhaite lancer \u00e0 Rennes : <strong>le march\u00e9 de cr\u00e9atrices et cr\u00e9ateurs Artchivers.\u00a0<\/strong><\/p>\n<p class=\" wall-content\">\u00c0 22 ans, le cr\u00e9ateur de la marque de v\u00eatements Sinoms avait \u00ab\u00a0du mal \u00e0 trouver un lieu\u00a0\u00bb permettant de concilier son envie d\u2019exposer son travail et celle de participer \u00e0 des \u00e9v\u00e9nements rassemblant d\u2019autres artistes et cr\u00e9ateurs, comme lui.\u00a0<\/p>\n<p class=\" wall-content\">De son constat est n\u00e9e une association, Artchivers, qui a pour but de <strong>\u00ab\u00a0mettre en valeur des cr\u00e9ateurs et cr\u00e9atrices locaux<\/strong> \u00e0 travers des \u00e9v\u00e9nements\u00a0\u00bb.\u00a0<\/p>\n<p>Jusqu\u2019\u00e0 75 exposants<\/p>\n<p class=\" wall-content\">Pour son premier \u00e9v\u00e9nement, Ga\u00ebl Simon a d\u00e9cid\u00e9 de lancer un march\u00e9 \u00ab\u00a0dans un lieu embl\u00e9matique de Rennes\u00a0\u00bb pouvant r\u00e9unir \u00ab\u00a050 \u00e0 60 exposants\u00a0\u00bb, <strong>dimanche 25 mai 2025.<\/strong> Le Rennais a donc jet\u00e9 son d\u00e9volu sur la <strong>halle Martenot<\/strong> de la place des Lices et ses 1 260 m2.\u00a0<\/p>\n<p class=\" wall-content\"><a href=\"https:\/\/www.instagram.com\/p\/DIb9EK6NUO4\/embed\" title=\"Ouvrir le lien sur Instagram\" rel=\"nofollow noopener\" target=\"_blank\">Visualiser le contenu sur Instagram<\/a><\/p>\n<p class=\" wall-content\">\u00ab\u00a0Cela permet de laisser la chance d\u2019exposer \u00e0 plus de monde\u00a0\u00bb, explique le fondateur d\u2019Artchivers qui a souhait\u00e9<strong> varier les styles<\/strong> de stands sur place. \u00ab\u00a0Il y aura de la photo, des tatoo, de la c\u00e9ramique, du macram\u00e9, du crochet\u2026\u00a0\u00bb, \u00e9num\u00e8re-t-il.\u00a0<\/p>\n<p>Vid\u00e9os : en ce moment sur Actu<\/p>\n<p class=\" wall-content\">Lors de notre \u00e9change avec Ga\u00ebl Simon, celui-ci indiquait qu\u2019<strong>une cinquantaine d\u2019exposants<\/strong> s\u2019\u00e9tait d\u00e9j\u00e0 inscrite. \u00ab\u00a0On peut aller jusqu\u2019\u00e0 maximum 75.\u00a0\u00bb<\/p>\n<p><strong>Infos pratiques :\u00a0<\/strong><br \/>Dimanche 25 mai 2025, Artchivers, march\u00e9 de cr\u00e9ateurs et cr\u00e9atrices, de 10 h \u00e0 22 h, halle Martenot, place des Lices \u00e0 Rennes. Entr\u00e9e gratuite.<\/p>\n<p class=\" wall-content\">Suivez toute l\u2019actualit\u00e9 de vos villes et m\u00e9dias favoris en vous inscrivant \u00e0 <a href=\"https:\/\/moncompte.actu.fr\" title=\"D\u00e9couvez Mon Actu\" rel=\"nofollow noopener\" data-trk=\"{&quot;cta&quot;:{&quot;action&quot;:&quot;https:\\\/\\\/moncompte.actu.fr&quot;,&quot;category&quot;:&quot;mon compte&quot;,&quot;from&quot;:&quot;article footer&quot;,&quot;name&quot;:&quot;Mon actu&quot;,&quot;type&quot;:&quot;cta&quot;}}\" target=\"_blank\">Mon Actu<\/a>.<\/p>\n<p>                    <script async src=\"\/\/www.instagram.com\/embed.js\"><\/script><\/p>\n","protected":false},"excerpt":{"rendered":"Par Cl\u00e9mence Pays Publi\u00e9 le 15 mai 2025 \u00e0 6h32 C\u2019est un tout nouvel \u00e9v\u00e9nement que Ga\u00ebl Simon&hellip;\n","protected":false},"author":2,"featured_media":101095,"comment_status":"","ping_status":"","sticky":false,"template":"","format":"standard","meta":{"footnotes":""},"categories":[2821],"tags":[1111,11,1477,829,1777,674,1011,27,1305,2089,12,584,25],"class_list":{"0":"post-101094","1":"post","2":"type-post","3":"status-publish","4":"format-standard","5":"has-post-thumbnail","7":"category-rennes","8":"tag-actu","9":"tag-actualites","10":"tag-artisanat","11":"tag-bretagne","12":"tag-eu","13":"tag-europe","14":"tag-fr","15":"tag-france","16":"tag-lifestyle","17":"tag-marche","18":"tag-news","19":"tag-rennes","20":"tag-republique-francaise"},"share_on_mastodon":{"url":"https:\/\/pubeurope.com\/@fr\/114510067369401769","error":""},"_links":{"self":[{"href":"https:\/\/www.europesays.com\/fr\/wp-json\/wp\/v2\/posts\/101094","targetHints":{"allow":["GET"]}}],"collection":[{"href":"https:\/\/www.europesays.com\/fr\/wp-json\/wp\/v2\/posts"}],"about":[{"href":"https:\/\/www.europesays.com\/fr\/wp-json\/wp\/v2\/types\/post"}],"author":[{"embeddable":true,"href":"https:\/\/www.europesays.com\/fr\/wp-json\/wp\/v2\/users\/2"}],"replies":[{"embeddable":true,"href":"https:\/\/www.europesays.com\/fr\/wp-json\/wp\/v2\/comments?post=101094"}],"version-history":[{"count":0,"href":"https:\/\/www.europesays.com\/fr\/wp-json\/wp\/v2\/posts\/101094\/revisions"}],"wp:featuredmedia":[{"embeddable":true,"href":"https:\/\/www.europesays.com\/fr\/wp-json\/wp\/v2\/media\/101095"}],"wp:attachment":[{"href":"https:\/\/www.europesays.com\/fr\/wp-json\/wp\/v2\/media?parent=101094"}],"wp:term":[{"taxonomy":"category","embeddable":true,"href":"https:\/\/www.europesays.com\/fr\/wp-json\/wp\/v2\/categories?post=101094"},{"taxonomy":"post_tag","embeddable":true,"href":"https:\/\/www.europesays.com\/fr\/wp-json\/wp\/v2\/tags?post=101094"}],"curies":[{"name":"wp","href":"https:\/\/api.w.org\/{rel}","templated":true}]}}