{"id":101106,"date":"2025-05-15T05:00:23","date_gmt":"2025-05-15T05:00:23","guid":{"rendered":"https:\/\/www.europesays.com\/fr\/101106\/"},"modified":"2025-05-15T05:00:23","modified_gmt":"2025-05-15T05:00:23","slug":"pour-le-retour-de-ce-festival-pres-de-nantes-la-ville-mettra-ses-talents-musicaux-a-lhonneur","status":"publish","type":"post","link":"https:\/\/www.europesays.com\/fr\/101106\/","title":{"rendered":"Pour le retour de ce festival pr\u00e8s de Nantes, la ville mettra ses talents musicaux \u00e0 l\u2019honneur"},"content":{"rendered":"<p>            Par<br \/>\n        <strong><br \/>\n            <a href=\"https:\/\/actu.fr\/auteur\/journaliste-sm\" title=\"Consulter tous les articles de R\u00e9daction Clisson\" target=\"_blank\" rel=\"noopener\">R\u00e9daction Clisson<\/a><br \/>\n        <\/strong><\/p>\n<p>        Publi\u00e9 le<\/p>\n<p>            14 mai 2025 \u00e0 19h16        <\/p>\n<p>Apr\u00e8s avoir accueilli <a href=\"https:\/\/www.laurentdejoie.com\/2010-06-05\/murray-head-ce-soir-a-charivari-a-vertou\/\" target=\"_blank\" rel=\"noopener\"><b>Murray Head<\/b><\/a>, <a href=\"https:\/\/www.youtube.com\/watch?v=08wEXmmZsKk\" target=\"_blank\" rel=\"noopener\"><b>Christophe Willem<\/b><\/a>, <a href=\"https:\/\/actu.fr\/pays-de-la-loire\/vertou_44215\/brigitte-ce-soir-a-charivari-et-cest-gratuit_9038860.html\" target=\"_blank\" rel=\"noopener\"><b>Brigitte<\/b><\/a>, <a href=\"https:\/\/www.youtube.com\/watch?v=YzJ_RHHLMss\" target=\"_blank\" rel=\"noopener\"><b>Nolwenn Leroy<\/b><\/a> ou encore <a href=\"https:\/\/arteos.blogspot.com\/2014\/06\/14-thomas-dutronc-charivari.html\" target=\"_blank\" rel=\"noopener\"><b>Thomas Dutronc <\/b><\/a>les ann\u00e9es pr\u00e9c\u00e9dentes,<a href=\"https:\/\/vertou.fr\/charivari-tout-savoir-sur-cette-13eme-edition\/\" target=\"_blank\" rel=\"noopener\"> la 13e \u00e9dition de Charivari <\/a>marque un<b> virage assum\u00e9 vers une sc\u00e8ne plus \u00e9mergente<\/b>, li\u00e9e au territoire. \u00ab\u2009Mais <b>pas moins ambitieuse<\/b>\u2009\u00bb, a martel\u00e9 Marie Sliwinski, adjointe \u00e0 la culture de <a href=\"https:\/\/actu.fr\/pays-de-la-loire\/vertou_44215\" target=\"_blank\" rel=\"noopener\"><b>Vertou<\/b><\/a>, lors de la pr\u00e9sentation de la programmation. Le maire Rodolphe Amailland a rappel\u00e9 l\u2019aspiration du festival, offert par la municipalit\u00e9\u2009:<\/p>\n<blockquote class=\"ac-article-quote wall-content\">\n<p>Nous sommes fiers de mettre en lumi\u00e8re les talents de notre territoire. Charivari est un \u00e9v\u00e9nement accessible, gratuit et ouvert \u00e0 tous et de qualit\u00e9. Ce festival, c\u2019est pour, par et avec les Vertaviens.<\/p>\n<\/blockquote>\n<p class=\" wall-content\">Une devise qui fait d\u00e9sormais \u00e9cho \u00e0 chaque \u00e9dition.<\/p>\n<p>      <img   decoding=\"async\" loading=\"lazy\" class=\"size-large\" src=\"https:\/\/www.europesays.com\/fr\/wp-content\/uploads\/2025\/05\/7df003510df76c10103510df7b5010v-960x640.jpg\" alt=\"L'artiste No\u00e9e est programm\u00e9 le samedi soir sur la sc\u00e8ne du Parc\" width=\"960\" height=\"640\"\/><br \/>\n    L\u2019artiste No\u00e9e est programm\u00e9e le samedi soir sur la sc\u00e8ne du Parc. \u00a9\u00a0No\u00e9e Francheteau<\/p>\n<p class=\" wall-content\">Deux jours de musique sont donc programm\u00e9s <b>les samedi 31\u00a0mai et dimanche 1er\u00a0juin <\/b>prochain au <a href=\"https:\/\/www.google.com\/maps\/place\/Parc+de+la+S%C3%A8vre\/@47.1659828,-1.4802498,642m\/data=!3m2!1e3!4b1!4m6!3m5!1s0x4805e8875f1b8767:0xc652623963f384ce!8m2!3d47.1659828!4d-1.4802498!16s%2Fg%2F1jglzb2cy?entry=ttu&amp;g_ep=EgoyMDI1MDUxMi4wIKXMDSoASAFQAw%3D%3D\" target=\"_blank\" rel=\"noopener\">Parc de la S\u00e8vre<\/a> apr\u00e8s une <b>nouvelle interruption* en 2024 en raison de la f\u00eate olympique<\/b> (avec le passage de la flamme \u00e0 la m\u00eame \u00e9poque). La ville esp\u00e8re que la convivialit\u00e9 ne se sera pas dissip\u00e9e dans ce laps de temps. Une 13e \u00e9dition qui <b>proposera plus d\u2019une vingtaine de spectacles<\/b> (contre une trentaine en 2023).<\/p>\n<p>Vid\u00e9os : en ce moment sur Actu<\/p>\n<p class=\" wall-content\">Cette ann\u00e9e donc, <b>place aux talents du territoire avec une programmation volontairement recentr\u00e9e sur la sc\u00e8ne locale<\/b>. Moins de \u00ab\u2009t\u00eates d\u2019affiche\u2009\u00bb au sens classique, mais une volont\u00e9 affirm\u00e9e de mettre en lumi\u00e8re les p\u00e9pites du cru.<\/p>\n<blockquote class=\"ac-article-quote wall-content\">\n<p>D\u2019ailleurs, c\u2019est quoi une t\u00eate d\u2019affiche\u2009? Cette expression m\u2019\u00e9nerve. Cette ann\u00e9e, il y en aura plusieurs\u2009!<\/p>\n<p>Marie Sliwinski un brin us\u00e9e qu\u2019on lui pose la question.<\/p><\/blockquote>\n<p>Elephanz et No\u00e9e, des talents vertaviens<\/p>\n<p class=\" wall-content\">En haut de l\u2019affiche justement\u2009: <a href=\"https:\/\/fr.wikipedia.org\/wiki\/Elephanz\" target=\"_blank\" rel=\"noopener\">Elephanz<\/a>, <b>groupe \u00e9lectro-pop, originaire de Vertou<\/b>, sera de retour \u00e0 domicile apr\u00e8s avoir parcouru les sc\u00e8nes nationales. Autre rendez-vous tr\u00e8s attendu\u2009: <a href=\"https:\/\/www.instagram.com\/noeeavec2e\/?hl=fr\" target=\"_blank\" rel=\"noopener\">No\u00e9e<\/a>, jeune artiste vertavienne \u00e9galement, <b>\u00e0 la voix singuli\u00e8re et \u00e0 l\u2019univers d\u00e9j\u00e0 bien affirm\u00e9<\/b>, tr\u00e8s suivie sur les r\u00e9seaux, d\u00e9j\u00e0 venue montrer un aper\u00e7u de son talent lors de la c\u00e9r\u00e9monie des v\u0153ux de 2022. Elle montera sur sc\u00e8ne le samedi en fin de soir\u00e9e, juste avant <a href=\"https:\/\/www.facebook.com\/archimedemusic\/?locale=fr_FR\" target=\"_blank\" rel=\"noopener\">Archim\u00e8de<\/a>, le duo pop-rock lavallois compos\u00e9 de <b>deux fr\u00e8res habitu\u00e9s des grands festivals et des refrains ent\u00eatants.<\/b> <a href=\"https:\/\/www.facebook.com\/lebaldesvarietistes\/?locale=fr_FR\" target=\"_blank\" rel=\"noopener\">Le Bal des Vari\u00e9tistes<\/a>, avec ses 17 musiciens sur sc\u00e8ne, venus de Nantes, viendra cl\u00f4turer la soir\u00e9e du samedi, en transformant s\u00fbrement la sc\u00e8ne, en v\u00e9ritable <b>piste de danse g\u00e9ante<\/b>.<\/p>\n<p>      <img   decoding=\"async\" loading=\"lazy\" class=\"size-large\" src=\"https:\/\/www.europesays.com\/fr\/wp-content\/uploads\/2025\/05\/7fde8372b4286d3ee8372b428b7ee8v-960x640.jpeg\" alt=\"-\" width=\"960\" height=\"640\"\/><br \/>\n    Le groupe Elephanz devrait enflammer Charivari. \u00a9Matt Dortomb<\/p>\n<p class=\" wall-content\">Sur la sc\u00e8ne du Parc, on retrouvera aussi <a href=\"https:\/\/losduendes.fr\/\" target=\"_blank\" rel=\"noopener\">Los Duendes<\/a>, qui ouvrira les festivit\u00e9s du dimanche avec ses sonorit\u00e9s flamenco, <a href=\"https:\/\/www.facebook.com\/leonieofficiel\/?locale=fr_FR\" target=\"_blank\" rel=\"noopener\">L\u00e9onie<\/a>, un <b>groupe aux tubes pop ensoleill\u00e9s<\/b> et le groupe <a href=\"https:\/\/www.facebook.com\/ukontherocks\/\" target=\"_blank\" rel=\"noopener\">UK on The Rocks<\/a> qui assurera la cl\u00f4ture du festival dimanche apr\u00e8s-midi avec ses <b>reprises rock endiabl\u00e9es.<\/b> En plus des groupes programm\u00e9s sur la sc\u00e8ne du Parc, de plusieurs autres groupes locaux se produiront sur la seconde sc\u00e8ne, la sc\u00e8ne de la Clairi\u00e8re et en d\u00e9ambulation sur le site du festival.<\/p>\n<p>    <a href=\"https:\/\/www.facebook.com\/plugins\/video.php?height=314&amp;href=https%3A%2F%2Fwww.facebook.com%2FVilleDeVertou%2Fvideos%2F1320997758972268%2F&amp;show_text=false&amp;width=350&amp;t=0\" title=\"Ouvrie le lien\" target=\"_blank\" rel=\"noopener\">Cliquez ici pour visualiser le contenu<\/a><\/p>\n<p>235\u2009000\u00a0\u20ac de budget<\/p>\n<p class=\" wall-content\">Charivari ce n\u2019est pas seulement de la musique. C\u2019est aussi une<b> aventure humaine et solidaire<\/b>. Au total, ce sont<b> 70\u00a0b\u00e9n\u00e9voles<\/b> (131 en 2023), avec la mobilisation de jeunes en passeport libert\u00e9 ou des associations comme L\u2019Arche ou Sevria. <b>L\u2019\u00e9v\u00e9nement s\u2019inscrit \u00e9galement dans une d\u00e9marche \u00e9coresponsable\u2009<\/b>: tri des d\u00e9chets (14\u2009000 litres tri\u00e9s en 2023), bo\u00eetes nomades consign\u00e9es sur les foodtrucks, compost, parcs \u00e0 v\u00e9los, et m\u00eame une plateforme d\u00e9di\u00e9e \u00e0 l\u2019accueil des personnes en situation de handicap, encadr\u00e9es par des b\u00e9n\u00e9voles.<\/p>\n<p class=\" wall-content\"><b>Le budget de 235\u2009000\u00a0\u20ac cette ann\u00e9e, reste stable par rapport aux pr\u00e9c\u00e9dentes \u00e9ditions. <\/b>Tout restera cadr\u00e9 niveau s\u00e9curit\u00e9. Deux entr\u00e9es sont pr\u00e9vues,<b> une jauge limit\u00e9e \u00e0 12\u2009000\u00a0personnes<\/b> (plus de 30\u2009000 au total sur les deux jours en 2023), et le bar sera g\u00e9r\u00e9 par une \u00e9quipe salari\u00e9e en autonomie.<\/p>\n<p>Une formule biennale\u2009?<\/p>\n<blockquote class=\"ac-article-quote wall-content\">\n<p>Depuis 2009, Charivari s\u2019est install\u00e9 dans le paysage vertavien comme un rendez-vous attendu, familial et f\u00e9d\u00e9rateur. Je ne pensais pas que \u00e7a allait prendre cette ampleur.<\/p>\n<p>Marie Sliwinski.<\/p><\/blockquote>\n<p class=\" wall-content\">Entre ambiance guinguette, concerts en plein air, foodtrucks et animations, tout est r\u00e9uni pour<b> un week-end festif<\/b>, sans pr\u00e9tention mais avec une vraie identit\u00e9. <b>Si la ville envisage d\u2019alterner avec une formule biennale sur le prochain mandat<\/b>, rien n\u2019est act\u00e9. Ce qui est s\u00fbr en revanche, c\u2019est que cette \u00e9dition 2025 promet, encore une fois, de faire battre le c\u0153ur des Vertaviens.<\/p>\n<p class=\" wall-content\">* Les \u00e9ditions de 2020, 2021 et 2022 avaient \u00e9t\u00e9 annul\u00e9es \u00e0 cause de la crise sanitaire d\u2019une part et des travaux d\u2019autre part.<\/p>\n<p>L\u2019\u00e9dition 2025 de Charivari se tiendra les vendredi 31\u00a0mai et samedi 1er\u00a0juin, dans le parc de la S\u00e8vre \u00e0 Vertou. L\u2019acc\u00e8s est libre et gratuit, et la programmation compl\u00e8te est \u00e0 retrouver sur le site de la Ville\u2009: www.vertou.fr<\/p>\n<p class=\" wall-content\">Suivez toute l\u2019actualit\u00e9 de vos villes et m\u00e9dias favoris en vous inscrivant \u00e0 <a href=\"https:\/\/moncompte.actu.fr\" title=\"D\u00e9couvez Mon Actu\" rel=\"nofollow noopener\" data-trk=\"{&quot;cta&quot;:{&quot;action&quot;:&quot;https:\\\/\\\/moncompte.actu.fr&quot;,&quot;category&quot;:&quot;mon compte&quot;,&quot;from&quot;:&quot;article footer&quot;,&quot;name&quot;:&quot;Mon actu&quot;,&quot;type&quot;:&quot;cta&quot;}}\" target=\"_blank\">Mon Actu<\/a>.<\/p>\n<p>                    <script async src=\"\/\/www.instagram.com\/embed.js\"><\/script><\/p>\n","protected":false},"excerpt":{"rendered":"Par R\u00e9daction Clisson Publi\u00e9 le 14 mai 2025 \u00e0 19h16 Apr\u00e8s avoir accueilli Murray Head, Christophe Willem, Brigitte,&hellip;\n","protected":false},"author":2,"featured_media":101107,"comment_status":"","ping_status":"","sticky":false,"template":"","format":"standard","meta":{"footnotes":""},"categories":[2818],"tags":[1111,11,1695,1777,674,1011,27,1652,766,12,2636,25,853,2900],"class_list":{"0":"post-101106","1":"post","2":"type-post","3":"status-publish","4":"format-standard","5":"has-post-thumbnail","7":"category-nantes","8":"tag-actu","9":"tag-actualites","10":"tag-chanson","11":"tag-eu","12":"tag-europe","13":"tag-fr","14":"tag-france","15":"tag-loisirs-culture","16":"tag-nantes","17":"tag-news","18":"tag-pays-de-la-loire","19":"tag-republique-francaise","20":"tag-spectacles","21":"tag-vignoble-nantais"},"share_on_mastodon":{"url":"https:\/\/pubeurope.com\/@fr\/114510091009767837","error":""},"_links":{"self":[{"href":"https:\/\/www.europesays.com\/fr\/wp-json\/wp\/v2\/posts\/101106","targetHints":{"allow":["GET"]}}],"collection":[{"href":"https:\/\/www.europesays.com\/fr\/wp-json\/wp\/v2\/posts"}],"about":[{"href":"https:\/\/www.europesays.com\/fr\/wp-json\/wp\/v2\/types\/post"}],"author":[{"embeddable":true,"href":"https:\/\/www.europesays.com\/fr\/wp-json\/wp\/v2\/users\/2"}],"replies":[{"embeddable":true,"href":"https:\/\/www.europesays.com\/fr\/wp-json\/wp\/v2\/comments?post=101106"}],"version-history":[{"count":0,"href":"https:\/\/www.europesays.com\/fr\/wp-json\/wp\/v2\/posts\/101106\/revisions"}],"wp:featuredmedia":[{"embeddable":true,"href":"https:\/\/www.europesays.com\/fr\/wp-json\/wp\/v2\/media\/101107"}],"wp:attachment":[{"href":"https:\/\/www.europesays.com\/fr\/wp-json\/wp\/v2\/media?parent=101106"}],"wp:term":[{"taxonomy":"category","embeddable":true,"href":"https:\/\/www.europesays.com\/fr\/wp-json\/wp\/v2\/categories?post=101106"},{"taxonomy":"post_tag","embeddable":true,"href":"https:\/\/www.europesays.com\/fr\/wp-json\/wp\/v2\/tags?post=101106"}],"curies":[{"name":"wp","href":"https:\/\/api.w.org\/{rel}","templated":true}]}}