{"id":101118,"date":"2025-05-15T05:06:14","date_gmt":"2025-05-15T05:06:14","guid":{"rendered":"https:\/\/www.europesays.com\/fr\/101118\/"},"modified":"2025-05-15T05:06:14","modified_gmt":"2025-05-15T05:06:14","slug":"insolite-ces-rois-du-pare-brise-saffrontent-a-seclin-dans-la-course-a-un-championnat-mondial","status":"publish","type":"post","link":"https:\/\/www.europesays.com\/fr\/101118\/","title":{"rendered":"Insolite. Ces \u00ab rois du pare-brise \u00bb s\u2019affrontent \u00e0 Seclin dans la course \u00e0 un championnat mondial"},"content":{"rendered":"<p>            Par<br \/>\n        <strong><br \/>\n            <a href=\"https:\/\/actu.fr\/auteur\/amandine-vachez\" title=\"Consulter tous les articles de Amandine Vachez\" rel=\"nofollow noopener\" target=\"_blank\">Amandine Vachez<\/a><br \/>\n        <\/strong><\/p>\n<p>        Publi\u00e9 le<\/p>\n<p>            15 mai 2025 \u00e0 6h14        <\/p>\n<p>C\u2019est une comp\u00e9tition hors du commun, tr\u00e8s s\u00e9rieuse, et impressionnante \u00e0 regarder. Une <b>demi-finale nationale du championnat Best of Belron <\/b>a vu des <b>\u00ab\u2009rois du pare-brise\u2009\u00bb<\/b> s\u2019affronter dans un <b>atelier \u00e0 <a href=\"https:\/\/actu.fr\/hauts-de-france\/seclin_59560\" rel=\"nofollow noopener\" target=\"_blank\">Seclin<\/a> <\/b>(Nord), c<b>e mercredi 14\u00a0mai 2025<\/b>. Ambiance.<\/p>\n<p>Une finale nationale, puis mondiale en 2026<\/p>\n<p class=\" wall-content\">Les gestes sont pr\u00e9cis, les process tr\u00e8s calibr\u00e9s, et le stress \u00e9tait palpable, malgr\u00e9 une bonne ambiance g\u00e9n\u00e9rale. Ce mercredi 14\u00a0mai, une comp\u00e9tition singuli\u00e8re s\u2019est tenue dans les locaux tout neufs du centre Carglass de Seclin. Il s\u2019agissait d\u2019une<b> \u00e9preuve qualificative<\/b> tr\u00e8s s\u00e9rieuse, dans le cadre de<b> \u00ab\u2009Best of Belron\u2009\u00bb, championnat du monde de remplacement de pare-brise<\/b>, organis\u00e9 par le groupe du m\u00eame nom. Belron, la maison m\u00e8re de Carglass, pr\u00e9sente dans une quarantaine de pays, a ainsi \u00e0 c\u0153ur de mettre en avant le savoir-faire de ses techniciens, \u00ab\u2009tous form\u00e9s chez nous\u2009\u00bb, insiste le repr\u00e9sentant de Carglass sur place S\u00e9bastien Guyot.<\/p>\n<p class=\" wall-content\">Ce mercredi, <b>neuf candidats des r\u00e9gions Nord et Ouest<\/b> \u2013 que des hommes cette ann\u00e9e \u2013 se sont affront\u00e9s dans le Nord pour obtenir trois places en finale nationale. \u00ab\u2009La finale se tiendra en \u00cele-de-France en fin d\u2019ann\u00e9e. Le gagnant repr\u00e9sentera la France au championnat du monde, qui se tient tous les deux ans et met en comp\u00e9tition une trentaine de pays\u2009\u00bb, explique notre interlocuteur. La prochaine aura lieu en 2026 \u00e0 Lisbonne.<\/p>\n<blockquote class=\"ac-article-quote wall-content\">\n<p>Nous formons tous nos techniciens, dans le monde entier. Nous nous basons sur les m\u00eames crit\u00e8res\u2009: un sens du service et une habilet\u00e9 manuelle.<\/p>\n<p>S\u00e9bastien Guyot, de chez Carglass France.<\/p><\/blockquote>\n<p>      <img   decoding=\"async\" loading=\"lazy\" class=\"size-large\" src=\"https:\/\/www.europesays.com\/fr\/wp-content\/uploads\/2025\/05\/2e8fed3bb4286129fed3bb428f59fev-960x640.jpeg\" alt=\"Chacun des neuf candidats a pass\u00e9 deux \u00e9preuves qualificatives. En fin de journ\u00e9e, trois ont \u00e9t\u00e9 retenus.\" width=\"960\" height=\"640\"\/><br \/>\n    Chacun des neuf candidats a pass\u00e9 deux \u00e9preuves qualificatives. En fin de journ\u00e9e, trois ont \u00e9t\u00e9 retenus. \u00a9Amandine VachezDeux \u00e9preuves pour briller<\/p>\n<p class=\" wall-content\">Si vous avez d\u00e9j\u00e0 fait remplacer votre pare-brise et vu les sp\u00e9cialistes \u00e0 l\u2019\u0153uvre, vous savez d\u00e9j\u00e0 que le savoir-faire des techniciens de l\u2019enseigne est impressionnant. Pendant cette comp\u00e9tition, ce a \u00e9t\u00e9 mis en valeur, dans deux \u00e9preuves. D\u2019abord,<b> 35\u00a0minutes pour une r\u00e9paration d\u2019impact<\/b>, puis <b>1\u2009h\u200940 pour le remplacement d\u2019un pare-brise et recalibrage. <\/b>\u00ab\u2009Un jury suit les candidats tout au long de l\u2019\u00e9preuve pour les noter sur divers points\u2009\u00bb, pr\u00e9sente S\u00e9bastien Guillot. En effet, le duo affubl\u00e9 d\u2019un t-shirt rouge scrute chacun des mouvements, et \u00e9change r\u00e9guli\u00e8rement avec le candidat, qui apporte des pr\u00e9cisions sur ce qu\u2019il fait. Surtout dans les moments d\u2019impr\u00e9vus\u2009: cela permet de voir comment chacun rebondit et g\u00e8re la situation.<\/p>\n<p>Entre 7 et 15\u00a0ans d\u2019exp\u00e9rience<br \/>\n      <img   decoding=\"async\" loading=\"lazy\" class=\"size-large\" src=\"https:\/\/www.europesays.com\/fr\/wp-content\/uploads\/2025\/05\/c8dbed3bb4286ccdbed3bb428b0ebev-960x640.jpeg\" alt=\"Les membres du jury scrutent toutes les \u00e9tapes et prennent note. Deux suivent chaque candidat (ici Axel, expert polyvalent, 7 ans d'exp\u00e9rience).\" width=\"960\" height=\"640\"\/><br \/>\n    Les membres du jury scrutent toutes les \u00e9tapes et prennent note. Deux suivent chaque candidat (ici Axel, expert polyvalent, 7\u00a0ans d\u2019exp\u00e9rience). \u00a9Amandine Vachez<\/p>\n<p class=\" wall-content\">Le stress \u00e9tait palpable, dans l\u2019apr\u00e8s-midi. Parmi les candidats de cette seconde partie d\u2019\u00e9preuves, des techniciens et chefs d\u2019ateliers, avec entre 7 et 15\u00a0ans d\u2019exp\u00e9rience\u2009! S\u00e9bastien Bonin, venu de Brive-la-Gaillarde, a termin\u00e9 la premi\u00e8re \u00e9preuve \u00e0 l\u2019avance sur le temps imparti (m\u00eame si ce n\u2019est pas une course). Pour lui, \u00e7a s\u2019est \u00ab\u2009plut\u00f4t bien pass\u00e9, mais chaudement\u2009\u00bb, confie-t-il dans un sourire. Pour lui, c\u2019est la premi\u00e8re participation. Un de ses coll\u00e8gues avait particip\u00e9 \u00e0 la comp\u00e9tition, quelques ann\u00e9es avant. Il s\u2019est pr\u00e9par\u00e9 pendant un mois. \u00ab\u2009Le jour de l\u2019\u00e9preuve, ce n\u2019est pas pareil. Il y a le stress.\u2009\u00bb \u00ab\u2009Il ne se laisse pas envahir par le stress\u2009\u00bb, a-t-on justement entendu, dans l\u2019assistance. Tout comme un de ses voisins, qui murmure au fil du d\u00e9roul\u00e9 les \u00e9tapes franchies.<\/p>\n<p>La championne de France pour contr\u00f4ler<br \/>\n      <img   decoding=\"async\" loading=\"lazy\" class=\"size-large\" src=\"https:\/\/www.europesays.com\/fr\/wp-content\/uploads\/2025\/05\/88d3806cb4286acd3806cb42890e38v-960x640.jpeg\" alt=\"Marine Aguilar, championne de France en titre de Best of Belron, \u00e9tait pr\u00e9sente ce mercredi 14 mai \u00e0 Seclin (Nord) pour juger la qualit\u00e9 du travail des candidats au championnat de 2025.\" width=\"960\" height=\"640\"\/><br \/>\n    Marine Aguilar, championne de France en titre de Best of Belron, \u00e9tait pr\u00e9sente ce mercredi 14\u00a0mai \u00e0 Seclin (Nord) pour juger la qualit\u00e9 du travail des candidats au championnat de 2025. \u00a9Amandine Vachez<\/p>\n<p class=\" wall-content\">Apr\u00e8s l\u2019\u00e9preuve, une autre \u00e9quipe s\u2019agglutine autour des voitures, lou\u00e9es pour l\u2019occasion. Il s\u2019agit des<b> juges qualit\u00e9<\/b>. Parmi l\u2019\u00e9quipe de blanc v\u00eatue, Marine Aguilar, championne de France du remplacement de pare-brise\u2009! La jeune femme originaire du sud \u2013 on l\u2019entend vite \u00e0 son bel accent chantant \u2013 a \u00e9t\u00e9 \u00ab\u2009couronn\u00e9e\u2009\u00bb en 2023.<\/p>\n<p class=\" wall-content\">Pour elle, c\u2019\u00e9tait une premi\u00e8re. \u00ab\u2009Je retrouve des candidats contre lesquels j\u2019ai \u00e9t\u00e9\u2009\u00bb, s\u2019amuse-t-elle. \u00ab\u2009<b>Que l\u2019on gagne ou que l\u2019on perde, c\u2019est une vraie exp\u00e9rience<\/b>. Et c\u2019est valorisant pour nous, c\u2019est une belle reconnaissance\u2009\u00bb, a soulign\u00e9 la sp\u00e9cialiste, entr\u00e9e chez Carglass en tant que technicienne et qui est aujourd\u2019hui cheffe d\u2019atelier. Un bel exemple de r\u00e9ussite qui ne sera pas le dernier.<\/p>\n<p class=\" wall-content\">Suivez toute l\u2019actualit\u00e9 de vos villes et m\u00e9dias favoris en vous inscrivant \u00e0 <a href=\"https:\/\/moncompte.actu.fr\" title=\"D\u00e9couvez Mon Actu\" rel=\"nofollow noopener\" data-trk=\"{&quot;cta&quot;:{&quot;action&quot;:&quot;https:\\\/\\\/moncompte.actu.fr&quot;,&quot;category&quot;:&quot;mon compte&quot;,&quot;from&quot;:&quot;article footer&quot;,&quot;name&quot;:&quot;Mon actu&quot;,&quot;type&quot;:&quot;cta&quot;}}\" target=\"_blank\">Mon Actu<\/a>.<\/p>\n","protected":false},"excerpt":{"rendered":"Par Amandine Vachez Publi\u00e9 le 15 mai 2025 \u00e0 6h14 C\u2019est une comp\u00e9tition hors du commun, tr\u00e8s s\u00e9rieuse,&hellip;\n","protected":false},"author":2,"featured_media":101119,"comment_status":"","ping_status":"","sticky":false,"template":"","format":"standard","meta":{"footnotes":""},"categories":[2815],"tags":[1111,11,1777,674,1011,27,811,1757,1307,12,25,104],"class_list":{"0":"post-101118","1":"post","2":"type-post","3":"status-publish","4":"format-standard","5":"has-post-thumbnail","7":"category-lille","8":"tag-actu","9":"tag-actualites","10":"tag-eu","11":"tag-europe","12":"tag-fr","13":"tag-france","14":"tag-hauts-de-france","15":"tag-insolite","16":"tag-lille","17":"tag-news","18":"tag-republique-francaise","19":"tag-societe"},"share_on_mastodon":{"url":"https:\/\/pubeurope.com\/@fr\/114510114673109409","error":""},"_links":{"self":[{"href":"https:\/\/www.europesays.com\/fr\/wp-json\/wp\/v2\/posts\/101118","targetHints":{"allow":["GET"]}}],"collection":[{"href":"https:\/\/www.europesays.com\/fr\/wp-json\/wp\/v2\/posts"}],"about":[{"href":"https:\/\/www.europesays.com\/fr\/wp-json\/wp\/v2\/types\/post"}],"author":[{"embeddable":true,"href":"https:\/\/www.europesays.com\/fr\/wp-json\/wp\/v2\/users\/2"}],"replies":[{"embeddable":true,"href":"https:\/\/www.europesays.com\/fr\/wp-json\/wp\/v2\/comments?post=101118"}],"version-history":[{"count":0,"href":"https:\/\/www.europesays.com\/fr\/wp-json\/wp\/v2\/posts\/101118\/revisions"}],"wp:featuredmedia":[{"embeddable":true,"href":"https:\/\/www.europesays.com\/fr\/wp-json\/wp\/v2\/media\/101119"}],"wp:attachment":[{"href":"https:\/\/www.europesays.com\/fr\/wp-json\/wp\/v2\/media?parent=101118"}],"wp:term":[{"taxonomy":"category","embeddable":true,"href":"https:\/\/www.europesays.com\/fr\/wp-json\/wp\/v2\/categories?post=101118"},{"taxonomy":"post_tag","embeddable":true,"href":"https:\/\/www.europesays.com\/fr\/wp-json\/wp\/v2\/tags?post=101118"}],"curies":[{"name":"wp","href":"https:\/\/api.w.org\/{rel}","templated":true}]}}