{"id":101122,"date":"2025-05-15T05:08:09","date_gmt":"2025-05-15T05:08:09","guid":{"rendered":"https:\/\/www.europesays.com\/fr\/101122\/"},"modified":"2025-05-15T05:08:09","modified_gmt":"2025-05-15T05:08:09","slug":"lecole-de-la-liberte","status":"publish","type":"post","link":"https:\/\/www.europesays.com\/fr\/101122\/","title":{"rendered":"L\u2019\u00e9cole de la libert\u00e9"},"content":{"rendered":"\n<p>Ville monde et \u00e0 hauteur d\u2019enfants, Marseille est le creuset id\u00e9al pour accueillir les rencontres internationales de la classe dehors jusqu\u2019au samedi 17\u00a0mai. Un concept que ses initiateurs, la fabrique des communs p\u00e9dagogiques, entendent populariser au bord des rives du Lacydon tant ses objectifs \u00e9pousent les grands d\u00e9fis de notre \u00e9poque\u00a0: le respect de la nature, la n\u00e9cessit\u00e9 d\u2019\u0153uvrer \u00e0 contrer le r\u00e9chauffement climatique par la connaissance, l\u2019ouverture \u00e0 la cit\u00e9, l\u2019urbanit\u00e9, autrement dit \u00e0 la citoyennet\u00e9 pleine et enti\u00e8re. L\u2019\u00e9cole ne peut rester corset\u00e9e et des d\u00e9cisions doivent \u00eatre prises pour permettre \u00e0 de plus en plus d\u2019\u00e9tablissements d\u2019engager des temps de classes hors les murs.<\/p>\n<p><b>P\u00e9dagogie de l\u2019ouverture<\/b><\/p>\n<p>Cette p\u00e9dagogie de l\u2019ouverture rassemble des professionnels issus de nombreuses disciplines. Outre les enseignants, des chercheurs, des associations sont de l\u2019aventure. Cette large communaut\u00e9 \u00e9ducative exp\u00e9rimente diff\u00e9rentes fa\u00e7ons d\u2019acqu\u00e9rir des savoirs, parmi les plus fondamentaux.<\/p>\n<p>Fran\u00e7ais, math\u00e9matiques, arts plastiques, sport, sciences de la vie, langues vivantes, histoire, g\u00e9ographie. toutes les mati\u00e8res des programmes scolaires peuvent se d\u00e9cliner \u00e0 l\u2019ombre des arbres, dans un jardin, ou simplement dans la cour de r\u00e9cr\u00e9. Ce pas de c\u00f4t\u00e9 propos\u00e9 par la classe dehors est riche de promesses d\u2019\u00e9mancipation. Les enfants peuvent y aiguiser leur regard, aff\u00fbter leur sensibilit\u00e9 pour construire une citoyennet\u00e9 vivante et b\u00e2tir ainsi un rapport au monde o\u00f9 tous seront acteurs.<\/p>\n","protected":false},"excerpt":{"rendered":"Ville monde et \u00e0 hauteur d\u2019enfants, Marseille est le creuset id\u00e9al pour accueillir les rencontres internationales de la&hellip;\n","protected":false},"author":2,"featured_media":101123,"comment_status":"","ping_status":"","sticky":false,"template":"","format":"standard","meta":{"footnotes":""},"categories":[2814],"tags":[1111,11,1777,674,1011,27,884,12,15757,882,25],"class_list":{"0":"post-101122","1":"post","2":"type-post","3":"status-publish","4":"format-standard","5":"has-post-thumbnail","7":"category-marseille","8":"tag-actu","9":"tag-actualites","10":"tag-eu","11":"tag-europe","12":"tag-fr","13":"tag-france","14":"tag-marseille","15":"tag-news","16":"tag-pedagogique","17":"tag-provence-alpes-cote-dazur","18":"tag-republique-francaise"},"share_on_mastodon":{"url":"https:\/\/pubeurope.com\/@fr\/114510122524999652","error":""},"_links":{"self":[{"href":"https:\/\/www.europesays.com\/fr\/wp-json\/wp\/v2\/posts\/101122","targetHints":{"allow":["GET"]}}],"collection":[{"href":"https:\/\/www.europesays.com\/fr\/wp-json\/wp\/v2\/posts"}],"about":[{"href":"https:\/\/www.europesays.com\/fr\/wp-json\/wp\/v2\/types\/post"}],"author":[{"embeddable":true,"href":"https:\/\/www.europesays.com\/fr\/wp-json\/wp\/v2\/users\/2"}],"replies":[{"embeddable":true,"href":"https:\/\/www.europesays.com\/fr\/wp-json\/wp\/v2\/comments?post=101122"}],"version-history":[{"count":0,"href":"https:\/\/www.europesays.com\/fr\/wp-json\/wp\/v2\/posts\/101122\/revisions"}],"wp:featuredmedia":[{"embeddable":true,"href":"https:\/\/www.europesays.com\/fr\/wp-json\/wp\/v2\/media\/101123"}],"wp:attachment":[{"href":"https:\/\/www.europesays.com\/fr\/wp-json\/wp\/v2\/media?parent=101122"}],"wp:term":[{"taxonomy":"category","embeddable":true,"href":"https:\/\/www.europesays.com\/fr\/wp-json\/wp\/v2\/categories?post=101122"},{"taxonomy":"post_tag","embeddable":true,"href":"https:\/\/www.europesays.com\/fr\/wp-json\/wp\/v2\/tags?post=101122"}],"curies":[{"name":"wp","href":"https:\/\/api.w.org\/{rel}","templated":true}]}}