{"id":101128,"date":"2025-05-15T05:11:10","date_gmt":"2025-05-15T05:11:10","guid":{"rendered":"https:\/\/www.europesays.com\/fr\/101128\/"},"modified":"2025-05-15T05:11:10","modified_gmt":"2025-05-15T05:11:10","slug":"musique-dua-lipa-arrive-en-france-pour-quatre-concerts-exceptionnels-a-lyon-et-paris-trois-choses-a-savoir","status":"publish","type":"post","link":"https:\/\/www.europesays.com\/fr\/101128\/","title":{"rendered":"Musique. Dua Lipa arrive en France\u00a0pour quatre concerts exceptionnels \u00e0 Lyon et Paris : trois choses \u00e0 savoir"},"content":{"rendered":"<p>  Une (vraie) chanteuse engag\u00e9e<\/p>\n<p>Comme aiment le d\u00e9fendre ses fans, Dua Lipa n\u2019est pas \u00ab\u00a0une \u00e9ni\u00e8me chanteuse en slip \u00e0 paillettes sur des ballades\u00a0!\u00a0\u00bb. Certes, elle le porte bien, mais <a href=\"https:\/\/www.leprogres.fr\/culture-loisirs\/2025\/05\/10\/bio-paillettes-optimisme-radical-revisez-votre-dua-lipa-avant-ses-deux-shows-evenements-a-la-ldlc-arena\" target=\"_blank\" rel=\"noopener\">la Britanno-albanaise<\/a>, dont la famille a fui le Kosovo pendant les guerres de Yougoslavie, est surtout une chanteuse engag\u00e9e, ambassadrice honorifique du Kosovo, qui s\u2019est fait conna\u00eetre d\u00e8s l\u2019\u00e2ge de 14 ans en reprenant des tubes pop sur Youtube et est aussi auteure-compositrice. Elle a une voix (de mezzo soprano) qu\u2019elle a m\u00eal\u00e9e \u00e0 celles des plus grands lors de nombreux duos\u00a0: Calvin Harris, Elton John, Madonna\u2026 Multi-prim\u00e9e (records d\u2019\u00e9coutes, Grammys, British awards, records au Guinness book\u2026), \u00ab\u00a0Radical optimism\u00a0\u00bb est son 3e\u00a0 album studio, et aussi le nom de sa tourn\u00e9e. Ancien mannequin, pass\u00e9e parle cin\u00e9ma, elle est l\u2019\u00e9g\u00e9rie d\u2019Yves Saint-Laurent.<\/p>\n<p>  Dua Lipa et la France<\/p>\n<p>Dua Lipa \u00ab\u00a0adore la France\u00a0\u00bb, y vient r\u00e9guli\u00e8rement, s\u2019y est d\u00e9j\u00e0 produite, et parle (et chante) r\u00e9guli\u00e8rement en fran\u00e7ais. Ses fans (les \u00ab\u00a0Loves\u00a0\u00bb) fran\u00e7ais sont plusieurs dizaines de milliers sur les r\u00e9seaux sociaux. Elle dit avoir un lien particulier avec notre pays, vante r\u00e9guli\u00e8rement notre gastronomie et a \u00e9t\u00e9 l\u2019ambassadrice mondiale de l\u2019eau d\u2019Evian.<\/p>\n<p>  \u00a0Quatre concerts en France<\/p>\n<p>Deux \u00e0 Lyon, deux \u00e0 Paris, <a href=\"https:\/\/www.leprogres.fr\/culture-loisirs\/2024\/09\/20\/dua-lipa-les-places-pour-ses-deux-concerts-s-envolent-en-quelques-minutes\" target=\"_blank\" rel=\"noopener\">archi complets et les billets se sont envol\u00e9s en quelques minutes<\/a>. L\u2019un des concerts-\u00e9v\u00e9nements de l\u2019ann\u00e9e. Son concert, avec comme premi\u00e8re partie en France la jeune voix monte de la pop britannique, Alessi Rose, dure pr\u00e8s de deux heures et est d\u00e9coup\u00e9 en 5 actes, qui revisitent ses diff\u00e9rents albums.<\/p>\n<p>Le moment-culte\u00a0? Quand elle s\u2019envole dans les airs autour d\u2019un cercle de feu. Ce qu\u2019attendent les fans\u00a0? Les chansons surprises, choisies chaque soir dans le r\u00e9pertoire du pays du concert, et des invit\u00e9s surprises, eux aussi \u00ab\u00a0locaux\u00a0\u00bb. Les \u00ab\u00a0Loves\u00a0\u00bb, qui ont pr\u00e9vu de dormir \u00e0 l\u2019entr\u00e9e des salles plusieurs avant les concerts, lui pr\u00e9parent eux aussi des surprises avec des gommettes de couleur \u00e0 placer sur son t\u00e9l\u00e9phone sur des titres choisis. Et esp\u00e8rent entendre, en exclusivit\u00e9, sa nouvelle chanson, bien nomm\u00e9e French exit.<\/p>\n<p>  Lady Gaga, Dua Lipa, Katy Perry\u2026 les chanteuses pop ont le vent en poupe<\/p>\n<p>\u00ab\u00a0Who runs the world\u00a0? Girls\u00a0\u00bb chante Beyonc\u00e9. Ce ne sont pas Dua Lipa, Taylor Swift ou Lady Gaga qui diront le contraire cette ann\u00e9e. Ces chanteuses pop, qui ont pour point commun de g\u00e9rer leur carri\u00e8re et leur image d\u2019une main de ma\u00eetre (sse), influentes, sont les reines de l\u2019industrie musicale, avec des records d\u2019\u00e9coute, des tourn\u00e9es mondiales, des shows spectaculaires et des billetteries qui explosent d\u00e8s leur ouverture. Plusieurs (presque toutes) passent par la France cette ann\u00e9e, o\u00f9 Taylor Swift proposait son \u00ab\u00a0Era\u2019s tour\u00a0\u00bb il y a tout juste un an\u00a0: Dua Lipa en mai, Katy Perry \u00e0 l\u2019automne, Lady Gaga en novembre\u2026 Tous les shows affichent complets.<\/p>\n<p class=\"insetTitle\">Lady Gaga, Dua Lipa, Katy Perry\u2026 les chanteuses pop ont le vent en poupe<\/p>\n<p>\u00ab\u00a0Who runs the world\u00a0? Girls\u00a0\u00bb chante Beyonc\u00e9. Ce ne sont pas Dua Lipa, Taylor Swift ou Lady Gaga qui diront le contraire cette ann\u00e9e. Ces chanteuses pop, qui ont pour point commun de g\u00e9rer leur carri\u00e8re et leur image d\u2019une main de ma\u00eetre (sse), influentes, sont les reines de l\u2019industrie musicale, avec des records d\u2019\u00e9coute, des tourn\u00e9es mondiales, des shows spectaculaires et des billetteries qui explosent d\u00e8s leur ouverture. Plusieurs (presque toutes) passent par la France cette ann\u00e9e, o\u00f9 Taylor Swift proposait son \u00ab\u00a0Era\u2019s tour\u00a0\u00bb il y a tout juste un an\u00a0: Dua Lipa en mai, Katy Perry \u00e0 l\u2019automne, Lady Gaga en novembre\u2026 Tous les shows affichent complets.<\/p>\n","protected":false},"excerpt":{"rendered":"Une (vraie) chanteuse engag\u00e9e Comme aiment le d\u00e9fendre ses fans, Dua Lipa n\u2019est pas \u00ab\u00a0une \u00e9ni\u00e8me chanteuse en&hellip;\n","protected":false},"author":2,"featured_media":101129,"comment_status":"","ping_status":"","sticky":false,"template":"","format":"standard","meta":{"footnotes":""},"categories":[1889],"tags":[1111,11,2430,1687,2757,1777,674,107,1011,27,2428,2756,873,12,25,2429,273,3151],"class_list":{"0":"post-101128","1":"post","2":"type-post","3":"status-publish","4":"format-standard","5":"has-post-thumbnail","7":"category-lyon","8":"tag-actu","9":"tag-actualites","10":"tag-auvergne-rhone-alpes","11":"tag-culture-loisirs","12":"tag-edition-lyon-villeurbanne","13":"tag-eu","14":"tag-europe","15":"tag-fil-info","16":"tag-fr","17":"tag-france","18":"tag-lyon","19":"tag-lyon-bassin","20":"tag-musique","21":"tag-news","22":"tag-republique-francaise","23":"tag-rhone","24":"tag-selection-de-la-redaction","25":"tag-selection-de-la-redaction-69"},"share_on_mastodon":{"url":"https:\/\/pubeurope.com\/@fr\/114510134281817331","error":""},"_links":{"self":[{"href":"https:\/\/www.europesays.com\/fr\/wp-json\/wp\/v2\/posts\/101128","targetHints":{"allow":["GET"]}}],"collection":[{"href":"https:\/\/www.europesays.com\/fr\/wp-json\/wp\/v2\/posts"}],"about":[{"href":"https:\/\/www.europesays.com\/fr\/wp-json\/wp\/v2\/types\/post"}],"author":[{"embeddable":true,"href":"https:\/\/www.europesays.com\/fr\/wp-json\/wp\/v2\/users\/2"}],"replies":[{"embeddable":true,"href":"https:\/\/www.europesays.com\/fr\/wp-json\/wp\/v2\/comments?post=101128"}],"version-history":[{"count":0,"href":"https:\/\/www.europesays.com\/fr\/wp-json\/wp\/v2\/posts\/101128\/revisions"}],"wp:featuredmedia":[{"embeddable":true,"href":"https:\/\/www.europesays.com\/fr\/wp-json\/wp\/v2\/media\/101129"}],"wp:attachment":[{"href":"https:\/\/www.europesays.com\/fr\/wp-json\/wp\/v2\/media?parent=101128"}],"wp:term":[{"taxonomy":"category","embeddable":true,"href":"https:\/\/www.europesays.com\/fr\/wp-json\/wp\/v2\/categories?post=101128"},{"taxonomy":"post_tag","embeddable":true,"href":"https:\/\/www.europesays.com\/fr\/wp-json\/wp\/v2\/tags?post=101128"}],"curies":[{"name":"wp","href":"https:\/\/api.w.org\/{rel}","templated":true}]}}