{"id":101138,"date":"2025-05-15T05:16:12","date_gmt":"2025-05-15T05:16:12","guid":{"rendered":"https:\/\/www.europesays.com\/fr\/101138\/"},"modified":"2025-05-15T05:16:12","modified_gmt":"2025-05-15T05:16:12","slug":"a-velo-ou-a-pied-12-balades-passerelles-pour-explorer-les-liens-entre-paris-et-sa-banlieue","status":"publish","type":"post","link":"https:\/\/www.europesays.com\/fr\/101138\/","title":{"rendered":"A v\u00e9lo ou \u00e0 pied\u00a0: 12 \u00ab\u00a0balades passerelles\u00a0\u00bb pour explorer les liens entre Paris et sa banlieue"},"content":{"rendered":"\n<p>Les douze balades passerelles, qui sillonnent le Val-de-Marne, la Seine-Saint-Denis, les Hauts-de-Seine et Paris, se r\u00e9partissent en six balades \u00e0 pied et six \u00e0 v\u00e9lo.  D\u00e9tails ci-dessous. Les dates sont susceptibles de changer mais les liens permettent de v\u00e9rifier et de r\u00e9server.<\/p>\n<p>Les balades \u00e0 piedDes cit\u00e9s jardins aux espaces verts : d\u2019\u00c9pinay-sur- Seine \u00e0 Gennevilliers<\/p>\n<p>La balade \u201cSur les traces de la ville durable\u201d traverse Epinay-sur-Seine, Argenteuil et Gennevilliers, en s\u2019interrogeant sur l\u2019int\u00e9gration de la nature dans le tissu r\u00e9sidentiel, des cit\u00e9s jardin aux espaces verts. <br \/>Date : samedi 24 mai \u00e0 14h, dur\u00e9e 3h30 (12 \u20ac)<br \/><a href=\"https:\/\/exploreparis.com\/fr\/8417-cite-rando-sur-les-traces-de-la-ville-durable-depinay-argenteuil-a-gennevilliers.html\" target=\"_blank\" rel=\"noreferrer noopener\">Plus d\u2019infos<\/a><\/p>\n<p>Les m\u00e9tamorphoses de la Porte de Montreuil<\/p>\n<p>La balade Histoire et \u00e9volution de la porte de Montreuil permet de comprendre l\u2019historique de ce lieu en pleine mutation, en visitant les quartiers et animations de part et d\u2019autre du p\u00e9riph, \u00e0 Paris et Montreuil. L\u2019occasion de faire un tour aux Puces.<br \/>Date : dimanche 22 juin \u00e0 14h30, dur\u00e9e 2h (15 \u20ac)<br \/><a href=\"https:\/\/exploreparis.com\/fr\/8491-histoire-et-evolution-de-la-porte-de-montreuil.html\" target=\"_blank\" rel=\"noreferrer noopener\">Plus d\u2019infos<\/a><\/p>\n<p>Les projets urbains XXL de la rive gauche de Paris \u00e0 Ivry<\/p>\n<p>La balade \u201cParis-Ivry, aller retour\u201d, part de la biblioth\u00e8que Fran\u00e7ois Mitterrand pour explorer les gigantesques projets qui ont compl\u00e8tement transform\u00e9 la rive gauche parisienne et ivryenne, avec toujours de nouveaux projets en cours, tentant d\u2019effacer le p\u00e9riph. <br \/>Jeudi 22 mai \u00e0 10h, dur\u00e9e 2h30 (12 \u20ac)<br \/><a href=\"https:\/\/exploreparis.com\/fr\/8522-paris-ivry-aller-retour-.html\" target=\"_blank\" rel=\"noreferrer noopener\">Plus d\u2019infos<\/a><\/p>\n<p>Street-art dans les Hauts-de-Seine<\/p>\n<p>Pour sortir un peu du street-art du 13e arrondissement ou de Vitry-sur-Seine, la balade P\u00e9pites de street-art se propose d\u2019explorer l\u2019art urbain du c\u00f4t\u00e9 des Hauts-de-Seine, du c\u00f4t\u00e9 de Malakoff et aussi du 14e. L\u2019occasion de d\u00e9couvrir les \u0153uvres de Bojan N. et Raph\u2019 mais aussi de croiser celles de Anis, Toc-Toc, Vinie Graffiti, JBC, Vince Vinci, Kald\u00e9a, Kashink, WK Interact, Kristix, Anna Conda.<br \/>Dimanche 8 juin \u00e0 14h puis les dimanches 6 juillet, 31 ao\u00fbt et 28 septembre \u00e0 10h. Dur\u00e9e 2h15 (15 \u20ac)<br \/><a href=\"https:\/\/exploreparis.com\/fr\/8483-exploration-des-pepites-street-art-de-malakoff-a-paris-porte-de-vanves.html\" target=\"_blank\" rel=\"noreferrer noopener\">Plus d\u2019infos<\/a><\/p>\n<p>Les innovations et solidarit\u00e9s autour de l\u2019alimentation en circuit court, le long du canal de l\u2019Ourcq<\/p>\n<p>La balade De la graine \u00e0 l\u2019assiette, au fil de canal de l\u2019Ourq, part de Paris avant de cheminer en Seine-Saint-Denis, le long du canal, autour de la th\u00e9matique de l\u2019alimentation locale, qui a donn\u00e9 lieu \u00e0 de multiples initiatives de cantines solidaires, agriculture urbaine et tiers-lieux, depuis quelques ann\u00e9es. <br \/>Les jeudis 12 juin et 10 juillet \u00e0 15 heures. Dur\u00e9e 2h30 (14 \u20ac)<br \/><a href=\"https:\/\/exploreparis.com\/fr\/8565-de-la-graine-a-l-assiette-au-fil-du-canal-de-l-ourcq.html\" target=\"_blank\" rel=\"noreferrer noopener\">Plus d\u2019infos<\/a><\/p>\n<p>De la Cit\u00e9 universitaire au G\u00e9n\u00e9rateur de Gentilly : un circuit culture et architecture<\/p>\n<p>En partant de la Cit\u00e9 universitaire, aux portes de Paris, la balade trace jusqu\u2019\u00e0 plusieurs lieux culturels contemporains de Gentilly, comme le G\u00e9n\u00e9rateur, temple des performances qui s\u2019est install\u00e9 dans un ancien cin\u00e9ma, ou le Lavoir num\u00e9rique, jusqu\u2019\u00e0 la Maison de la photographie Robert Doisneau. L\u2019occasion de d\u00e9couvrir sur son passage quelques pi\u00e8ces d\u2019architecture remarquable, et sillonner l\u2019ancien trac\u00e9 de la Bi\u00e8vre, laquelle renait \u00e0 ciel ouvert un peu plus loin (\u00e0 d\u00e9couvrir dans une autre balade).<br \/>Les dimanches 8 juin et 20 juillet puis le mercredi 3 septembre \u00e0 15 heures. Dur\u00e9e 2h (15\u20ac)<br \/><a href=\"https:\/\/exploreparis.com\/fr\/8516-une-histoire-du-peripherique-de-la-cite-universitaire-internationale-a-gentilly.html\" target=\"_blank\" rel=\"noreferrer noopener\">Plus d\u2019infos<\/a><\/p>\n<p>Les balades  \u00e0 v\u00e9loDe la Bastille aux bords de Marne en passant par le bois de Vincennes<\/p>\n<p>Le circuit est-parisien dans toute sa splendeur, pour concilier bords de Marne et bois de Vincennes en passant des nouveaux quartiers de Bercy au ch\u00e2teau-fort de Vincennes. Le circuit passe aussi par Saint-Mand\u00e9.<br \/>Samedis 17 mai et 28 juin \u00e0 9h30. Dur\u00e9e 2h30 (20km) (15\u20ac)<br \/><a href=\"https:\/\/exploreparis.com\/fr\/8566-lest-parisien-et-les-bords-de-marne-a-velo.html\" target=\"_blank\" rel=\"noreferrer noopener\">Plus d\u2019infos<\/a><\/p>\n<p>Sur les traces des femmes influentes, du Kremlin-Bic\u00eatre \u00e0 Bagneux<\/p>\n<p>Du Kremlin-Bic\u00eatre jusqu\u2019\u00e0 Bagneux, dont la station de m\u00e9tro (4) arbore sur 30 m\u00e8tres de haut le visage de la r\u00e9sistante Lucie Aubrac, cette tourn\u00e9e en v\u00e9lo se propose de donner \u00e0 la parole des femmes qui ont marqu\u00e9 l\u2019histoire.<br \/>Samedis 17 mai et 28 juin \u00e0 14h30. Dur\u00e9e 2h30-3h (7km) (10 \u20ac)<br \/><a href=\"https:\/\/exploreparis.com\/fr\/8554-balade-a-velo-parole-de-femmes.html\" target=\"_blank\" rel=\"noreferrer noopener\">Plus d\u2019infos<\/a><\/p>\n<p>Des vestiges de la r\u00e9volution industrielle au renouveau urbain, entre Paris et Seine-Saint-Denis<\/p>\n<p>De la halle Pajol \u00e0 l\u2019Adidas Arena en passant par les studios d\u2019Aubervilliers, les Cath\u00e9drales du rail, la Cit\u00e9 Meissonnier, ce parcours revient sur la r\u00e9volution industrielle qui a marqu\u00e9 le nord-est parisien et sa mutation post-d\u00e9sindustrialisation, avec notamment les grands projets qui ont accompagn\u00e9 les JO.<br \/>Dimanche 18 mai \u00e0 14h30. Parcours de 3h. (15 \u20ac)<br \/><a href=\"https:\/\/exploreparis.com\/fr\/8412-balade-a-velo-de-la-revolution-industrielle-au-futur-de-la-seine-saint-denis.html\" target=\"_blank\" rel=\"noreferrer noopener\">Plus d\u2019infos<\/a><\/p>\n<p>Agriculture urbaine, horticulture et ses m\u00e9tiers, circuit \u00e9colo entre Noisy-le-Sec et Nogent-sur-Marne<\/p>\n<p>Le parcours d\u00e9marre \u00e0 la Dhuys, \u00e0 Noisy-le-Sec et passe par les toujours debout Murs \u00e0 p\u00eaches de Montreuil et <a href=\"https:\/\/94.citoyens.com\/2013\/un-parc-ecolo-au-dessus-du-vide,17-05-2013.html\" target=\"_blank\" rel=\"noreferrer noopener\">l\u2019\u00e9tonnant parc des carri\u00e8res de Fontenay,<\/a> construit sur un \u00e9norme vide, pour s\u2019achever \u00e0 la MJC de Nogent et son Jardin de la partagerie.<br \/>Samedis 14  juin et 30 ao\u00fbt, \u00e0 14h30. Dur\u00e9e : 2h30. (10 \u20ac)<br \/><a href=\"https:\/\/exploreparis.com\/fr\/8561-balade-a-velo-pause-verte-de-noisy-le-sec-a-nogent-sur-marne.html\" target=\"_blank\" rel=\"noreferrer noopener\">Plus d\u2019infos<\/a><\/p>\n<p>De la gare Montparnasse au new urbanism du Plessis-Robinson<\/p>\n<p>La balade \u201cLe Sceaux l\u2019y laisse\u201d traversera Sceaux, Le Plessis-Robinson, Meudon et Issy-les-Moulineaux depuis la porte d\u2019Orl\u00e9ans \u00e0 Pari. Un circuit de 4 heures pour se mettre plein la vue d\u2019architectures contrast\u00e9es, de la place de la Catalogne au ch\u00e2teau de Sceaux en passant par l\u2019\u00e9coquartier du fort d\u2019Issy-les-Moulineaux, et les bords de Seine ou le Parc Andr\u00e9 Citro\u00ebn.<br \/>Les samedis 5 juillet et 23 ao\u00fbt \u00e0 13h30. Dur\u00e9e 4h, 25km. (15\u20ac)<br \/><a href=\"https:\/\/exploreparis.com\/fr\/8573-le-sceaux-l-y-laisse-a-velo-entre-paris-et-les-hauts-de-seine.html\" target=\"_blank\" rel=\"noreferrer noopener\">Plus d\u2019infos<\/a><\/p>\n<p>Sur les traces du recyclage, d\u2019Aubervilliers \u00e0 Gennevilliers<\/p>\n<p>Ce dernier p\u00e9riple, \u201cOsons la r\u00e9cup, la seconde main solidaire\u201d entre dans le dur de l\u2019\u00e9conomie circulaire en plongeant dans plusieurs sites de r\u00e9cup\u00e9ration et recyclage, depuis la mairie d\u2019Aubervilliers jusqu\u2019\u00e0 Gennevilliers en passant par Saint-Ouen et Saint-Denis. <br \/>Vendredi 11 juillet \u00e0 14h30 (10 \u20ac)<br \/><a href=\"https:\/\/exploreparis.com\/fr\/8555-balade-a-velo-osons-la-recup.html\" target=\"_blank\" rel=\"noreferrer noopener\">Plus d\u2019infos<\/a><\/p>\n","protected":false},"excerpt":{"rendered":"Les douze balades passerelles, qui sillonnent le Val-de-Marne, la Seine-Saint-Denis, les Hauts-de-Seine et Paris, se r\u00e9partissent en six&hellip;\n","protected":false},"author":2,"featured_media":101139,"comment_status":"","ping_status":"","sticky":false,"template":"","format":"standard","meta":{"footnotes":""},"categories":[1888],"tags":[11,327,21276,258,1350,18330,6275,21654,3625,5354,21655,21656,20695,21657,650,12393,21658,21659,7935,14774,1777,674,4651,21660,21661,1011,27,21662,7937,6306,3314,937,21663,693,5667,5701,21664,21665,12648,21666,21667,21668,21669,21670,21671,21672,21673,11674,5672,12,3436,21674,4125,626,21675,21676,1756,5677,21677,3887,25,18341,21678,1053,21679,1945,11665,3400,7189,602,21680,21681,208,21682,21683,12654],"class_list":{"0":"post-101138","1":"post","2":"type-post","3":"status-publish","4":"format-standard","5":"has-post-thumbnail","7":"category-paris","8":"tag-actualites","9":"tag-agriculture","10":"tag-agriculture-urbaine","11":"tag-alimentation","12":"tag-architecture","13":"tag-argenteuil","14":"tag-aubervilliers","15":"tag-bagneux","16":"tag-banlieue","17":"tag-bois-de-vincennes","18":"tag-bords-de-marne","19":"tag-bords-de-seine","20":"tag-cantine","21":"tag-cathedrales-du-rail","22":"tag-cinema","23":"tag-economie-circulaire","24":"tag-ecoquartier","25":"tag-espaces-verts","26":"tag-est-parisien","27":"tag-est-parisien-2","28":"tag-eu","29":"tag-europe","30":"tag-femmes","31":"tag-fontenay","32":"tag-fontenay-sous-bois","33":"tag-fr","34":"tag-france","35":"tag-gennevilliers","36":"tag-gentilly","37":"tag-grand-paris","38":"tag-hauts-de-seine","39":"tag-histoire","40":"tag-horticulture","41":"tag-industrie","42":"tag-initiatives","43":"tag-innovation","44":"tag-issy-les-moulineaux","45":"tag-ivry","46":"tag-ivry-sur-seine","47":"tag-kashink","48":"tag-lavoir-numerique","49":"tag-le-generateur","50":"tag-le-plessis-robinson","51":"tag-mairie-daubervilliers","52":"tag-maison-de-la-photographie-robert-doisneau","53":"tag-malakoff","54":"tag-meudon","55":"tag-montparnasse","56":"tag-montreuil","57":"tag-news","58":"tag-nogent-sur-marne","59":"tag-noisy-le-sec","60":"tag-numerique","61":"tag-paris","62":"tag-passerelles","63":"tag-performances","64":"tag-photographie","65":"tag-porte-de-montreuil","66":"tag-projets-urbains","67":"tag-recyclage","68":"tag-republique-francaise","69":"tag-saint-denis","70":"tag-saint-mande","71":"tag-saint-ouen","72":"tag-sceaux","73":"tag-seine-saint-denis","74":"tag-solidaires","75":"tag-solidarite","76":"tag-street-art","77":"tag-tourisme","78":"tag-tourisme-en-val-de-marne","79":"tag-vanves","80":"tag-velo","81":"tag-ville-durable","82":"tag-vincennes","83":"tag-vitry-sur-seine"},"share_on_mastodon":{"url":"","error":"Validation failed: Text character limit of 500 exceeded"},"_links":{"self":[{"href":"https:\/\/www.europesays.com\/fr\/wp-json\/wp\/v2\/posts\/101138","targetHints":{"allow":["GET"]}}],"collection":[{"href":"https:\/\/www.europesays.com\/fr\/wp-json\/wp\/v2\/posts"}],"about":[{"href":"https:\/\/www.europesays.com\/fr\/wp-json\/wp\/v2\/types\/post"}],"author":[{"embeddable":true,"href":"https:\/\/www.europesays.com\/fr\/wp-json\/wp\/v2\/users\/2"}],"replies":[{"embeddable":true,"href":"https:\/\/www.europesays.com\/fr\/wp-json\/wp\/v2\/comments?post=101138"}],"version-history":[{"count":0,"href":"https:\/\/www.europesays.com\/fr\/wp-json\/wp\/v2\/posts\/101138\/revisions"}],"wp:featuredmedia":[{"embeddable":true,"href":"https:\/\/www.europesays.com\/fr\/wp-json\/wp\/v2\/media\/101139"}],"wp:attachment":[{"href":"https:\/\/www.europesays.com\/fr\/wp-json\/wp\/v2\/media?parent=101138"}],"wp:term":[{"taxonomy":"category","embeddable":true,"href":"https:\/\/www.europesays.com\/fr\/wp-json\/wp\/v2\/categories?post=101138"},{"taxonomy":"post_tag","embeddable":true,"href":"https:\/\/www.europesays.com\/fr\/wp-json\/wp\/v2\/tags?post=101138"}],"curies":[{"name":"wp","href":"https:\/\/api.w.org\/{rel}","templated":true}]}}