{"id":1011746,"date":"2026-06-20T01:37:23","date_gmt":"2026-06-20T01:37:23","guid":{"rendered":"https:\/\/www.europesays.com\/fr\/1011746\/"},"modified":"2026-06-20T01:37:23","modified_gmt":"2026-06-20T01:37:23","slug":"fete-de-la-musique-2026-les-metros-rer-et-bus-ouverts-toute-la-nuit-en-ile-de-france","status":"publish","type":"post","link":"https:\/\/www.europesays.com\/fr\/1011746\/","title":{"rendered":"F\u00eate de la musique 2026\u00a0: les m\u00e9tros, RER et bus ouverts toute la nuit en Ile-de-France"},"content":{"rendered":"<p>De nombreuses lignes de RER, trains de banlieue, bus et plusieurs lignes de m\u00e9tro parisien resteront ouvertes apr\u00e8s 0h30 \u00e0 l\u2019occasion de la F\u00eate de la Musique. D\u00e9tails.<\/p>\n<p>Les cinq RER\u00a0(A, B, C, D et E) ainsi que des lignes de m\u00e9tro\u00a01, 2, 4, 6, 9 et 14 resteront ouvertes toute la nuit. Apr\u00e8s 0h30, seulement certaines stations resteront desservies (voir plan ci-dessous) et toutes les entr\u00e9es des stations ne seront pas forc\u00e9ment ouvertes.<\/p>\n<p>Attention, les stations : R\u00e9publique, Temple, Jacques Bonsergent, Filles du Calvaire et Goncourt seront ferm\u00e9es d\u00e8s 16h le dimanche 21 juin.<\/p>\n<p><a href=\"https:\/\/www.europesays.com\/fr\/wp-content\/uploads\/2026\/06\/aiq7h6lqnvzvenu5-idfm-fetemusique2026-metro.jpg\"><img fetchpriority=\"high\" decoding=\"async\" width=\"1024\" height=\"868\" src=\"data:image\/svg+xml,%3Csvg%20xmlns=\" http:=\"\" alt=\"\" class=\"wp-image-387724\" data-lazy- data-lazy- data-lazy-src=\"https:\/\/www.europesays.com\/fr\/wp-content\/uploads\/2026\/06\/aiq7h6lqnvzvenu5-idfm-fetemusique2026-metro.jpg\"\/><\/a><\/p>\n<p>Les lignes Transilien\u00a0H, J, L, N, P et R (uniquement entre Melun et Montereau et les bus feront la liaison entre\u00a0Conflans Sainte-Honorine, les Mureaux et Mantes-la-Jolie.)\u00a0et la ligne de tramway\u00a0T4 (entre Aulnay-sous-Bois, Bondy et l\u2019H\u00f4pital de Montfermeil) seront \u00e9galement ouvertes toute la nuit.<\/p>\n<p><a href=\"https:\/\/citoyens.com\/wp-content\/blogs.dir\/2\/files\/2026\/06\/aiq7nalqnvzvenu7-idfm-fetes-rer-train-fdlm-2026-1.jpeg\" rel=\"nofollow noopener\" target=\"_blank\"><img loading=\"lazy\" decoding=\"async\" width=\"1024\" height=\"867\" src=\"data:image\/svg+xml,%3Csvg%20xmlns=\" http:=\"\" alt=\"\" class=\"wp-image-387725\" data-lazy- data-lazy- data-lazy-src=\"https:\/\/www.europesays.com\/fr\/wp-content\/uploads\/2026\/06\/aiq7nalqnvzvenu7-idfm-fetes-rer-train-fdlm-2026-1-1024x867.jpeg\"\/><\/a><\/p>\n<p>Les bus de nuit seront en circulation \u00e0 leurs horaires habituels de 0h30 \u00e0 5h30 :<\/p>\n<p><a href=\"https:\/\/citoyens.com\/wp-content\/blogs.dir\/2\/files\/2026\/06\/aiq7zklqnvzvenwd-idfm-fetes-noctiliens-fdlm-2026-1.jpeg\" rel=\"nofollow noopener\" target=\"_blank\"><img loading=\"lazy\" decoding=\"async\" width=\"1024\" height=\"867\" src=\"data:image\/svg+xml,%3Csvg%20xmlns=\" http:=\"\" alt=\"\" class=\"wp-image-387726\" data-lazy- data-lazy- data-lazy-src=\"https:\/\/www.europesays.com\/fr\/wp-content\/uploads\/2026\/06\/aiq7zklqnvzvenwd-idfm-fetes-noctiliens-fdlm-2026-1-1024x867.jpeg\"\/><\/a><\/p>\n<p><a href=\"https:\/\/www.iledefrance-mobilites.fr\/application\" rel=\"nofollow noopener\" target=\"_blank\">V\u00e9rifier votre trajet sur iledefrance-mobilit\u00e9s.fr<\/a><\/p>\n<p><strong>Bon plan :<\/strong><\/p>\n<p>Si les transports ne sont pas gratuits, Ile-de-France Mobilit\u00e9 propose un <a href=\"https:\/\/www.iledefrance-mobilites.fr\/titres-et-tarifs\/detail\/fete-de-la-musique\" rel=\"nofollow noopener\" target=\"_blank\">ticket \u201c\u00a0F\u00eate de la musique\u00a0\u201d<\/a> \u00e0 4,30\u20ac valable du dimanche 21 juin \u00e0 17h au lundi 22 juin 7h. Sur l\u2019application ou en points de vente.<\/p>\n<p>La RATP installe un studio salon au niveau de la station Jaur\u00e8s, de 11h \u00e0 19h avec de la musique, un stand de maquillage, un photomaton et un concert de l\u2019orchestre du Mont Kulal en fin d\u2019apr\u00e8s-midi.<br \/>Des <a href=\"https:\/\/www.ratp.fr\/services-aux-voyageurs\/on-fete-la-musique-avec-vous\" rel=\"nofollow noopener\" target=\"_blank\">concerts<\/a> avec les muisien.ne.s du m\u00e9tro auront lieu dans les diff\u00e9rentes stations du m\u00e9tro et des RER A et B en fin d\u2019apr\u00e8s-midi (notamment le grand groupe de gospel \u00a0Mister BlaiZ [Gospel] et sa chorale-\u00e9cole \u00e0 la station Luxemboug \u00e0 19h30.).<\/p>\n<p><a href=\"https:\/\/www.iledefrance-mobilites.fr\/actualites\/fete-de-la-musique\" rel=\"nofollow noopener\" target=\"_blank\">Plus d\u2019infos<\/a><\/p>\n<p>Lire aussi :<\/p>\n<\/p><\/p>\n","protected":false},"excerpt":{"rendered":"De nombreuses lignes de RER, trains de banlieue, bus et plusieurs lignes de m\u00e9tro parisien resteront ouvertes apr\u00e8s&hellip;\n","protected":false},"author":2,"featured_media":1011747,"comment_status":"","ping_status":"","sticky":false,"template":"","format":"standard","meta":{"footnotes":"","_share_on_mastodon":"0"},"categories":[1592],"tags":[1111,11,13160,30570,7048,48220,1697,1777,674,25885,1011,27,326,10093,662,42349,105866,8690,4047,1137,38708,873,12,34215,626,625,25,12396,18068,4109,12443,2803,800,8692],"class_list":["post-1011746","post","type-post","status-publish","format-standard","has-post-thumbnail","category-ile-de-france","tag-actu","tag-actualites","tag-aulnay-sous-bois","tag-bondy","tag-bus","tag-bus-de-nuit","tag-concert","tag-eu","tag-europe","tag-fete-de-la-musique","tag-fr","tag-france","tag-gratuit","tag-horaires","tag-ile-de-france","tag-ile-de-france-mobilite","tag-les-mureaux","tag-mantes-la-jolie","tag-metro","tag-mobilite","tag-montfermeil","tag-musique","tag-news","tag-noctilien","tag-paris","tag-ratp","tag-republique-francaise","tag-rer","tag-rer-a","tag-tramway","tag-transilien","tag-transport","tag-transports","tag-voyageurs"],"share_on_mastodon":{"url":"https:\/\/pubeurope.com\/@fr\/116779879330745947","error":""},"_links":{"self":[{"href":"https:\/\/www.europesays.com\/fr\/wp-json\/wp\/v2\/posts\/1011746","targetHints":{"allow":["GET"]}}],"collection":[{"href":"https:\/\/www.europesays.com\/fr\/wp-json\/wp\/v2\/posts"}],"about":[{"href":"https:\/\/www.europesays.com\/fr\/wp-json\/wp\/v2\/types\/post"}],"author":[{"embeddable":true,"href":"https:\/\/www.europesays.com\/fr\/wp-json\/wp\/v2\/users\/2"}],"replies":[{"embeddable":true,"href":"https:\/\/www.europesays.com\/fr\/wp-json\/wp\/v2\/comments?post=1011746"}],"version-history":[{"count":0,"href":"https:\/\/www.europesays.com\/fr\/wp-json\/wp\/v2\/posts\/1011746\/revisions"}],"wp:featuredmedia":[{"embeddable":true,"href":"https:\/\/www.europesays.com\/fr\/wp-json\/wp\/v2\/media\/1011747"}],"wp:attachment":[{"href":"https:\/\/www.europesays.com\/fr\/wp-json\/wp\/v2\/media?parent=1011746"}],"wp:term":[{"taxonomy":"category","embeddable":true,"href":"https:\/\/www.europesays.com\/fr\/wp-json\/wp\/v2\/categories?post=1011746"},{"taxonomy":"post_tag","embeddable":true,"href":"https:\/\/www.europesays.com\/fr\/wp-json\/wp\/v2\/tags?post=1011746"}],"curies":[{"name":"wp","href":"https:\/\/api.w.org\/{rel}","templated":true}]}}