{"id":101176,"date":"2025-05-15T05:41:08","date_gmt":"2025-05-15T05:41:08","guid":{"rendered":"https:\/\/www.europesays.com\/fr\/101176\/"},"modified":"2025-05-15T05:41:08","modified_gmt":"2025-05-15T05:41:08","slug":"thrillers-decouvrez-ces-3-best-seller-a-lire-absolument-ce-printemps","status":"publish","type":"post","link":"https:\/\/www.europesays.com\/fr\/101176\/","title":{"rendered":"Thrillers : d\u00e9couvrez ces 3 best-seller \u00e0 lire absolument ce printemps"},"content":{"rendered":"<p class=\"paragraph text_align_left\">Que vous soyez amateur de suspense psychologique ou d\u2019enqu\u00eates troublantes, impossible de les l\u00e2cher.<\/p>\n<p class=\"paragraph text_align_left\"><b>Cliquez ici pour <\/b><a href=\"https:\/\/www.amazon.fr\/kindle-paperwhite-2024\/dp\/B0CFPWLGF2?th=1&amp;linkCode=ll1&amp;tag=lepar-mai2025-21&amp;linkId=d557a3513679aec81923dba16179bcd3&amp;language=fr_FR&amp;ref_=as_li_ss_tl\" target=\"_blank\" rel=\"sponsored noopener\"><b>retrouver l\u2019offre Amazon sur la liseuse Kindle<\/b><\/a><\/p>\n<p>Les thrillers \u00e0 lire absolument ce printemps\u00ab La psy de Freida \u00bb fait un carton<\/p>\n<p class=\"paragraph text_align_left\"><a href=\"https:\/\/www.amazon.fr\/psy-Freida-McFadden\/dp\/2290415626?&amp;linkCode=ll1&amp;tag=lepar-mai2025-21&amp;linkId=6d8f8e995ebb82da8f63782f1bcd32be&amp;language=fr_FR&amp;ref_=as_li_ss_tl\" target=\"_blank\" rel=\"sponsored noopener\">Les jeunes mari\u00e9s Tricia et Ethan pensaient avoir trouv\u00e9 la maison de leurs r\u00eaves<\/a>. Mais une temp\u00eate de neige les bloque dans le manoir isol\u00e9 de la psychiatre Adrienne Hale, disparue trois ans plus t\u00f4t. En fouillant les lieux, Tricia d\u00e9couvre des enregistrements troublants, levant le voile sur de sombres secrets. Le livre <a href=\"https:\/\/www.amazon.fr\/psy-Freida-McFadden\/dp\/2290415626?&amp;linkCode=ll1&amp;tag=lepar-mai2025-21&amp;linkId=6d8f8e995ebb82da8f63782f1bcd32be&amp;language=fr_FR&amp;ref_=as_li_ss_tl\" target=\"_blank\" rel=\"sponsored noopener\">\u00ab<\/a><a href=\"https:\/\/www.amazon.fr\/psy-Freida-McFadden\/dp\/2290415626?&amp;linkCode=ll1&amp;tag=lepar-mai2025-21&amp;linkId=6d8f8e995ebb82da8f63782f1bcd32be&amp;language=fr_FR&amp;ref_=as_li_ss_tl\" target=\"_blank\" rel=\"sponsored noopener\"> La psy de Freida \u00bb de Freida McFadden, sorti le 16 avril 2025, est disponible en poche chez Amazon \u00e0 8,60 euros<\/a>. Freida McFadden, autrice \u00e0 succ\u00e8s et m\u00e9decin sp\u00e9cialis\u00e9e en neurotraumatologie, m\u00eale avec brio suspense psychologique et atmosph\u00e8re angoissante. Plongez dans ce thriller captivant o\u00f9 chaque r\u00e9v\u00e9lation vous rapproche de la v\u00e9rit\u00e9, mais \u00e0 quel prix ?<\/p>\n<p class=\"paragraph text_align_left\"><b>Cliquez ici pour <\/b><a href=\"https:\/\/www.amazon.fr\/psy-Freida-McFadden\/dp\/2290415626?&amp;linkCode=ll1&amp;tag=lepar-mai2025-21&amp;linkId=6d8f8e995ebb82da8f63782f1bcd32be&amp;language=fr_FR&amp;ref_=as_li_ss_tl\" target=\"_blank\" rel=\"sponsored noopener\"><b>retrouver l\u2019offre Amazon sur \u00ab La psy de Freida \u00bb de Freida McFadden<\/b><\/a><\/p>\n<p>Franck Thilliez revient avec un nouveau polar intense<\/p>\n<p class=\"paragraph text_align_left\">Quand le myst\u00e8re frappe \u00e0 votre porte, chaque indice compte. \u00ab <a href=\"https:\/\/www.amazon.fr\/retardement-Nouveaut%C3%A9-Thilliez-thriller-fran%C3%A7ais\/dp\/2265157813?&amp;linkCode=ll1&amp;tag=lepar-mai2025-21&amp;linkId=5b1c5ded7bdafaa476c41915881a4d79&amp;language=fr_FR&amp;ref_=as_li_ss_tl\" target=\"_blank\" rel=\"sponsored noopener\">\u00c0 retardement \u00bb de Franck Thilliez, disponible chez Amazon au prix de 22,90 euros<\/a> en version broch\u00e9e, vous plonge dans une enqu\u00eate haletante. Un patient au comportement d\u00e9lirant dans une unit\u00e9 pour malades difficiles, un homme sauvagement assassin\u00e9 sans aucune trace identifiable, et l\u2019\u00e9quipe de Sharko qui tente de d\u00e9m\u00ealer l\u2019\u00e9cheveau de ces deux affaires. Ma\u00eetre du suspense, <a href=\"https:\/\/www.amazon.fr\/retardement-Nouveaut%C3%A9-Thilliez-thriller-fran%C3%A7ais\/dp\/2265157813?&amp;linkCode=ll1&amp;tag=lepar-mai2025-21&amp;linkId=5b1c5ded7bdafaa476c41915881a4d79&amp;language=fr_FR&amp;ref_=as_li_ss_tl\" target=\"_blank\" rel=\"sponsored noopener\">Thilliez <\/a>m\u00eale enqu\u00eate et psychologie, explorant la folie humaine avec une \u00e9criture percutante. Les amateurs de thrillers \u00e0 rebondissements appr\u00e9cieront cette plong\u00e9e dans les t\u00e9n\u00e8bres, o\u00f9 chaque page r\u00e9v\u00e8le une nouvelle pi\u00e8ce du puzzle.<\/p>\n<p class=\"paragraph text_align_left\"><b>Cliquez ici pour <\/b><a href=\"https:\/\/www.amazon.fr\/retardement-Nouveaut%C3%A9-Thilliez-thriller-fran%C3%A7ais\/dp\/2265157813?&amp;linkCode=ll1&amp;tag=lepar-mai2025-21&amp;linkId=5b1c5ded7bdafaa476c41915881a4d79&amp;language=fr_FR&amp;ref_=as_li_ss_tl\" target=\"_blank\" rel=\"sponsored noopener\"><b>retrouver l\u2019offre Amazon sur \u00ab \u00c0 retardement \u00bb de Franck Thilliez<\/b><\/a><\/p>\n<p>Un thriller psychologique acclam\u00e9 enfin en poche<\/p>\n<p class=\"paragraph text_align_left\">Lorsque Marissa Irvine se rend au 14 Tudor Grove pour r\u00e9cup\u00e9rer son fils Milo, elle tombe dans un cauchemar. La femme qui lui ouvre la porte n\u2019est pas la m\u00e8re de son fils, et Milo a disparu. <a href=\"https:\/\/www.amazon.fr\/Toutes-ses-fautes-Encore-Collard\/dp\/B0DPK5QD8K?&amp;linkCode=ll1&amp;tag=lepar-mai2025-21&amp;linkId=c45e9957d58dc012ba131b58609cf29e&amp;language=fr_FR&amp;ref_=as_li_ss_tl\" target=\"_blank\" rel=\"sponsored noopener\">\u00ab Toutes ses fautes \u00bb d\u2019Andrea Mara, disponible chez Amazon \u00e0 9,90 euros <\/a>en format poche, a d\u00e9j\u00e0 conquis plus de 700 000 lecteurs en Grande-Bretagne. Couronn\u00e9 de succ\u00e8s critique et finaliste de plusieurs prix, <a href=\"https:\/\/www.amazon.fr\/Toutes-ses-fautes-Encore-Collard\/dp\/B0DPK5QD8K?&amp;linkCode=ll1&amp;tag=lepar-mai2025-21&amp;linkId=c45e9957d58dc012ba131b58609cf29e&amp;language=fr_FR&amp;ref_=as_li_ss_tl\" target=\"_blank\" rel=\"sponsored noopener\">ce thriller<\/a> vous entra\u00eene dans une banlieue pleine de secrets o\u00f9 chaque voisin pourrait cacher une v\u00e9rit\u00e9 inavouable. Andrea Mara, avec son style percutant et ses personnages troublants, ma\u00eetrise l\u2019art de semer le doute jusqu\u2019\u00e0 la derni\u00e8re page.<\/p>\n<p class=\"paragraph text_align_left\"><b>Cliquez ici pour <\/b><a href=\"https:\/\/www.amazon.fr\/Toutes-ses-fautes-Encore-Collard\/dp\/B0DPK5QD8K?&amp;linkCode=ll1&amp;tag=lepar-mai2025-21&amp;linkId=c45e9957d58dc012ba131b58609cf29e&amp;language=fr_FR&amp;ref_=as_li_ss_tl\" target=\"_blank\" rel=\"sponsored noopener\"><b>retrouver l\u2019offre Amazon sur \u00ab Toutes ses fautes \u00bb d\u2019Andrea Mara<\/b><\/a><\/p>\n<p class=\"paragraph text_align_left\"><b>Les meilleures offres Livres sur Amazon :<\/b><\/p>\n","protected":false},"excerpt":{"rendered":"Que vous soyez amateur de suspense psychologique ou d\u2019enqu\u00eates troublantes, impossible de les l\u00e2cher. Cliquez ici pour retrouver&hellip;\n","protected":false},"author":2,"featured_media":101177,"comment_status":"","ping_status":"","sticky":false,"template":"","format":"standard","meta":{"footnotes":""},"categories":[1357],"tags":[4239,1379,58,59,1011,27,749,2003,1380,7616,5883],"class_list":{"0":"post-101176","1":"post","2":"type-post","3":"status-publish","4":"format-standard","5":"has-post-thumbnail","7":"category-livres","8":"tag-amazon","9":"tag-books","10":"tag-divertissement","11":"tag-entertainment","12":"tag-fr","13":"tag-france","14":"tag-guide-shopping","15":"tag-livre","16":"tag-livres","17":"tag-loisirs-voyages","18":"tag-thriller"},"share_on_mastodon":{"url":"https:\/\/pubeurope.com\/@fr\/114510252105654661","error":""},"_links":{"self":[{"href":"https:\/\/www.europesays.com\/fr\/wp-json\/wp\/v2\/posts\/101176","targetHints":{"allow":["GET"]}}],"collection":[{"href":"https:\/\/www.europesays.com\/fr\/wp-json\/wp\/v2\/posts"}],"about":[{"href":"https:\/\/www.europesays.com\/fr\/wp-json\/wp\/v2\/types\/post"}],"author":[{"embeddable":true,"href":"https:\/\/www.europesays.com\/fr\/wp-json\/wp\/v2\/users\/2"}],"replies":[{"embeddable":true,"href":"https:\/\/www.europesays.com\/fr\/wp-json\/wp\/v2\/comments?post=101176"}],"version-history":[{"count":0,"href":"https:\/\/www.europesays.com\/fr\/wp-json\/wp\/v2\/posts\/101176\/revisions"}],"wp:featuredmedia":[{"embeddable":true,"href":"https:\/\/www.europesays.com\/fr\/wp-json\/wp\/v2\/media\/101177"}],"wp:attachment":[{"href":"https:\/\/www.europesays.com\/fr\/wp-json\/wp\/v2\/media?parent=101176"}],"wp:term":[{"taxonomy":"category","embeddable":true,"href":"https:\/\/www.europesays.com\/fr\/wp-json\/wp\/v2\/categories?post=101176"},{"taxonomy":"post_tag","embeddable":true,"href":"https:\/\/www.europesays.com\/fr\/wp-json\/wp\/v2\/tags?post=101176"}],"curies":[{"name":"wp","href":"https:\/\/api.w.org\/{rel}","templated":true}]}}