{"id":101180,"date":"2025-05-15T05:44:08","date_gmt":"2025-05-15T05:44:08","guid":{"rendered":"https:\/\/www.europesays.com\/fr\/101180\/"},"modified":"2025-05-15T05:44:08","modified_gmt":"2025-05-15T05:44:08","slug":"dua-lipa-la-pop-star-britannique-qui-chante-aussi-en-francais-avec-le-coeur","status":"publish","type":"post","link":"https:\/\/www.europesays.com\/fr\/101180\/","title":{"rendered":"Dua Lipa, la pop star britannique qui chante (aussi) en fran\u00e7ais avec le c\u0153ur"},"content":{"rendered":"<p><strong>PORTRAIT &#8211; <\/strong>Originaire du Kosovo, l\u2019artiste de 29 ans entretient depuis le d\u00e9but de sa carri\u00e8re un lien particulier avec la langue de Moli\u00e8re. La reine de la disco pop d\u00e9bute sa tourn\u00e9e de quatre dates en France ce jeudi 14 mai \u00e0 Lyon, avant de s\u2019envoler pour Paris.<\/p>\n<p class=\"fig-paragraph\">Elle fait d\u00e9sormais partie de ces superstars de la chanson \u00e0 la renomm\u00e9e internationale. En quelques ann\u00e9es,\u00a0<a href=\"http:\/\/www.lefigaro.fr\/industrie-mode\/hailey-bieber-timothee-chalamet-dua-lipa-ils-sont-egeries-et-gentils-les-nouveaux-roles-models-de-la-jeunesse-20231012\" data-fig-type=\"Article\" data-gtm-custom-categorie=\"navigation\" data-gtm-custom-action=\"crossclick\" data-gtm-custom-label=\"Contextuel\" data-gtm-event=\"customEventSPE\" data-fig-domain=\"LEFIGARO\" target=\"_blank\" rel=\"noopener\">Dua Lipa<\/a>\u00a0a su s\u2019imposer dans le tr\u00e8s concurrentiel milieu musical de la pop gr\u00e2ce \u00e0 sa voix singuli\u00e8re au timbre enrou\u00e9 et ses tubes aux influences disco qui invitent \u00e0 danser toute la nuit. Depuis 2017 et la sortie de son premier album Dua Lipa, l\u2019interpr\u00e8te britannique originaire du Kosovo collectionne les r\u00e9compenses, dont six Brit Awards et trois Grammy Awards, l\u2019\u00e9quivalent d\u2019un Oscar pour la musique. L\u2019artiste de 29 ans a grandi entre Londres et Pristina, bien loin de la France et de sa culture. Et pourtant, elle entretient un lien particulier avec la langue de Moli\u00e8re, et s\u2019appr\u00eate \u00e0 chanter \u00e0 l\u2019unisson avec ses fans fran\u00e7ais durant quatre dates, les\u00a0<a href=\"http:\/\/www.lefigaro.fr\/musique\/dua-lipa-de-passage-a-lyon-et-paris-en-mai-2025-pour-defendre-sur-scene-son-troisieme-album-20240913\" data-fig-type=\"Article\" data-gtm-custom-categorie=\"navigation\" data-gtm-custom-action=\"crossclick\" data-gtm-custom-label=\"Contextuel\" data-gtm-event=\"customEventSPE\" data-fig-domain=\"LEFIGARO\" target=\"_blank\" rel=\"noopener\">14 et 15 mai \u00e0 Lyon et les 23 et 24 mai \u00e0 Paris<\/a>\u00a0La D\u00e9fense Arena, la plus grande salle de spectacle d\u2019Europe, \u00e0 guichet complet.<\/p>\n<p class=\"fig-paragraph\">Cet amour pour la langue fran\u00e7aise, Dua Lipa l\u2019a manifest\u00e9 tr\u00e8s t\u00f4t dans sa carri\u00e8re. En 2018, la jeune\u2026<\/p>\n<p class=\"fig-premium-paywall__infos\">\n        Cet article est r\u00e9serv\u00e9 aux abonn\u00e9s.        Il vous reste 89% \u00e0 d\u00e9couvrir.\n    <\/p>\n<p>                <img  data- alt=\"Le Figaro\" class=\"fig-img--complete fig-img\"\/><\/p>\n<p class=\"fig-premium-paywall__title\">Je m&rsquo;informe, je m&rsquo;inspire, je m&rsquo;abonne.<\/p>\n<p class=\"fig-premium-paywall__subtitle\">D\u00e9couvrez notre offre de bienvenue.<\/p>\n<p class=\"fig-premium-paywall__connect\">\n                D\u00e9j\u00e0 abonn\u00e9\u00a0?                <a class=\"fig-premium-paywall__connect-link\" href=\"https:\/\/connect.lefigaro.fr\/login?client=horizon_web&amp;type=main&amp;redirect_uri=https%3A%2F%2Fwww.lefigaro.fr%2Fmusique%2Fdua-lipa-la-pop-star-britannique-qui-chante-aussi-en-francais-avec-le-coeur-20250515\" data-js-gtm=\"{&quot;customCategorie&quot;: &quot;conversion&quot;, &quot;customAction&quot;: &quot;before_Landing_Connexion_paywall_auto&quot;, &quot;customLabel&quot;: &quot;bGVmaWdhcm8uZnJfXzFmMDMwMDYxLTJlNWMtNmFlMi1hNjE3LTkxNzU5YzNhMTI3M19fQXJ0aWNsZQ==_Dua Lipa, la pop star britannique qui chante (aussi) en fran\u00e7ais avec le c\u0153ur_98&quot;, &quot;customIDSPE&quot;: &quot;bGVmaWdhcm8uZnJfXzFmMDMwMDYxLTJlNWMtNmFlMi1hNjE3LTkxNzU5YzNhMTI3M19fQXJ0aWNsZQ==&quot;, &quot;event&quot;: &quot;customEventSPE&quot;}\" target=\"_blank\" rel=\"noopener\"><br \/>\n                    Connectez-vous<br \/>\n                <\/a>\n            <\/p>\n","protected":false},"excerpt":{"rendered":"PORTRAIT &#8211; Originaire du Kosovo, l\u2019artiste de 29 ans entretient depuis le d\u00e9but de sa carri\u00e8re un lien&hellip;\n","protected":false},"author":2,"featured_media":101181,"comment_status":"","ping_status":"","sticky":false,"template":"","format":"standard","meta":{"footnotes":""},"categories":[1355],"tags":[2937,2932,2935,1696,2934,58,21687,2933,59,1011,27,2428,1361,873,2936,1698,626],"class_list":{"0":"post-101180","1":"post","2":"type-post","3":"status-publish","4":"format-standard","5":"has-post-thumbnail","7":"category-musique","8":"tag-artistes","9":"tag-cd","10":"tag-chansons","11":"tag-chanteur","12":"tag-chason","13":"tag-divertissement","14":"tag-dua-lipa","15":"tag-dvd","16":"tag-entertainment","17":"tag-fr","18":"tag-france","19":"tag-lyon","20":"tag-music","21":"tag-musique","22":"tag-musique-classique","23":"tag-musiques","24":"tag-paris"},"share_on_mastodon":{"url":"https:\/\/pubeurope.com\/@fr\/114510264161521207","error":""},"_links":{"self":[{"href":"https:\/\/www.europesays.com\/fr\/wp-json\/wp\/v2\/posts\/101180","targetHints":{"allow":["GET"]}}],"collection":[{"href":"https:\/\/www.europesays.com\/fr\/wp-json\/wp\/v2\/posts"}],"about":[{"href":"https:\/\/www.europesays.com\/fr\/wp-json\/wp\/v2\/types\/post"}],"author":[{"embeddable":true,"href":"https:\/\/www.europesays.com\/fr\/wp-json\/wp\/v2\/users\/2"}],"replies":[{"embeddable":true,"href":"https:\/\/www.europesays.com\/fr\/wp-json\/wp\/v2\/comments?post=101180"}],"version-history":[{"count":0,"href":"https:\/\/www.europesays.com\/fr\/wp-json\/wp\/v2\/posts\/101180\/revisions"}],"wp:featuredmedia":[{"embeddable":true,"href":"https:\/\/www.europesays.com\/fr\/wp-json\/wp\/v2\/media\/101181"}],"wp:attachment":[{"href":"https:\/\/www.europesays.com\/fr\/wp-json\/wp\/v2\/media?parent=101180"}],"wp:term":[{"taxonomy":"category","embeddable":true,"href":"https:\/\/www.europesays.com\/fr\/wp-json\/wp\/v2\/categories?post=101180"},{"taxonomy":"post_tag","embeddable":true,"href":"https:\/\/www.europesays.com\/fr\/wp-json\/wp\/v2\/tags?post=101180"}],"curies":[{"name":"wp","href":"https:\/\/api.w.org\/{rel}","templated":true}]}}