{"id":101182,"date":"2025-05-15T05:45:17","date_gmt":"2025-05-15T05:45:17","guid":{"rendered":"https:\/\/www.europesays.com\/fr\/101182\/"},"modified":"2025-05-15T05:45:17","modified_gmt":"2025-05-15T05:45:17","slug":"25-ans-plus-tard-andor-tisse-un-lien-cache-avec-la-menace-fantome","status":"publish","type":"post","link":"https:\/\/www.europesays.com\/fr\/101182\/","title":{"rendered":"25 ans plus tard, Andor tisse un lien cach\u00e9 avec La Menace fant\u00f4me"},"content":{"rendered":"<p>La production a r\u00e9v\u00e9l\u00e9 un petit secret de tournage concernant la saison 2 d\u2019Andor, qui concerne La Menace fant\u00f4me, film Star Wars sorti il y a un quart de si\u00e8cle. Un secret qui concerne aussi bien un lieu qu\u2019une sc\u00e8ne.<\/p>\n<p>La <a href=\"https:\/\/www.numerama.com\/pop-culture\/1181444-tout-savoir-sur-la-saison-2-dandor-la-serie-star-wars-disney.html\" target=\"_blank\" rel=\"noopener\">saison 2 d\u2019Andor<\/a> est maintenant enti\u00e8rement disponible en streaming sur Disney+. Les trois derniers \u00e9pisodes sont sortis ce 14 mai 2025 sur la plateforme am\u00e9ricaine et, comme <a href=\"https:\/\/www.numerama.com\/pop-culture\/1956113-la-saison-2-dandor-enterre-definitivement-toutes-les-series-star-wars-je-ne-veux-rien-savoir.html\" target=\"_blank\" rel=\"noopener\">on le disait dans notre critique de la s\u00e9rie<\/a>, le final est grandiose. Les retours du public qui affluent depuis quelques heures sont dithyrambiques.<\/p>\n<p>Trois \u00e9pisodes qui sont aussi l\u2019occasion pour Lucasfilm de r\u00e9v\u00e9ler <a href=\"https:\/\/www.starwars.com\/news\/andor-trivia-guide-week-4\" target=\"_blank\" rel=\"noreferrer noopener\">quelques secrets de tournage<\/a>, dont l\u2019un d\u2019entre eux est li\u00e9 \u00e0 La Menace fant\u00f4me, <a href=\"https:\/\/www.numerama.com\/pop-culture\/1736610-lepisode-1-de-star-wars-a-25-ans-quels-souvenirs-a-t-il-laisses.html\" target=\"_blank\" rel=\"noopener\">le tout premier film de la pr\u00e9logie Star Wars<\/a>, dont la sortie au cin\u00e9ma remonte \u00e0 bient\u00f4t vingt-six ans. Plus particuli\u00e8rement, ce secret est li\u00e9 \u00e0 l\u2019\u00e9pisode 10 d\u2019Andor, intitul\u00e9 Piti\u00e9, arr\u00eatez, piti\u00e9\u2026<\/p>\n<p><strong>La suite de l\u2019article contient des spoilers sur l\u2019\u00e9pisode 10 d\u2019Andor.<\/strong><\/p>\n<p><a href=\"https:\/\/www.numerama.com\/wp-content\/uploads\/2024\/11\/spoilers-7.jpg\" target=\"_blank\" rel=\"noopener\"><img decoding=\"async\" width=\"1024\" height=\"213\" loading=\"lazy\" alt=\"SPOILERS (7)\" title=\"SPOILERS (7)\" class=\"wp-image-1847396 placeholder-default wp-image\" src=\"https:\/\/www.europesays.com\/fr\/wp-content\/uploads\/2025\/05\/1747287912_243_spoilers-7-1024x213.jpg\" \/><\/a>Le message est pass\u00e9.<\/p>\n<p>            Ce contenu est bloqu\u00e9 car vous n\u2019avez pas accept\u00e9 les cookies et autres traceurs. Ce contenu est fourni par YouTube.<br \/>Pour pouvoir le visualiser, vous devez accepter l\u2019usage \u00e9tant op\u00e9r\u00e9 par YouTube avec vos donn\u00e9es qui pourront \u00eatre utilis\u00e9es pour les finalit\u00e9s suivantes : vous permettre de visualiser et de partager des contenus avec des m\u00e9dias sociaux, favoriser le d\u00e9veloppement et l\u2019am\u00e9lioration des produits d\u2019Humanoid et de ses partenaires, vous afficher des publicit\u00e9s personnalis\u00e9es par rapport \u00e0 votre profil et activit\u00e9, vous d\u00e9finir un profil publicitaire personnalis\u00e9, mesurer la performance des publicit\u00e9s et du contenu de ce site et mesurer l\u2019audience de ce site <a href=\"#\" class=\"js-privacy\" target=\"_blank\">(en savoir plus)<\/a>        <\/p>\n<p>            En cliquant sur \u00ab J\u2019accepte tout \u00bb, vous consentez aux finalit\u00e9s susmentionn\u00e9es pour l\u2019ensemble des cookies et autres traceurs d\u00e9pos\u00e9s par Humanoid et <a class=\"embed-consent-overlay-vendors-link\" href=\"#preferences-vendeurs\">ses partenaires<\/a>.        <\/p>\n<p>            Vous gardez la possibilit\u00e9 de retirer votre consentement \u00e0 tout moment. Pour plus d\u2019informations, nous vous invitons \u00e0 prendre connaissance de notre <a href=\"https:\/\/www.numerama.com\/politique-cookies\" target=\"_blank\" rel=\"noopener\">Politique cookies<\/a>.        <\/p>\n<p>        J\u2019accepte tout    <\/p>\n<p class=\"embed-consent-overlay-manage-choices\">        <a href=\"#preferences-publicitaires\">G\u00e9rer mes choix<\/a>    <\/p>\n<p>Luthen Rael et Kleya sont sur Naboo<\/p>\n<p>C\u2019est un moment fort de l\u2019\u00e9pisode : pour \u00e9viter que ses secrets ne tombent entre les mains de l\u2019Empire galactique, Luthen Rael (Stellan Skarsg\u00e5rd) a tent\u00e9 de mettre fin \u00e0 ses jours. H\u00e9las, le coup qu\u2019il s\u2019est port\u00e9 n\u2019a pas \u00e9t\u00e9 fatal : il est entre la vie et la mort et, bien s\u00fbr, les imp\u00e9riaux s\u2019efforcent de le sauver pour ensuite le torturer et tout savoir de l\u2019Alliance rebelle.<\/p>\n<p>La situation est donc gravissime et Kleya (Elizabeth Dulau), son assistante, d\u00e9cide de lancer une mission commando, en solo, au sein de l\u2019h\u00f4pital o\u00f9 son patron a \u00e9t\u00e9 emmen\u00e9. Non pas pour le tirer de l\u00e0 (sans doute est-il intransportable ou impossible \u00e0 exfiltrer), mais pour le tuer. Une d\u00e9cision terrible pour elle, mais qu\u2019elle ne peut esquiver au regard des enjeux consid\u00e9rables.<\/p>\n<p>    Pour aller plus loin<\/p>\n<p>                <img decoding=\"async\" width=\"87\" height=\"87\" loading=\"lazy\" alt=\"Source : Lucasfilm\" title=\"Source : Lucasfilm\" class=\"placeholder-default wp-image\" src=\"https:\/\/www.europesays.com\/fr\/wp-content\/uploads\/2025\/05\/andor-200x200.jpg\" \/>            <\/p>\n<p><a href=\"https:\/\/www.numerama.com\/wp-content\/uploads\/2025\/05\/naboo-andor.jpg\" target=\"_blank\" rel=\"noopener\"><img decoding=\"async\" width=\"1024\" height=\"428\" loading=\"lazy\" alt=\"Source : Lucasfilm\" title=\"Source : Lucasfilm\" class=\"wp-image-1970233 placeholder-default wp-image\" src=\"https:\/\/www.europesays.com\/fr\/wp-content\/uploads\/2025\/05\/naboo-andor-1024x428.jpg\" \/><\/a>Le flash-back. \/\/ Source : Lucasfilm<\/p>\n<p>C\u2019est \u00e0 ce moment-l\u00e0 que des souvenirs de sa jeunesse avec lui remontent \u00e0 la surface. En particulier, elle repense \u00e0 ce moment o\u00f9 elle et lui sont attabl\u00e9s pr\u00e8s d\u2019une \u00e9tendue d\u2019eau \u2014 sans doute est-ce un restaurant ou un caf\u00e9. Au loin, un pont traverse le lac et des b\u00e2timents pars\u00e8ment l\u2019arri\u00e8re-plan. Ind\u00e9niablement, un lieu chic et agr\u00e9able.<\/p>\n<p>Jamais le lieu n\u2019est clairement d\u00e9sign\u00e9. On distingue des soldats imp\u00e9riaux qui semblent encadrer un convoi franchissant le pont. Luthen et Kleya l\u2019ont remarqu\u00e9 et, au fil de la discussion, Luthen finit par d\u00e9clencher \u00e0 distance des explosions qui d\u00e9truisent des v\u00e9hicules. Des victimes, sans doute. Et tout se passe sur\u2026 Naboo, la plan\u00e8te de Padm\u00e9 Amidala.<\/p>\n<p>Une sc\u00e8ne coup\u00e9e avec Qui-Gon Jinn et Obi-Wan Kenobi<\/p>\n<p>Sans doute l\u2019aviez-vous devin\u00e9 en reconnaissant l\u2019architecture raffin\u00e9e des lieux, ces toits l\u00e9g\u00e8rement bomb\u00e9s et d\u2019un bleu turquoise, ces d\u00e9corations florales ou encore ces flancs de montagne bois\u00e9s : la sc\u00e8ne se d\u00e9roule bien sur le monde qui a vu na\u00eetre et grandir la s\u00e9natrice de Naboo, qui deviendra plus tard l\u2019\u00e9pouse d\u2019Anakin Skywalker.<\/p>\n<p>Or, cette sc\u00e8ne de Luthen Rael et Kleya a \u00e9t\u00e9 tourn\u00e9e au ch\u00e2teau d\u2019Hever, en Angleterre (<a href=\"https:\/\/www.google.com\/search?q=Hever+Castle+arches&amp;client=firefox-b-d&amp;sca_esv=1bbf12dcdfda0a2c&amp;udm=2&amp;biw=2560&amp;bih=1251&amp;ei=ZLAkaICzEJaZkdUPydHjuQg&amp;ved=0ahUKEwiA9ZeknaONAxWWTKQEHcnoOIcQ4dUDCBE&amp;uact=5&amp;oq=Hever+Castle+arches&amp;gs_lp=EgNpbWciE0hldmVyIENhc3RsZSBhcmNoZXNI8iRQSlivJHABeACQAQCYAUigAbEDqgEBN7gBA8gBAPgBAZgCB6ACkQPCAgoQABiABBhDGIoFwgIFEAAYgATCAgYQABgHGB7CAgQQABgewgIGEAAYChgewgIHEAAYgAQYE8ICBhAAGBMYHpgDAIgGAZIHATegB4gWsgcBNrgHigPCBwUwLjMuNMgHFQ&amp;sclient=img#vhid=nWTBg0fHoX67XM&amp;vssid=mosaic\" target=\"_blank\" rel=\"noreferrer noopener\">les colonnades en arri\u00e8re-plan concordent<\/a>)\u2026 un lieu qui a d\u00e9j\u00e0 servi \u00e0 George Lucas en 1997 pour filmer une autre sc\u00e8ne pour La Menace fant\u00f4me, mais qui n\u2019a finalement pas \u00e9t\u00e9 gard\u00e9e dans le montage final. Lieu que le cin\u00e9aste associait d\u00e9j\u00e0 \u00e0 Naboo.<\/p>\n<p><a href=\"https:\/\/www.numerama.com\/wp-content\/uploads\/2025\/05\/naboo-la-menace-fantome.jpg\" target=\"_blank\" rel=\"noopener\"><img decoding=\"async\" width=\"1024\" height=\"433\" loading=\"lazy\" alt=\"Source : Lucasfilm\" title=\"Source : Lucasfilm\" class=\"wp-image-1970235 placeholder-default wp-image\" src=\"https:\/\/www.europesays.com\/fr\/wp-content\/uploads\/2025\/05\/naboo-la-menace-fantome-1024x433.jpg\" \/><\/a>Naboo dans La menace fant\u00f4me. \/\/ Source : Lucasfilm<\/p>\n<p>\u00c0 l\u2019\u00e9poque, George Lucas imaginait une s\u00e9quence impliquant Qui-Gon Jinn (Liam Neeson) et Obi-Wan Kenobi (Ewan McGregor), avec leur nouveau compagnon gungan Jar Jar Binks (Ahmed Best), entrer dans l\u2019enceinte du palais royal de <a href=\"https:\/\/starwars.fandom.com\/wiki\/Theed\" target=\"_blank\" rel=\"noreferrer noopener\">Theed<\/a> \u2014 lieu de r\u00e9sidence de Padm\u00e9 (Natalie Portman)\u2013 avoir une p\u00e9rip\u00e9tie impliquant une cascade d\u2019eau.<\/p>\n<p>Finalement, un quart de si\u00e8cle plus tard, la production d\u2019<a href=\"https:\/\/www.numerama.com\/series-tv\/andor\/\" target=\"_blank\" rel=\"noopener\">Andor<\/a> a pu d\u2019une certaine fa\u00e7on re-solliciter les d\u00e9cors du ch\u00e2teau d\u2019Hever, situ\u00e9 dans le comt\u00e9 du Kent, dans le sud-est de l\u2019Angleterre, \u00e0 travers ce flash-back sur Naboo\u2026 et ainsi les immortaliser dans Star Wars. Quant au reste du d\u00e9cor, incluant les \u00e9tendues d\u2019eau, c\u2019est un autre stratag\u00e8me qui a \u00e9t\u00e9 utilis\u00e9.<\/p>\n<p>ILM, l\u2019entreprise de Lucasfilm sp\u00e9cialis\u00e9e dans les effets sp\u00e9ciaux, a utilis\u00e9 d\u2019anciennes prises de vue du lac de C\u00f4me, en Italie, captur\u00e9es \u00e0 l\u2019occasion du tournage de L\u2019Attaque des clones, le deuxi\u00e8me film de la pr\u00e9logie, en ao\u00fbt 2001. Un paysage idyllique, qui a servi d\u2019\u00e9crin lors du rapprochement entre Anakin et Padm\u00e9, et recycl\u00e9 pour une sc\u00e8ne bien plus explosive.<\/p>\n<p>                        <a href=\"https:\/\/www.numerama.com\/series-tv\/andor\/\" class=\"is-block\" target=\"_blank\" rel=\"noopener\"><br \/>\n                            <img decoding=\"async\" width=\"350\" height=\"210\" loading=\"lazy\" alt=\"Source : Lucasfilm\" title=\"Source : Lucasfilm\" class=\"is-block is-radiused placeholder-default wp-image\" src=\"https:\/\/www.europesays.com\/fr\/wp-content\/uploads\/2025\/05\/1747287914_734_cassian-andor-680x383.jpeg\" \/>                        <\/a><\/p>\n<p>        <img decoding=\"async\" width=\"168\" height=\"168\" loading=\"lazy\" alt=\"Source : Montage Numerama\" title=\"Source : Montage Numerama\" class=\"placeholder-default wp-image\" src=\"https:\/\/www.europesays.com\/fr\/wp-content\/uploads\/2025\/05\/1747287914_373_comparatif-svod-200x200.jpg\" \/>    <\/p>\n<p>        Quel est le service de SVOD fait pour vous ?<br \/>\n        Quelle plateforme de streaming choisir en 2025\u00a0? Comparatif entre Netflix, Prime Video, Max, Apple TV+\u2026<br \/>\n        <a href=\"https:\/\/www.numerama.com\/pop-culture\/541742-netflix-amazon-canal-ocs-apple-tv-le-grand-comparatif-2019-des-offres-de-svod-en-france.html\" class=\"btn is-family-secondary is-text-weight-bold has-text-left mt-2\" target=\"_blank\" rel=\"noopener\">D\u00e9couvrez notre comparateur<\/a><\/p>\n<p>            <img decoding=\"async\" src=\"https:\/\/www.europesays.com\/fr\/wp-content\/uploads\/2025\/04\/iPhone-16-pro.png\" alt=\"Toute l'actu tech en un clien d'oeil\"\/><\/p>\n<p class=\"card-install-pwa__title\">Toute l&rsquo;actu tech en un clin d&rsquo;\u0153il<\/p>\n<p class=\"card-install-pwa__description\">Ajoutez Numerama \u00e0 votre \u00e9cran d&rsquo;accueil et restez connect\u00e9s au futur !<\/p>\n<p>            <img decoding=\"async\" src=\"https:\/\/www.europesays.com\/fr\/wp-content\/uploads\/2025\/04\/logo-card-pwa-coupe.svg.svg+xml\" alt=\"Logo PWA\"\/><\/p>\n<p>       Installer Numerama<\/p>\n<p class=\"title\">\n            Retrouvez l&rsquo;essentiel sur             <a href=\"https:\/\/www.numerama.com\/series-tv\/andor\/\" target=\"_blank\" rel=\"noopener\"><br \/>\n                Andor            <\/a>\n        <\/p>\n","protected":false},"excerpt":{"rendered":"La production a r\u00e9v\u00e9l\u00e9 un petit secret de tournage concernant la saison 2 d\u2019Andor, qui concerne La Menace&hellip;\n","protected":false},"author":2,"featured_media":101183,"comment_status":"","ping_status":"","sticky":false,"template":"","format":"standard","meta":{"footnotes":""},"categories":[1354],"tags":[10559,58,59,1346,1011,27,1530,1360,1480],"class_list":{"0":"post-101182","1":"post","2":"type-post","3":"status-publish","4":"format-standard","5":"has-post-thumbnail","7":"category-films","8":"tag-andor","9":"tag-divertissement","10":"tag-entertainment","11":"tag-films","12":"tag-fr","13":"tag-france","14":"tag-lucasfilm","15":"tag-movies","16":"tag-star-wars"},"share_on_mastodon":{"url":"https:\/\/pubeurope.com\/@fr\/114510268014148810","error":""},"_links":{"self":[{"href":"https:\/\/www.europesays.com\/fr\/wp-json\/wp\/v2\/posts\/101182","targetHints":{"allow":["GET"]}}],"collection":[{"href":"https:\/\/www.europesays.com\/fr\/wp-json\/wp\/v2\/posts"}],"about":[{"href":"https:\/\/www.europesays.com\/fr\/wp-json\/wp\/v2\/types\/post"}],"author":[{"embeddable":true,"href":"https:\/\/www.europesays.com\/fr\/wp-json\/wp\/v2\/users\/2"}],"replies":[{"embeddable":true,"href":"https:\/\/www.europesays.com\/fr\/wp-json\/wp\/v2\/comments?post=101182"}],"version-history":[{"count":0,"href":"https:\/\/www.europesays.com\/fr\/wp-json\/wp\/v2\/posts\/101182\/revisions"}],"wp:featuredmedia":[{"embeddable":true,"href":"https:\/\/www.europesays.com\/fr\/wp-json\/wp\/v2\/media\/101183"}],"wp:attachment":[{"href":"https:\/\/www.europesays.com\/fr\/wp-json\/wp\/v2\/media?parent=101182"}],"wp:term":[{"taxonomy":"category","embeddable":true,"href":"https:\/\/www.europesays.com\/fr\/wp-json\/wp\/v2\/categories?post=101182"},{"taxonomy":"post_tag","embeddable":true,"href":"https:\/\/www.europesays.com\/fr\/wp-json\/wp\/v2\/tags?post=101182"}],"curies":[{"name":"wp","href":"https:\/\/api.w.org\/{rel}","templated":true}]}}